{"id":66333,"date":"2024-11-26T19:20:52","date_gmt":"2024-11-26T19:20:52","guid":{"rendered":"https:\/\/tvbrazilusa.com\/2024\/11\/26\/o-senador-estadual-randy-fine-busca-substituir-o-deputado-americano-mike-waltz-jacksonville-hoje\/"},"modified":"2024-11-26T19:31:05","modified_gmt":"2024-11-26T19:31:05","slug":"o-senador-estadual-randy-fine-busca-substituir-o-deputado-americano-mike-waltz-jacksonville-hoje","status":"publish","type":"post","link":"https:\/\/tvbrazilusa.com\/pt\/2024\/11\/26\/o-senador-estadual-randy-fine-busca-substituir-o-deputado-americano-mike-waltz-jacksonville-hoje\/","title":{"rendered":"O senador estadual Randy Fine busca substituir o deputado americano Mike Waltz | Jacksonville hoje"},"content":{"rendered":"<p> <script async src=\"https:\/\/pagead2.googlesyndication.com\/pagead\/js\/adsbygoogle.js?client=ca-pub-8864793242727901\"\r\n     crossorigin=\"anonymous\"><\/script><br \/>\n<\/p>\n<div>\n<p>Com o apoio do presidente eleito Donald Trump, o senador estadual Randy Fine disse na ter\u00e7a-feira que concorrer\u00e1 a uma cadeira no Congresso que foi desocupada pelo deputado norte-americano Mike Waltz.<\/p>\n<p>O an\u00fancio de Fine na ter\u00e7a-feira ocorreu semanas depois que o legislador do condado de Brevard foi eleito para o Senado da Fl\u00f3rida. Fine disse que deixar\u00e1 o Senado em mar\u00e7o, na metade da sess\u00e3o legislativa de 2025.<\/p>\n<p>\u201cAcredito que quando o presidente Trump foi salvo em Butler, ele foi salvo para que pudesse salvar o mundo\u201d, disse Fine durante uma apari\u00e7\u00e3o na manh\u00e3 de ter\u00e7a-feira na Fox News, referindo-se a uma tentativa de assassinato do ent\u00e3o candidato presidencial em julho. \u201cE quando ele disse que achava que eu poderia ajud\u00e1-lo, eu sabia que n\u00e3o tinha escolha.\u201d<\/p>\n<p>Waltz apresentou esta semana sua ren\u00fancia do Distrito Congressional 6 ap\u00f3s ser nomeado por Trump <a href=\"https:\/\/www.npr.org\/2024\/11\/11\/nx-s1-5187098\/trump-national-security-adviser-mike-waltz\" rel=\"nofollow noopener\" target=\"_blank\">como conselheiro de seguran\u00e7a nacional<\/a>. O distrito de tend\u00eancia republicana \u00e9 composto pela totalidade ou parte dos condados de Flagler, Lake, Marion, Putnam, St.<\/p>\n<p>Fine, cujo \u00faltimo relat\u00f3rio de divulga\u00e7\u00e3o financeira mostrou um patrim\u00f4nio l\u00edquido de US$ 30,3 milh\u00f5es, foi um dos primeiros apoiadores de Trump nas prim\u00e1rias presidenciais do Partido Republicano e sinalizou descaradamente sua lealdade a Trump nas redes sociais.<\/p>\n<p>Trump \u201cprecisa de combatentes que tornem a Am\u00e9rica rica novamente, tornem a Am\u00e9rica segura novamente, e algu\u00e9m que defenda Israel. \u00c9 por isso que hoje anuncio minha candidatura\u201d, postou Fine no X ap\u00f3s anunciar sua candidatura na ter\u00e7a-feira.<\/p>\n<p>\u00danico legislador republicano judeu na Fl\u00f3rida, Fine muitas vezes adotou uma abordagem abertamente combativa em rela\u00e7\u00e3o aos oponentes pol\u00edticos, uma imagem que ele tem <a href=\"https:\/\/jaxtoday.org\/2024\/01\/18\/house-moves-toward-ban-on-pride-flags-at-public-buildings\/\">abra\u00e7ado publicamente<\/a>. \u201cSem medo de dizer o que precisa ser dito\u201d, ostenta o perfil X de Fine.<\/p>\n<p>Ex-executivo de cassino, Fine foi eleito pela primeira vez para a C\u00e2mara da Fl\u00f3rida em 2016 e serviu at\u00e9 ser transferido para o Senado este ano.<\/p>\n<p>A carta de demiss\u00e3o de Fine na ter\u00e7a-feira ao governador Ron DeSantis e ao presidente do Senado Ben Albritton, R-Wauchula, disse que o \u00faltimo dia do senador no Legislativo seria 31 de mar\u00e7o, permitindo-lhe servir quase metade da sess\u00e3o legislativa regular de 60 dias que come\u00e7a em 4 de mar\u00e7o. .<\/p>\n<p>Fine substituiu a deputada estadual Debbie Mayfield, R-Melbourne, uma ex-deputada estadual que deixou o Senado devido ao limite de mandato e foi reeleita para a C\u00e2mara da Fl\u00f3rida em 5 de novembro.<\/p>\n<p>O senador republicano de Sarasota, Joe Gruters, que tem o apoio de Trump para concorrer ao cargo de diretor financeiro em 2026, postou no X que Mayfield \u201cseria \u00f3timo de volta ao Senado\u201d.<\/p>\n<p>Mayfield agradeceu a Gruters pelo apoio, mas n\u00e3o respondeu imediatamente a um pedido de coment\u00e1rio.<\/p>\n<p>A ren\u00fancia de Waltz entrar\u00e1 em vigor em 20 de janeiro, dia da posse de Trump.<\/p>\n<p>Uma elei\u00e7\u00e3o prim\u00e1ria especial para a cadeira de Waltz ocorrer\u00e1 em 28 de janeiro, e uma elei\u00e7\u00e3o geral especial est\u00e1 marcada para 1\u00ba de abril. As mesmas datas de elei\u00e7\u00e3o especial est\u00e3o marcadas para uma cadeira no Congresso do Noroeste da Fl\u00f3rida desocupada pelo ex-deputado americano Matt Gaetz.<\/p>\n<p>Al\u00e9m de Fine, outras pessoas que manifestaram interesse em substituir Waltz incluem o ex-membro do Conselho Escolar do Condado de Marion, Don Browning, o veterano da For\u00e7a A\u00e9rea Steve Rance, o ex-comiss\u00e1rio do condado de Flagler Joe Mullins e Ernest Audino, diretor distrital de Waltz.<\/p>\n<p><a href=\"https:\/\/jaxtoday.org\/2024\/02\/07\/rory-diamond-back-on-duty-at-city-council\/\">Vereador da cidade de Jacksonville, Rory Diamond<\/a> e o comiss\u00e1rio do condado de Lake, Anthony Sabatini, ex-deputado estadual, tamb\u00e9m disseram estar interessados \u200b\u200bna corrida.<\/p>\n<p>O per\u00edodo de qualifica\u00e7\u00e3o para os candidatos apresentarem a documenta\u00e7\u00e3o para a corrida come\u00e7a \u00e0s 8h do dia 6 de dezembro e vai at\u00e9 o meio-dia do dia 7 de dezembro.<\/p>\n<p>Fine, que atualmente n\u00e3o mora no distrito eleitoral, disse durante apari\u00e7\u00e3o na Fox News na ter\u00e7a-feira que seu curr\u00edculo no Legislativo deveria diferenci\u00e1-lo da \u00e1rea.<\/p>\n<p>\u201cTenho um hist\u00f3rico de oito anos na Fl\u00f3rida lutando nas quest\u00f5es que mais importam\u201d, disse Fine. \u201cSeja realizando a maior expans\u00e3o de op\u00e7\u00f5es escolares na hist\u00f3ria do estado, ou proibindo cirurgias de mutila\u00e7\u00e3o de transg\u00eaneros para crian\u00e7as quando a ponta da lan\u00e7a precisava de um guerreiro, foi o que eu fiz.\u201d<\/p>\n<p>Fine tamb\u00e9m disse que os republicanos n\u00e3o t\u00eam uma grande janela para \u201cliteralmente salvar este pa\u00eds\u201d.<\/p>\n<p>\u201cAs provas intermedi\u00e1rias acontecer\u00e3o antes que voc\u00ea perceba\u201d, disse Fine. \u201cPortanto, temos que provar ao povo americano que esse mandato valeu a pena. Precisamos remar o barco na mesma dire\u00e7\u00e3o e vou remar o m\u00e1ximo que puder para que isso aconte\u00e7a.\u201d<\/p>\n<p>Fine apoiou Trump em vez do governador Ron DeSantis nas prim\u00e1rias presidenciais republicanas, e Trump retribuiu em fevereiro, endossando a candidatura de Fine ao Senado estadual.<\/p>\n<p>\u201cSe (Fine) decidir entrar nesta corrida, Randy Fine tem meu total e total apoio. Corra, Randy, corra! Trump postou no Truth social no fim de semana.<\/p>\n<p>Fine, um dos debatedores mais ferozes do Legislativo, respondeu ao endosso do presidente eleito nas redes sociais.<\/p>\n<p>\u201c\u00c9 evidente que mam\u00e3e n\u00e3o perdeu tempo depois de subir\u201d, postou Fine, cuja m\u00e3e morreu recentemente, no X. \u201cSr. Presidente, D&#8217;us salvou voc\u00ea naquele dia em Butler para que voc\u00ea pudesse salvar o mundo. Seria a honra da minha vida ser um de seus soldados. Sua confian\u00e7a \u00e9 avassaladora e terei novidades para compartilhar em breve!\u201d<\/p>\n<\/div>\n<p><br \/>\n<br \/><a href=\"https:\/\/jaxtoday.org\/2024\/11\/26\/randy-fine-congress\/\">Source link <\/a><\/p>","protected":false},"excerpt":{"rendered":"<p>Com o apoio do presidente eleito Donald Trump, o senador estadual Randy Fine disse na ter\u00e7a-feira que concorrer\u00e1 a uma cadeira no Congresso que foi desocupada pelo deputado norte-americano Mike&hellip;<\/p>","protected":false},"author":1,"featured_media":66334,"comment_status":"closed","ping_status":"open","sticky":false,"template":"","format":"standard","meta":{"content-type":"","footnotes":""},"categories":[1],"tags":[],"class_list":["post-66333","post","type-post","status-publish","format-standard","has-post-thumbnail","hentry","category-uncategorized"],"_links":{"self":[{"href":"https:\/\/tvbrazilusa.com\/pt\/wp-json\/wp\/v2\/posts\/66333","targetHints":{"allow":["GET"]}}],"collection":[{"href":"https:\/\/tvbrazilusa.com\/pt\/wp-json\/wp\/v2\/posts"}],"about":[{"href":"https:\/\/tvbrazilusa.com\/pt\/wp-json\/wp\/v2\/types\/post"}],"author":[{"embeddable":true,"href":"https:\/\/tvbrazilusa.com\/pt\/wp-json\/wp\/v2\/users\/1"}],"replies":[{"embeddable":true,"href":"https:\/\/tvbrazilusa.com\/pt\/wp-json\/wp\/v2\/comments?post=66333"}],"version-history":[{"count":1,"href":"https:\/\/tvbrazilusa.com\/pt\/wp-json\/wp\/v2\/posts\/66333\/revisions"}],"predecessor-version":[{"id":66335,"href":"https:\/\/tvbrazilusa.com\/pt\/wp-json\/wp\/v2\/posts\/66333\/revisions\/66335"}],"wp:featuredmedia":[{"embeddable":true,"href":"https:\/\/tvbrazilusa.com\/pt\/wp-json\/wp\/v2\/media\/66334"}],"wp:attachment":[{"href":"https:\/\/tvbrazilusa.com\/pt\/wp-json\/wp\/v2\/media?parent=66333"}],"wp:term":[{"taxonomy":"category","embeddable":true,"href":"https:\/\/tvbrazilusa.com\/pt\/wp-json\/wp\/v2\/categories?post=66333"},{"taxonomy":"post_tag","embeddable":true,"href":"https:\/\/tvbrazilusa.com\/pt\/wp-json\/wp\/v2\/tags?post=66333"}],"curies":[{"name":"wp","href":"https:\/\/api.w.org\/{rel}","templated":true}]}}