{"id":66384,"date":"2024-11-26T20:50:38","date_gmt":"2024-11-26T20:50:38","guid":{"rendered":"https:\/\/tvbrazilusa.com\/2024\/11\/26\/rede-de-furtos-em-lojas-roubou-us-2-milhoes-em-cosmeticos-e-roupas-e-depois-os-revendeu-no-exterior-dizem-os-promotores-wsvn-7news-noticias-de-miami-clima-esportes-fort-lauderdale\/"},"modified":"2024-11-26T20:50:52","modified_gmt":"2024-11-26T20:50:52","slug":"rede-de-furtos-em-lojas-roubou-us-2-milhoes-em-cosmeticos-e-roupas-e-depois-os-revendeu-no-exterior-dizem-os-promotores-wsvn-7news-noticias-de-miami-clima-esportes-fort-lauderdale","status":"publish","type":"post","link":"https:\/\/tvbrazilusa.com\/pt\/2024\/11\/26\/rede-de-furtos-em-lojas-roubou-us-2-milhoes-em-cosmeticos-e-roupas-e-depois-os-revendeu-no-exterior-dizem-os-promotores-wsvn-7news-noticias-de-miami-clima-esportes-fort-lauderdale\/","title":{"rendered":"Rede de furtos em lojas roubou US$ 2 milh\u00f5es em cosm\u00e9ticos e roupas e depois os revendeu no exterior, dizem os promotores &#8211; WSVN 7News | Not\u00edcias de Miami, clima, esportes | Fort Lauderdale"},"content":{"rendered":"<p> <script async src=\"https:\/\/pagead2.googlesyndication.com\/pagead\/js\/adsbygoogle.js?client=ca-pub-8864793242727901\"\r\n     crossorigin=\"anonymous\"><\/script><br \/>\n<\/p>\n<div itemprop=\"articleBody\">\n<p>NOVA IORQUE (AP) \u2013 Uma quadrilha de furtos que roubou quase US$ 2 milh\u00f5es em roupas e produtos de beleza da Macy&#8217;s e de outras lojas conhecidas nos EUA e depois os revendeu na cidade de Nova York e na Rep\u00fablica Dominicana foi detida, anunciaram autoridades policiais Ter\u00e7a-feira.<\/p>\n<p>Cinco nova-iorquinos foram acusados \u200b\u200bde posse criminosa de propriedade roubada, conspira\u00e7\u00e3o e outros crimes relacionados, disse a promotora distrital do Queens, Melinda Katz.<\/p>\n<p>A apreens\u00e3o serviu como um lembrete aos compradores, \u00e0 medida que a temporada de compras natalinas come\u00e7a para valer com a Black Friday esta semana, para garantir que eles estejam apoiando estabelecimentos leg\u00edtimos, disse ela.<\/p>\n<p>\u201cQuando um acordo parece bom demais para ser verdade, garanto que \u00e9 bom demais para ser verdade\u201d, disse Katz.<\/p>\n<p>A n\u00edvel nacional, as empresas perdem cerca de 100 mil milh\u00f5es de d\u00f3lares e a fam\u00edlia m\u00e9dia paga mais 500 d\u00f3lares por ano devido ao impacto do roubo organizado no retalho, de acordo com a governadora de Nova Iorque, Kathy Hochul, que se juntou ao procurador distrital e a outros respons\u00e1veis \u200b\u200bpela aplica\u00e7\u00e3o da lei no Queens.<\/p>\n<p>A democrata disse que as pris\u00f5es tamb\u00e9m marcaram a primeira vez que algu\u00e9m foi acusado sob um novo estatuto criminal de promover a venda de bens roubados que ela recentemente sancionou para ajudar a reprimir o roubo no varejo.<\/p>\n<figure class=\"wp-block-gallery has-nested-images columns-default is-cropped wp-block-gallery-1 is-layout-flex wp-block-gallery-is-layout-flex\">\n<figure class=\"wp-block-image size-full\"><\/figure>\n<figure class=\"wp-block-image size-full\"><img fetchpriority=\"high\" decoding=\"async\" width=\"300\" height=\"225\" data-id=\"1511362\" src=\"https:\/\/wsvn.com\/wp-content\/uploads\/sites\/2\/2024\/11\/fencingbarrel-300x225-1.jpg?quality=60&#038;strip=color\" alt=\"\" class=\"wp-image-1511362\"\/><\/figure>\n<\/figure>\n<figure class=\"wp-block-gallery has-nested-images columns-default is-cropped wp-block-gallery-2 is-layout-flex wp-block-gallery-is-layout-flex\">\n<figure class=\"wp-block-image size-full\"><img loading=\"lazy\" decoding=\"async\" width=\"300\" height=\"225\" data-id=\"1511364\" src=\"https:\/\/wsvn.com\/wp-content\/uploads\/sites\/2\/2024\/11\/FencingHouse2-300x225-1.jpeg?quality=60&#038;strip=color\" alt=\"\" class=\"wp-image-1511364\"\/><\/figure>\n<figure class=\"wp-block-image size-full\"><img loading=\"lazy\" decoding=\"async\" width=\"300\" height=\"225\" data-id=\"1511365\" src=\"https:\/\/wsvn.com\/wp-content\/uploads\/sites\/2\/2024\/11\/fencinghouse1-300x225-2.jpg?quality=60&#038;strip=color\" alt=\"\" class=\"wp-image-1511365\"\/><\/figure>\n<\/figure>\n<p>\u201cIsso \u00e9 muito simples. J\u00e1 estamos fartos de criminosos que atacam os nossos cidad\u00e3os\u201d, disse Hochul. \u201cEstamos fartos de que os nossos cidad\u00e3os se sintam vulner\u00e1veis \u200b\u200ba crimes aleat\u00f3rios nas ruas ou a estes sofisticados c\u00edrculos de crime organizado. E n\u00f3s estamos indo atr\u00e1s de voc\u00ea.<\/p>\n<p>Katz, o promotor distrital, disse que o grupo roubou maquiagem de alta qualidade, perfumes, produtos de beleza, roupas de grife e acess\u00f3rios de lojas que v\u00e3o da Macy&#8217;s \u00e0 Victoria&#8217;s Secret, American Eagle, Sephora e Ulta Beauty durante um per\u00edodo de aproximadamente dois anos.<\/p>\n<p>Os l\u00edderes do grupo, o casal Cristopher Guzman e Yvelisse Guzman Batista, ordenaram que equipes de furtos roubassem mercadorias espec\u00edficas quando atacassem v\u00e1rias lojas em Nova York, Nova Jersey, Maryland e em outros lugares ao longo da Costa Leste, disse ela.<\/p>\n<p>Eles tamb\u00e9m pagaram motoristas de caminh\u00e3o para desviar produtos destinados aos varejistas dos armaz\u00e9ns dos fabricantes diretamente para locais sob seu controle.<\/p>\n<p>O grupo, operando em uma casa no Queens, revendeu a mercadoria on-line e tamb\u00e9m em uma boutique f\u00edsica chamada Yvelisse Fashion, em Santiago, uma cidade na Rep\u00fablica Dominicana.<\/p>\n<p>Vince Scala, advogado do casal e dois dos outros r\u00e9us, disse que seus clientes se declararam inocentes na acusa\u00e7\u00e3o de s\u00e1bado. Eles foram libertados enquanto se aguarda a pr\u00f3xima data do julgamento em janeiro.<\/p>\n<p>\u201cAs acusa\u00e7\u00f5es t\u00eam apenas alguns dias e n\u00e3o vi uma \u00fanica prova, descoberta ou relat\u00f3rio policial\u201d, disse ele. \u201cEstou ansioso para analisar o caso no momento apropriado.\u201d<\/p>\n<p>O an\u00fancio de ter\u00e7a-feira faz parte de um esfor\u00e7o mais amplo de Hochul para conter as cr\u00edticas republicanas de que os democratas em Nova York s\u00e3o brandos nas quest\u00f5es de seguran\u00e7a p\u00fablica, uma quest\u00e3o que prejudicou seu partido nas elei\u00e7\u00f5es de meio de mandato de 2022 e tem permanecido um ponto de discuss\u00e3o consistente para o Partido Republicano.<\/p>\n<p>No in\u00edcio deste ano, Hochul aprovou uma s\u00e9rie de pol\u00edticas destinadas a reprimir o roubo no retalho, incluindo o aumento das penas criminais para a agress\u00e3o aos trabalhadores do retalho, novos fundos para equipas de aplica\u00e7\u00e3o da lei dedicadas ao roubo no retalho e cr\u00e9ditos fiscais para as empresas instalarem c\u00e2maras de seguran\u00e7a.<\/p>\n<p>Ela tamb\u00e9m aprovou pol\u00edticas que permitem aos promotores combinar o valor dos bens roubados ao apresentar acusa\u00e7\u00f5es de furto e tornou mais f\u00e1cil acusar criminalmente vendedores terceirizados de bens roubados.<\/p>\n<p>O roubo no varejo tamb\u00e9m tem sido uma preocupa\u00e7\u00e3o em outros lugares.<\/p>\n<p>V\u00eddeos de equipes descaradas de furtos atacando lojas foram amplamente compartilhados nas redes sociais, alimentando a frustra\u00e7\u00e3o generalizada de que o crime no varejo \u00e9 desenfreado e impune.<\/p>\n<p>No in\u00edcio deste m\u00eas, os eleitores da Calif\u00f3rnia aprovaram por esmagadora maioria uma medida eleitoral dura contra o crime que torna o furto em lojas novamente um crime para infratores reincidentes.<\/p>\n<p>A medida reverteu parcialmente uma lei progressista aprovada pelos eleitores h\u00e1 uma d\u00e9cada, que classificava v\u00e1rios crimes n\u00e3o violentos como contraven\u00e7\u00f5es, incluindo roubos com valor inferior a 950 d\u00f3lares.<\/p>\n<p><em>Direitos autorais 2024 da Associated Press. Todos os direitos reservados. Este material n\u00e3o pode ser publicado, transmitido, reescrito ou redistribu\u00eddo.<\/em><\/p>\n<div class=\"wp-block-newsletter\">\n\t<strong class=\"wp-block-newsletter__title\">Cadastre-se em nosso boletim informativo para receber as \u00faltimas not\u00edcias diretamente na sua caixa de entrada<\/strong><\/p>\n<\/div><\/div>\n<p><br \/>\n<br \/><a href=\"https:\/\/wsvn.com\/news\/us-world\/shoplifting-ring-stole-2m-in-cosmetics-and-clothes-then-resold-them-abroad-prosecutors-say\/\">Source link <\/a><\/p>","protected":false},"excerpt":{"rendered":"<p>NOVA IORQUE (AP) \u2013 Uma quadrilha de furtos que roubou quase US$ 2 milh\u00f5es em roupas e produtos de beleza da Macy&#8217;s e de outras lojas conhecidas nos EUA e&hellip;<\/p>","protected":false},"author":1,"featured_media":66385,"comment_status":"closed","ping_status":"open","sticky":false,"template":"","format":"standard","meta":{"content-type":"","footnotes":""},"categories":[1],"tags":[],"class_list":["post-66384","post","type-post","status-publish","format-standard","has-post-thumbnail","hentry","category-uncategorized"],"_links":{"self":[{"href":"https:\/\/tvbrazilusa.com\/pt\/wp-json\/wp\/v2\/posts\/66384","targetHints":{"allow":["GET"]}}],"collection":[{"href":"https:\/\/tvbrazilusa.com\/pt\/wp-json\/wp\/v2\/posts"}],"about":[{"href":"https:\/\/tvbrazilusa.com\/pt\/wp-json\/wp\/v2\/types\/post"}],"author":[{"embeddable":true,"href":"https:\/\/tvbrazilusa.com\/pt\/wp-json\/wp\/v2\/users\/1"}],"replies":[{"embeddable":true,"href":"https:\/\/tvbrazilusa.com\/pt\/wp-json\/wp\/v2\/comments?post=66384"}],"version-history":[{"count":1,"href":"https:\/\/tvbrazilusa.com\/pt\/wp-json\/wp\/v2\/posts\/66384\/revisions"}],"predecessor-version":[{"id":66386,"href":"https:\/\/tvbrazilusa.com\/pt\/wp-json\/wp\/v2\/posts\/66384\/revisions\/66386"}],"wp:featuredmedia":[{"embeddable":true,"href":"https:\/\/tvbrazilusa.com\/pt\/wp-json\/wp\/v2\/media\/66385"}],"wp:attachment":[{"href":"https:\/\/tvbrazilusa.com\/pt\/wp-json\/wp\/v2\/media?parent=66384"}],"wp:term":[{"taxonomy":"category","embeddable":true,"href":"https:\/\/tvbrazilusa.com\/pt\/wp-json\/wp\/v2\/categories?post=66384"},{"taxonomy":"post_tag","embeddable":true,"href":"https:\/\/tvbrazilusa.com\/pt\/wp-json\/wp\/v2\/tags?post=66384"}],"curies":[{"name":"wp","href":"https:\/\/api.w.org\/{rel}","templated":true}]}}