{"id":66389,"date":"2024-11-26T20:49:03","date_gmt":"2024-11-26T20:49:03","guid":{"rendered":"https:\/\/tvbrazilusa.com\/2024\/11\/26\/centro-de-saude-recebe-us-1-milhao-para-ajudar-pessoas-encarceradas-em-nj-a-se-prepararem-para-a-reentrada\/"},"modified":"2024-11-26T20:57:46","modified_gmt":"2024-11-26T20:57:46","slug":"centro-de-saude-recebe-us-1-milhao-para-ajudar-pessoas-encarceradas-em-nj-a-se-prepararem-para-a-reentrada","status":"publish","type":"post","link":"https:\/\/tvbrazilusa.com\/pt\/2024\/11\/26\/centro-de-saude-recebe-us-1-milhao-para-ajudar-pessoas-encarceradas-em-nj-a-se-prepararem-para-a-reentrada\/","title":{"rendered":"Centro de sa\u00fade recebe US$ 1 milh\u00e3o para ajudar pessoas encarceradas em NJ a se prepararem para a reentrada"},"content":{"rendered":"<script async src=\"https:\/\/pagead2.googlesyndication.com\/pagead\/js\/adsbygoogle.js?client=ca-pub-8864793242727901\"\r\n     crossorigin=\"anonymous\"><\/script>\n<div>\n<p class=\"article__paragraph article__paragraph--left\" id=\"ROKZTOIXSZBOHHIREK66NHXDHI\">Uma cl\u00ednica de sa\u00fade sem fins lucrativos em South Jersey recebeu um subs\u00eddio federal de US$ 1 milh\u00e3o para fornecer servi\u00e7os m\u00e9dicos \u2013 inclusive para doen\u00e7as cr\u00f4nicas, sa\u00fade mental e transtornos por uso de subst\u00e2ncias \u2013 a pessoas encarceradas que se preparam para voltar para casa.<\/p>\n<p class=\"article__paragraph article__paragraph--left\" id=\"5KQI6WS4ERH2BIHUUDMVXOVTVI\">O financiamento para <a href=\"https:\/\/www.camcare.net\/\" target=\"_blank\">Corpora\u00e7\u00e3o de Sa\u00fade CAMcare<\/a>que tem sete locais nos condados de Camden e Gloucester, foi anunciado na segunda-feira pelo<a href=\"https:\/\/www.hrsa.gov\/\" target=\"_blank\"> Administra\u00e7\u00e3o de recursos e servi\u00e7os de sa\u00fade<\/a>uma ag\u00eancia do Departamento de Sa\u00fade e Servi\u00e7os Humanos dos Estados Unidos. Os servi\u00e7os ser\u00e3o prestados aos encarcerados com libera\u00e7\u00e3o prevista em 90 dias, conforme edital.<\/p>\n<p class=\"article__paragraph article__paragraph--left\" id=\"FD4LDFHKIJDGZOPGFXTE3R7QMA\">Autoridades federais disseram que o financiamento ajudar\u00e1 os centros de sa\u00fade a implementar \u201cabordagens inovadoras de apoio\u201d \u00e0s pessoas que saem da pris\u00e3o e ajudar\u00e1 a lidar com os riscos \u00e0 sa\u00fade antes da liberta\u00e7\u00e3o. Estudos demonstraram que pessoas com hist\u00f3rico de encarceramento apresentam pior sa\u00fade mental e f\u00edsica do que a popula\u00e7\u00e3o em geral.<\/p>\n<p class=\"article__paragraph article__paragraph--left\" id=\"SMTTYWCAOJAYFIF2UK5UAX3WCU\">\u201cAs pessoas que regressam \u00e0 comunidade ap\u00f3s o encarceramento s\u00e3o particularmente vulner\u00e1veis \u200b\u200ba maus resultados de sa\u00fade e mortalidade\u201d, disse Carole Johnson, administradora da Administra\u00e7\u00e3o de Recursos e Servi\u00e7os de Sa\u00fade, num comunicado.<\/p>\n<p class=\"article__paragraph article__paragraph--left\" id=\"4A6UYES36NFPRKPBGD7GTHBHOY\">\u201cPodemos mudar isso se os cuidados e servi\u00e7os estiverem mais intimamente ligados \u00e0 experi\u00eancia de reentrada, e \u00e9 por isso que estamos trabalhando para esclarecer que os centros de sa\u00fade financiados pela Administra\u00e7\u00e3o de Recursos e Servi\u00e7os de Sa\u00fade podem fornecer servi\u00e7os de pr\u00e9-libera\u00e7\u00e3o e por que estamos investindo em centros de sa\u00fade envolver-se com os indiv\u00edduos antes de sua liberta\u00e7\u00e3o para melhor apoiar sua reentrada bem-sucedida e saud\u00e1vel na comunidade\u201d, disse Johnson.<\/p>\n<p class=\"article__paragraph article__paragraph--left\" id=\"42IISNZL35BX7IMQIZNB4AZY3E\">Os funcion\u00e1rios do CAMcare n\u00e3o responderam imediatamente esta semana aos pedidos de coment\u00e1rios.<\/p>\n<p class=\"article__paragraph article__paragraph--left\" id=\"KR2IPJEGBVFNJLLI7N4EV6N37A\">De acordo com um comunicado de imprensa, o CAMcare utilizar\u00e1 a sua concess\u00e3o de subven\u00e7\u00e3o para se concentrar na gest\u00e3o de condi\u00e7\u00f5es cr\u00f3nicas, na redu\u00e7\u00e3o do risco de overdose de drogas, no atendimento \u00e0s necessidades de tratamento de transtornos de sa\u00fade mental e de uso de subst\u00e2ncias e na preven\u00e7\u00e3o, rastreio, diagn\u00f3stico e tratamento de doen\u00e7as infecciosas.<\/p>\n<p class=\"article__paragraph article__paragraph--left\" id=\"XBSUXU6MXRFOLK4IRTVWZJ4AGA\">A n\u00edvel nacional, cerca de 80% dos indiv\u00edduos libertados da pris\u00e3o todos os anos t\u00eam uma condi\u00e7\u00e3o m\u00e9dica cr\u00f3nica, de consumo de subst\u00e2ncias ou psiqui\u00e1trica, de acordo com a Alian\u00e7a Nacional sobre Doen\u00e7as Mentais, uma organiza\u00e7\u00e3o sem fins lucrativos dedicada a apoiar pessoas e fam\u00edlias que lidam com doen\u00e7as mentais.<\/p>\n<p class=\"article__paragraph article__paragraph--left\" id=\"K2IXURSZUJF3TO4GH4ZC2RFKAU\">As pessoas encarceradas tamb\u00e9m t\u00eam maior probabilidade de ter press\u00e3o alta, asma, c\u00e2ncer, artrite e doen\u00e7as infecciosas, como tuberculose, hepatite C e HIV, de acordo com o Escrit\u00f3rio de Preven\u00e7\u00e3o de Doen\u00e7as e Promo\u00e7\u00e3o da Sa\u00fade.<\/p>\n<p class=\"article__paragraph article__paragraph--left\" id=\"AT7IK2LZARCJFK6NGR2W5TMEBU\">Dado o grande n\u00famero de pessoas que s\u00e3o encarceradas todos os anos, esta n\u00e3o \u00e9 uma quest\u00e3o minorit\u00e1ria. Entre 1980 e 2014, a taxa de encarceramento nos EUA aumentou 220%, de acordo com o Bureau of Justice Statistics. Hoje, a popula\u00e7\u00e3o encarcerada \u00e9 15 vezes maior do que em 1980, com aproximadamente 5 milh\u00f5es de pessoas atr\u00e1s das grades, incluindo indiv\u00edduos em pris\u00f5es federais e estaduais, bem como em cadeias locais, segundo dados federais.<\/p>\n<p class=\"article__paragraph article__paragraph--left\" id=\"OORPDSMA5RHR3GFT2KSKWK5VHU\">Em 1\u00ba de janeiro, havia 1.397 pessoas encarceradas em institui\u00e7\u00f5es correcionais no condado de Camden, representando 11% do total de pessoas encarceradas, de acordo com o Departamento de Corre\u00e7\u00f5es de Nova Jersey. Dois condados, Essex e Camden, representam 26% do total de compromissos prisionais no estado.<\/p>\n<p class=\"article__paragraph article__paragraph--left\" id=\"6MUUOSTKJVAB5AXDS3FEW5OTU4\">Condado de Gloucester, que foi <a href=\"https:\/\/www.nj.com\/salem\/2013\/04\/south_jersey_jail_deal_salem_c.html\">compartilhando servi\u00e7os de pris\u00e3o com Salem por mais de uma d\u00e9cada<\/a> ap\u00f3s o encerramento da sua unidade correcional em 2013, reportou 299 pessoas encarceradas.<\/p>\n<p class=\"article__paragraph article__paragraph--left\" id=\"C6SHHSN5MRFJ5K5X3HOPAQA5YA\">A CAMcare tamb\u00e9m deve fornecer servi\u00e7os de gest\u00e3o de casos a pessoas encarceradas e trabalhar com parceiros comunit\u00e1rios para abordar necessidades sociais relacionadas com a sa\u00fade, tais como habita\u00e7\u00e3o e inseguran\u00e7a alimentar, dificuldades financeiras, barreiras de transporte e viol\u00eancia entre parceiros \u00edntimos, de acordo com o an\u00fancio de segunda-feira.<\/p>\n<p class=\"article__paragraph article__paragraph--left\" id=\"Y6IDMZ3EZJE7HBZX52G6P2UENE\">O financiamento do CAMcare faz parte de quase <a href=\"https:\/\/www.hrsa.gov\/about\/news\/press-releases\/health-centers-provide-care-people-reentering-incarceration\" target=\"_blank\">US$ 52 milh\u00f5es em pr\u00eamios totais<\/a> para 54 centros de sa\u00fade financiados pelo governo federal em todo o pa\u00eds para aumentar o acesso a cuidados prim\u00e1rios de alta qualidade para pessoas que em breve ser\u00e3o libertadas do encarceramento e reentrada na comunidade.<\/p>\n<section class=\"Stories-By-Author-module_wrapper__ezbcK Stories-By-Author-module_nj__Ap1-Y\"\/>\n<p class=\"article__paragraph article__paragraph--left\" id=\"SOMFKCG4EBBVPOLRL6KEBCU72I\"><i>Obrigado por confiar em n\u00f3s para fornecer o jornalismo em que voc\u00ea pode confiar. Por favor, considere apoiar<\/i><a href=\"https:\/\/www.nj.com\/\"><i>  NJ.com<\/i><\/a><i>  com uma assinatura.<\/i><\/p>\n<p class=\"article__paragraph article__paragraph--left\" id=\"XQKTQAVYLZHYHM66PIL2YHEKT4\"><a href=\"https:\/\/www.nj.com\/staff\/jroman\/posts.html\"><i>Jackie Romano<\/i><\/a><i>  pode ser alcan\u00e7ado em <\/i><a href=\"https:\/\/www.nj.com\/staff\/jroman\/posts.html\"><i>jroman@njadvancemedia.com<\/i><\/a><i>.<\/i><\/p>\n<\/div>\n<p><br \/>\n<br \/><a href=\"https:\/\/www.nj.com\/healthfit\/2024\/11\/health-center-gets-1m-to-help-incarcerated-people-in-nj-prepare-for-reentry.html\">Source link <\/a><\/p>","protected":false},"excerpt":{"rendered":"<p>Uma cl\u00ednica de sa\u00fade sem fins lucrativos em South Jersey recebeu um subs\u00eddio federal de US$ 1 milh\u00e3o para fornecer servi\u00e7os m\u00e9dicos \u2013 inclusive para doen\u00e7as cr\u00f4nicas, sa\u00fade mental e&hellip;<\/p>","protected":false},"author":1,"featured_media":66390,"comment_status":"closed","ping_status":"open","sticky":false,"template":"","format":"standard","meta":{"content-type":"","footnotes":""},"categories":[1],"tags":[],"class_list":["post-66389","post","type-post","status-publish","format-standard","has-post-thumbnail","hentry","category-uncategorized"],"_links":{"self":[{"href":"https:\/\/tvbrazilusa.com\/pt\/wp-json\/wp\/v2\/posts\/66389","targetHints":{"allow":["GET"]}}],"collection":[{"href":"https:\/\/tvbrazilusa.com\/pt\/wp-json\/wp\/v2\/posts"}],"about":[{"href":"https:\/\/tvbrazilusa.com\/pt\/wp-json\/wp\/v2\/types\/post"}],"author":[{"embeddable":true,"href":"https:\/\/tvbrazilusa.com\/pt\/wp-json\/wp\/v2\/users\/1"}],"replies":[{"embeddable":true,"href":"https:\/\/tvbrazilusa.com\/pt\/wp-json\/wp\/v2\/comments?post=66389"}],"version-history":[{"count":1,"href":"https:\/\/tvbrazilusa.com\/pt\/wp-json\/wp\/v2\/posts\/66389\/revisions"}],"predecessor-version":[{"id":66391,"href":"https:\/\/tvbrazilusa.com\/pt\/wp-json\/wp\/v2\/posts\/66389\/revisions\/66391"}],"wp:featuredmedia":[{"embeddable":true,"href":"https:\/\/tvbrazilusa.com\/pt\/wp-json\/wp\/v2\/media\/66390"}],"wp:attachment":[{"href":"https:\/\/tvbrazilusa.com\/pt\/wp-json\/wp\/v2\/media?parent=66389"}],"wp:term":[{"taxonomy":"category","embeddable":true,"href":"https:\/\/tvbrazilusa.com\/pt\/wp-json\/wp\/v2\/categories?post=66389"},{"taxonomy":"post_tag","embeddable":true,"href":"https:\/\/tvbrazilusa.com\/pt\/wp-json\/wp\/v2\/tags?post=66389"}],"curies":[{"name":"wp","href":"https:\/\/api.w.org\/{rel}","templated":true}]}}