{"id":66392,"date":"2024-11-26T21:04:26","date_gmt":"2024-11-26T21:04:26","guid":{"rendered":"https:\/\/tvbrazilusa.com\/2024\/11\/26\/bolsonaro-sobre-plano-para-matar-lula-nao-cola-nao-se-pune-opiniao\/"},"modified":"2024-11-26T21:04:27","modified_gmt":"2024-11-26T21:04:27","slug":"bolsonaro-sobre-plano-para-matar-lula-nao-cola-nao-se-pune-opiniao","status":"publish","type":"post","link":"https:\/\/tvbrazilusa.com\/pt\/2024\/11\/26\/bolsonaro-sobre-plano-para-matar-lula-nao-cola-nao-se-pune-opiniao\/","title":{"rendered":"Bolsonaro sobre plano para matar Lula: &#8216;N\u00e3o cola, n\u00e3o se pune opini\u00e3o&#8217;"},"content":{"rendered":"<p> <script async src=\"https:\/\/pagead2.googlesyndication.com\/pagead\/js\/adsbygoogle.js?client=ca-pub-8864793242727901\"\r\n     crossorigin=\"anonymous\"><\/script><br \/>\n<\/p>\n<div id=\"taboola-read-more\" style=\"display:block; width:100%\">\n<p>Jair Bolsonaro (PL) criticou as investiga\u00e7\u00f5es da Pol\u00edcia Federal que revelaram um plano para matar o presidente Lula (PT), o vice-presidente Geraldo Alckmin (PSB) e o ministro do STF Alexandre de Moraes. Segundo o ex-presidente, a descoberta da PF &#8220;n\u00e3o cola&#8221;.\n<\/p>\n<p>O que aconteceu<br \/>Bolsonaro afirmou nesta segunda (25) que n\u00e3o se pode punir o que chamou de &#8220;crime de opini\u00e3o&#8221;. &#8220;Essa hist\u00f3ria de assassinato de autoridades, no meu entender, foi jogado. N\u00e3o cola isso da\u00ed. N\u00e3o sou jurista, quando come\u00e7a um crime ou termina. No meu entender, nada foi iniciado. N\u00e3o podemos come\u00e7ar agora a querer punir um crime de opini\u00e3o&#8221;, afirmou o ex-presidente durante entrevista a jornalistas no aeroporto de Bras\u00edlia, ao desembarcar de Alagoas.<\/p>\n<p>Fala de Bolsonaro foi na mesma linha de declara\u00e7\u00e3o do filho, Fl\u00e1vio Bolsonaro. Ao comentar o plano na semana passada, o senador afirmou que &#8220;pensar em matar algu\u00e9m n\u00e3o \u00e9 crime&#8221;. O ministro do STF Gilmar Mendes, rebateu Fl\u00e1vio e argumentou que o est\u00e1gio dos planos descoberto pela PF aponta para &#8220;plano de execu\u00e7\u00e3o, e n\u00e3o mera cogita\u00e7\u00e3o&#8221;.\n<\/p>\n<p>Ex-presidente admitiu que estudou possibilidade de decretar estado de s\u00edtio, mas negou tentativa de golpe. &#8220;Golpe de Estado \u00e9 uma coisa s\u00e9ria. (&#8230;) Tem que t\u00e1 envolvido todas as For\u00e7as Armadas sen\u00e3o n\u00e3o existe golpe. Ningu\u00e9m vai dar golpe com general da reserva e mais meia d\u00fazia de oficiais. \u00c9 um absurdo o que est\u00e3o falando&#8221;, recha\u00e7ou Bolsonaro. Ele afirmou que analisou todas as possibilidades que existem na Constitui\u00e7\u00e3o para &#8220;resolver o problema&#8217; e que as descartou quando &#8220;n\u00e3o teve como resolver&#8221;.\n<\/p>\n<p>\u00c9 como o Temer disse hoje: golpe de Estado tem que ter a participa\u00e7\u00e3o de todas as For\u00e7as Armadas, sen\u00e3o n\u00e3o \u00e9 golpe de Estado. Ningu\u00e9m d\u00e1 golpe de Estado em um domingo, em Bras\u00edlia, com pessoas que estavam a\u00ed com b\u00edblias debaixo do bra\u00e7o e bandeira do Brasil na m\u00e3o, nem usando estilingue.\n<\/p>\n<p>Da minha parte, nunca houve discuss\u00e3o de golpe. Se algu\u00e9m viesse pedir golpe pra mim, ia falar, t\u00e1, e o &#8216;after day&#8217;? E o dia seguinte, como \u00e9 que fica? Como fica o mundo perante a n\u00f3s? (&#8230;) A palavra golpe nunca esteve no meu dicion\u00e1rio.\n<\/p>\n<p>Todas as medidas dentro das quatro linhas da Constitui\u00e7\u00e3o eu estudei. Procurei saber se tinha alguma forma dentro da Constitui\u00e7\u00e3o. N\u00e3o teve como resolver? Descartou-se\n<\/p>\n<p>Eu posso ser preso agora, ao sair daqui (do aeroporto)<br \/>Jair Bolsonaro\n<\/p>\n<p>Bolsonaro volta a atacar oMoraes<br \/>O ex-presidente afirmou que as investiga\u00e7\u00f5es contra ele est\u00e3o sendo conduzidas de maneira &#8220;leviana&#8221; e que o processo \u00e9 alterado &#8220;o tempo todo&#8221;. &#8220;A mesma pessoa faz tudo e, no final, vota para condenar quem quer que seja&#8221;, criticou ele em rela\u00e7\u00e3o a Alexandre de Moraes. Bolsonaro tamb\u00e9m repetiu acusa\u00e7\u00f5es de que a Justi\u00e7a Eleitoral beneficiou Lula nas elei\u00e7\u00f5es de 2022.\n<\/p>\n<p>Indiciado pela terceira vez neste ano, Bolsonaro chegou a Bras\u00edlia nesta noite para articular sua defesa. Ele estava em S\u00e3o Miguel dos Milagres (AL), onde passou a semana hospedado em uma pousada de luxo na praia do Toque. O nome do ex-presidente est\u00e1 no centro da investiga\u00e7\u00e3o da PF levou ao indiciamento dele e de outras 36 pessoas, a maioria militares, suspeitos de tentar dar um golpe de Estado.\n<\/p>\n<p>Na volta ao DF, Bolsonaro participar\u00e1 de reuni\u00f5es marcadas com integrantes do PL e vereadores eleitos. Ex-presidente aproveitou a semana de folga para analisar as not\u00edcias, segundo informaram aliados.\n<\/p>\n<p>Relat\u00f3rio da PF ser\u00e1 encaminhado \u00e0 PGR<br \/>Moraes deve encaminhar relat\u00f3rio \u00e0 PGR (Procuradoria-Geral da Rep\u00fablica) nesta ter\u00e7a. A PF precisa ainda precisa ouvir um militar no inqu\u00e9rito. O tenente-coronel Rodrigo Bezerra Azevedo, &#8220;kid preto&#8221; do Ex\u00e9rcito, est\u00e1 preso no Rio. Ele deve ser indiciado ap\u00f3s o depoimento \u00e0 Pol\u00edcia Federal e entrar em um relat\u00f3rio complementar, a ser enviado ao STF.\n<\/p>\n<p>Agora caber\u00e1 \u00e0 PGR analisar o caso e decidir se denunciar\u00e1 os indiciados. A PF concluiu a investiga\u00e7\u00e3o e apresentou relat\u00f3rio final de cerca de 800 p\u00e1ginas ao STF na \u00faltima quinta-feira (21).\n<\/p>\n<p>Pela primeira vez, um ex-presidente eleito no per\u00edodo democr\u00e1tico \u00e9 indiciado como respons\u00e1vel por tramar contra a democracia. Somente com uma eventual den\u00fancia da PGR \u00e9 que o STF pode come\u00e7ar a julgar Bolsonaro pelos crimes apontados pela PF. A expectativa \u00e9 que o caso seja julgado no ano que vem para evitar &#8220;contaminar&#8221; as elei\u00e7\u00f5es de 2026.\n<\/p>\n<p>Fonte: Uol\n              <\/p>\n<\/div>\n<p><br \/>\n<br \/><a href=\"https:\/\/diariodobrasilnoticias.com.br\/noticia\/bolsonaro-sobre-plano-para-matar-lula-nao-cola-nao-se-pune-opiniao-67461a734f8e8\">Source link <\/a><\/p>","protected":false},"excerpt":{"rendered":"<p>Jair Bolsonaro (PL) criticou as investiga\u00e7\u00f5es da Pol\u00edcia Federal que revelaram um plano para matar o presidente Lula (PT), o vice-presidente Geraldo Alckmin (PSB) e o ministro do STF Alexandre&hellip;<\/p>","protected":false},"author":1,"featured_media":66393,"comment_status":"closed","ping_status":"open","sticky":false,"template":"","format":"standard","meta":{"content-type":"","footnotes":""},"categories":[16],"tags":[123,2448,5313,1267],"class_list":["post-66392","post","type-post","status-publish","format-standard","has-post-thumbnail","hentry","category-noticias","tag-brasil","tag-diario","tag-noticia","tag-noticias"],"_links":{"self":[{"href":"https:\/\/tvbrazilusa.com\/pt\/wp-json\/wp\/v2\/posts\/66392","targetHints":{"allow":["GET"]}}],"collection":[{"href":"https:\/\/tvbrazilusa.com\/pt\/wp-json\/wp\/v2\/posts"}],"about":[{"href":"https:\/\/tvbrazilusa.com\/pt\/wp-json\/wp\/v2\/types\/post"}],"author":[{"embeddable":true,"href":"https:\/\/tvbrazilusa.com\/pt\/wp-json\/wp\/v2\/users\/1"}],"replies":[{"embeddable":true,"href":"https:\/\/tvbrazilusa.com\/pt\/wp-json\/wp\/v2\/comments?post=66392"}],"version-history":[{"count":1,"href":"https:\/\/tvbrazilusa.com\/pt\/wp-json\/wp\/v2\/posts\/66392\/revisions"}],"predecessor-version":[{"id":66394,"href":"https:\/\/tvbrazilusa.com\/pt\/wp-json\/wp\/v2\/posts\/66392\/revisions\/66394"}],"wp:featuredmedia":[{"embeddable":true,"href":"https:\/\/tvbrazilusa.com\/pt\/wp-json\/wp\/v2\/media\/66393"}],"wp:attachment":[{"href":"https:\/\/tvbrazilusa.com\/pt\/wp-json\/wp\/v2\/media?parent=66392"}],"wp:term":[{"taxonomy":"category","embeddable":true,"href":"https:\/\/tvbrazilusa.com\/pt\/wp-json\/wp\/v2\/categories?post=66392"},{"taxonomy":"post_tag","embeddable":true,"href":"https:\/\/tvbrazilusa.com\/pt\/wp-json\/wp\/v2\/tags?post=66392"}],"curies":[{"name":"wp","href":"https:\/\/api.w.org\/{rel}","templated":true}]}}