{"id":66410,"date":"2024-11-26T21:13:19","date_gmt":"2024-11-26T21:13:19","guid":{"rendered":"https:\/\/tvbrazilusa.com\/2024\/11\/26\/homem-de-41-anos-preso-apos-bater-caminhao-contra-viaturas-policiais-postou-mensagens-ameacadoras-nas-redes-sociais-wsvn-7news-noticias-de-miami-clima-esportes-fort-lauderdale\/"},"modified":"2024-11-26T21:22:41","modified_gmt":"2024-11-26T21:22:41","slug":"homem-de-41-anos-preso-apos-bater-caminhao-contra-viaturas-policiais-postou-mensagens-ameacadoras-nas-redes-sociais-wsvn-7news-noticias-de-miami-clima-esportes-fort-lauderdale","status":"publish","type":"post","link":"https:\/\/tvbrazilusa.com\/pt\/2024\/11\/26\/homem-de-41-anos-preso-apos-bater-caminhao-contra-viaturas-policiais-postou-mensagens-ameacadoras-nas-redes-sociais-wsvn-7news-noticias-de-miami-clima-esportes-fort-lauderdale\/","title":{"rendered":"Homem de 41 anos preso ap\u00f3s bater caminh\u00e3o contra viaturas policiais postou mensagens amea\u00e7adoras nas redes sociais &#8211; WSVN 7News | Not\u00edcias de Miami, clima, esportes | Fort Lauderdale"},"content":{"rendered":"<p> <script async src=\"https:\/\/pagead2.googlesyndication.com\/pagead\/js\/adsbygoogle.js?client=ca-pub-8864793242727901\"\r\n     crossorigin=\"anonymous\"><\/script><br \/>\n<\/p>\n<div itemprop=\"articleBody\">\n<p>NOROESTE MIAMI-DADE, FLA. (WSVN) &#8211; V\u00eddeos postados nas redes sociais por um homem que foi <a href=\"https:\/\/wsvn.com\/news\/local\/miami-dade\/police-arrest-man-accused-of-ramming-parked-cars-to-evade-officers\/\" data-type=\"link\" data-id=\"https:\/\/wsvn.com\/news\/local\/miami-dade\/police-arrest-man-accused-of-ramming-parked-cars-to-evade-officers\/\" target=\"_blank\" rel=\"noreferrer noopener\">preso depois de bater seu caminh\u00e3o em viaturas policiais<\/a> mostrou-lhe anteriormente amea\u00e7ando a aplica\u00e7\u00e3o da lei. <\/p>\n<p>Kevin Prater, de 41 anos, enfrenta uma s\u00e9rie de acusa\u00e7\u00f5es, que incluem sete acusa\u00e7\u00f5es de agress\u00e3o agravada a um policial.<\/p>\n<p>Uma daquelas mensagens amea\u00e7adoras que Prater postou tinha o t\u00edtulo \u201cDepartamento de Corre\u00e7\u00f5es da Fl\u00f3rida em Miami, Fl\u00f3rida, isto \u00e9 para voc\u00ea e todos os departamentos de pol\u00edcia. Voc\u00ea foi avisado.<\/p>\n<p>Outras mensagens inclu\u00edam \u201cVoc\u00ea quer conhecer Deus, quer conhecer seu criador? Coloque isso [expletive] para o teste novamente voc\u00ea [expletive] cracker\u201d e \u201cEspero que voc\u00ea valorize sua vida e seu trabalho, porque vou arruinar os dois para voc\u00ea na pr\u00f3xima vez que fizer isso\u201d.<\/p>\n<p>De acordo com a pol\u00edcia, foram essas amea\u00e7as online contra policiais e outros que levaram ao encontro em 20 de novembro.<\/p>\n<p>Durante aquele dia no noroeste de Miami-Dade, os policiais tentaram parar Prater perto de sua casa, mas ele n\u00e3o obedeceu.<\/p>\n<p>O v\u00eddeo do celular e da c\u00e2mera do corpo policial mostrou o motorista de um caminh\u00e3o branco tentando sair de uma situa\u00e7\u00e3o dif\u00edcil e se afastar da pol\u00edcia, o que colocou a vida dos policiais em perigo.<\/p>\n<p>Depois disso, a pol\u00edcia explicou que Prater era procurado por uma investiga\u00e7\u00e3o em andamento.<\/p>\n<p>\u201cUma infinidade de crimes que incluem extors\u00e3o, persegui\u00e7\u00e3o agravada e amea\u00e7as escritas de matar um policial\u201d, disse o Det. de Pol\u00edcia de Miami-Dade. Andr\u00e9 Martins.<\/p>\n<p>Durante a investiga\u00e7\u00e3o, foi revelado que Prater tamb\u00e9m \u00e9 acusado de amea\u00e7ar seus pr\u00f3prios familiares.<\/p>\n<p>Um relat\u00f3rio de pris\u00e3o tamb\u00e9m se refere a mensagens de texto alarmantes, que dizem \u201cQuando eu vir ela e seus filhos na rua, ser\u00e1 muito lament\u00e1vel para eles. Haver\u00e1 muitas pessoas que estar\u00e3o no funeral dela, eu prometo.\u201d<\/p>\n<p>O longo hist\u00f3rico criminal de Prater fica ainda mais longo com as novas acusa\u00e7\u00f5es que ele enfrenta.<\/p>\n<p>\u201cPersegui\u00e7\u00e3o agravada, amea\u00e7as escritas de matar ou causar les\u00f5es corporais\u201d, disse um juiz. <\/p>\n<p>Nos v\u00eddeos que postou nas redes sociais, Prater afirmou que policiais e agentes de liberdade condicional t\u00eam assediado sua fam\u00edlia. <\/p>\n<p>Ele abordou a alega\u00e7\u00e3o dizendo: \u201cFa\u00e7a isso mais uma vez sem mandado. Tente e haver\u00e1 uma ambul\u00e2ncia nesta casa buscando voc\u00ea junto com todos os seus colegas. Ent\u00e3o voc\u00ea est\u00e1 sendo informado, agora mesmo, olha voc\u00ea, veja meu [expletive] cara aqui.\u201d<\/p>\n<p><em>Copyright 2024 Sunbeam Television Corp. Todos os direitos reservados. Este material n\u00e3o pode ser publicado, transmitido, reescrito ou redistribu\u00eddo.<\/em><\/p>\n<div class=\"wp-block-newsletter\">\n\t<strong class=\"wp-block-newsletter__title\">Cadastre-se em nosso boletim informativo para receber as \u00faltimas not\u00edcias diretamente na sua caixa de entrada<\/strong><\/p>\n<\/div><\/div>\n<p><br \/>\n<br \/><a href=\"https:\/\/wsvn.com\/news\/local\/miami-dade\/41-year-old-man-arrested-after-ramming-truck-into-police-cruisers-previously-posted-threatening-messages-on-social-media\/\">Source link <\/a><\/p>","protected":false},"excerpt":{"rendered":"<p>NOROESTE MIAMI-DADE, FLA. (WSVN) &#8211; V\u00eddeos postados nas redes sociais por um homem que foi preso depois de bater seu caminh\u00e3o em viaturas policiais mostrou-lhe anteriormente amea\u00e7ando a aplica\u00e7\u00e3o da&hellip;<\/p>","protected":false},"author":1,"featured_media":66411,"comment_status":"closed","ping_status":"open","sticky":false,"template":"","format":"standard","meta":{"content-type":"","footnotes":""},"categories":[1],"tags":[],"class_list":["post-66410","post","type-post","status-publish","format-standard","has-post-thumbnail","hentry","category-uncategorized"],"_links":{"self":[{"href":"https:\/\/tvbrazilusa.com\/pt\/wp-json\/wp\/v2\/posts\/66410","targetHints":{"allow":["GET"]}}],"collection":[{"href":"https:\/\/tvbrazilusa.com\/pt\/wp-json\/wp\/v2\/posts"}],"about":[{"href":"https:\/\/tvbrazilusa.com\/pt\/wp-json\/wp\/v2\/types\/post"}],"author":[{"embeddable":true,"href":"https:\/\/tvbrazilusa.com\/pt\/wp-json\/wp\/v2\/users\/1"}],"replies":[{"embeddable":true,"href":"https:\/\/tvbrazilusa.com\/pt\/wp-json\/wp\/v2\/comments?post=66410"}],"version-history":[{"count":1,"href":"https:\/\/tvbrazilusa.com\/pt\/wp-json\/wp\/v2\/posts\/66410\/revisions"}],"predecessor-version":[{"id":66412,"href":"https:\/\/tvbrazilusa.com\/pt\/wp-json\/wp\/v2\/posts\/66410\/revisions\/66412"}],"wp:featuredmedia":[{"embeddable":true,"href":"https:\/\/tvbrazilusa.com\/pt\/wp-json\/wp\/v2\/media\/66411"}],"wp:attachment":[{"href":"https:\/\/tvbrazilusa.com\/pt\/wp-json\/wp\/v2\/media?parent=66410"}],"wp:term":[{"taxonomy":"category","embeddable":true,"href":"https:\/\/tvbrazilusa.com\/pt\/wp-json\/wp\/v2\/categories?post=66410"},{"taxonomy":"post_tag","embeddable":true,"href":"https:\/\/tvbrazilusa.com\/pt\/wp-json\/wp\/v2\/tags?post=66410"}],"curies":[{"name":"wp","href":"https:\/\/api.w.org\/{rel}","templated":true}]}}