{"id":66425,"date":"2024-11-26T21:32:32","date_gmt":"2024-11-26T21:32:32","guid":{"rendered":"https:\/\/tvbrazilusa.com\/2024\/11\/26\/os-lideres-da-campanha-de-harris-dizem-que-houve-um-preco-a-ser-pago-pela-reducao-da-campanha-contra-trump\/"},"modified":"2024-11-26T21:35:44","modified_gmt":"2024-11-26T21:35:44","slug":"os-lideres-da-campanha-de-harris-dizem-que-houve-um-preco-a-ser-pago-pela-reducao-da-campanha-contra-trump","status":"publish","type":"post","link":"https:\/\/tvbrazilusa.com\/pt\/2024\/11\/26\/os-lideres-da-campanha-de-harris-dizem-que-houve-um-preco-a-ser-pago-pela-reducao-da-campanha-contra-trump\/","title":{"rendered":"Os l\u00edderes da campanha de Harris dizem que houve um \u2018pre\u00e7o a ser pago\u2019 pela redu\u00e7\u00e3o da campanha contra Trump"},"content":{"rendered":"<p> <script async src=\"https:\/\/pagead2.googlesyndication.com\/pagead\/js\/adsbygoogle.js?client=ca-pub-8864793242727901\"\r\n     crossorigin=\"anonymous\"><\/script><br \/>\n<\/p>\n<div id=\"\">\n<header class=\"m-article-header m-article-header--standard\">\n\t\t\t\t\t\t\t\t\t\t\t\t<span id=\"article-header-primary-term\"><br \/>\n\t\t\t\t\t\t\t\t<a class=\"a-term a-term--primary\" href=\"https:\/\/www.boston.com\/tag\/politics\/\"><\/p>\n<p>\t\t\t\t\t\t\t\tPol\u00edtica\t\t\t\t\t\t\t\t<\/a><br \/>\n\t\t\t\t\t\t\t<\/span><\/p>\n<h2 class=\"m-article-header__sub-headline\">\u201cEm uma corrida de 107 dias, \u00e9 muito dif\u00edcil fazer todas as coisas que voc\u00ea normalmente faria em um ano e meio, dois anos\u201d, disse a conselheira s\u00eanior da campanha de Harris, Jen O&#8217;Malley Dillon.<\/h2>\n<figure class=\"a-photo m-article-header__photo\"><figcaption class=\"a-photo__caption\">\n<p>\tO segundo cavalheiro Doug Emhoff, a partir da esquerda, o vice-presidente Kamala Harris, a primeira-dama Jill Biden e o secret\u00e1rio de Estado Antony Blinken participam da observ\u00e2ncia do Dia Nacional dos Veteranos no Anfiteatro Memorial no Cemit\u00e9rio Nacional de Arlington em Arlington, Virg\u00ednia, segunda-feira, 11 de novembro de 2024 .<em> AP Foto\/Mark Schiefelbein<\/em>\t<\/figcaption><\/figure>\n<div class=\"m-article-header__meta\">\n<div class=\"m-article-header__byline\">\n<p class=\"m-article-header__author\">\n<p>\t\t\t\t\t\t\t\tPor STEVE PEOPLES, Associated Press\t\t\t\t\t\t\t<\/p>\n<p>\t\t\t\t\t\t\t\t\t\t\t\t\t\t\t<time class=\"m-article-header__date\"><\/p>\n<p>\t\t\t\t\t\t\t\t\t26 de novembro de 2024 | 16h32\t\t\t\t\t\t\t\t<\/time><\/p><\/div>\n<\/p><\/div>\n<\/header>\n<p>NOVA IORQUE (AP) \u2013 Os l\u00edderes da Kamala Harris&#8217; <a href=\"https:\/\/www.boston.com\/tag\/kamala-harris\/\">campanha presidencial<\/a> insistem que simplesmente n\u00e3o tiveram tempo suficiente para executar uma estrat\u00e9gia vencedora contra <a href=\"https:\/\/www.boston.com\/tag\/donald-trump\/\">Donald Trump<\/a>apontando para ventos contr\u00e1rios pol\u00edticos \u201cferozes\u201d que, em \u00faltima an\u00e1lise, foram demasiado dif\u00edceis de ultrapassar no per\u00edodo de 107 dias ap\u00f3s o Presidente <a href=\"https:\/\/www.boston.com\/tag\/joe-biden\/\">Joe Biden<\/a> afastou-se.<\/p>\n<p>A equipa de lideran\u00e7a de Harris, falando no podcast \u201cPod Save America\u201d que foi ao ar na ter\u00e7a-feira, defendeu decis\u00f5es estrat\u00e9gicas durante os \u00faltimos dias da campanha, algumas das quais enfrentaram escrut\u00ednio nas semanas desde a vit\u00f3ria decisiva de Trump. Especificamente, defenderam o alcance de Harris aos eleitores republicanos, a sua relut\u00e2ncia em distanciar-se de Biden, o seu sil\u00eancio sobre os ataques de Trump \u00e0s suas pol\u00edticas transg\u00e9nero e a sua incapacidade de agendar uma entrevista com o popular podcaster Joe Rogan.<\/p>\n<p>\u201cEm uma corrida de 107 dias, \u00e9 muito dif\u00edcil fazer todas as coisas que voc\u00ea normalmente faria em um ano e meio, dois anos\u201d, disse a conselheira s\u00eanior da campanha de Harris, Jen O&#8217;Malley Dillon.<\/p>\n<p>David Plouffe, outro conselheiro s\u00e9nior, acrescentou: \u201cHouve um pre\u00e7o a pagar pela curta campanha\u201d.<\/p>\n<p>As reflex\u00f5es contundentes sobre a perda de Harris surgiram pouco antes de ela declarar que estava \u201corgulhosa da campanha que realizamos\u201d durante uma teleconfer\u00eancia com apoiadores, enquanto o partido inicia um doloroso processo de auto-exame. Trump venceu todos os estados indecisos e obteve ganhos entre os principais grupos eleitorais tradicionalmente alinhados com os democratas \u2013 eleitores jovens e eleitores negros, entre eles. Apoiado pela vit\u00f3ria retumbante, o presidente eleito republicano reivindica um mandato para implementar a sua agenda populista enquanto se prepara para regressar \u00e0 Casa Branca em 20 de janeiro.<\/p>\n<p>Harris reconheceu sua derrota durante a teleconfer\u00eancia, mas elogiou a organiza\u00e7\u00e3o pol\u00edtica que sua equipe construiu, que contou com mais de 408 mil volunt\u00e1rios que bateram em quase 20 milh\u00f5es de portas e fizeram mais de 219 milh\u00f5es de liga\u00e7\u00f5es.<\/p>\n<p>\u201cO que fizemos em 107 dias foi sem precedentes\u201d, disse ela, observando que a sua campanha tamb\u00e9m angariou mais de 1,4 mil milh\u00f5es de d\u00f3lares, o que representa um recorde para as campanhas presidenciais dos EUA.<\/p>\n<p>Mesmo assim, a campanha de Harris terminou a elei\u00e7\u00e3o endividada. E nenhum dos conselheiros de Harris reconheceu quaisquer erros durante a ampla entrevista em podcast apresentada por ex-agentes democratas. Em vez disso, indicaram que Harris tinha poucas op\u00e7\u00f5es, dado o prazo apertado e os amplos ventos contr\u00e1rios que desafiaram as autoridades eleitas em todo o mundo.<\/p>\n<p>Eles tamb\u00e9m deram algum cr\u00e9dito \u00e0 equipe de Trump.<\/p>\n<p>Eles apontaram especificamente para o an\u00fancio de ataque final de Trump, que destacou o apoio de Harris \u00e0s cirurgias de redesigna\u00e7\u00e3o sexual financiadas pelos contribuintes para prisioneiros transexuais.<\/p>\n<p>\u201cObviamente, foi um an\u00fancio muito eficaz no final\u201d, disse o vice-gerente de campanha de Harris, Quentin Fulks. \u201cAcho que isso a fez parecer fora de alcance.\u201d<\/p>\n<p>A campanha testou v\u00e1rios an\u00fancios de resposta potencial, mas, no final, decidiu que era melhor evitar uma refuta\u00e7\u00e3o espec\u00edfica.<\/p>\n<p>\u201cN\u00e3o h\u00e1 respostas f\u00e1ceis para isso\u201d, disse O&#8217;Malley Dillon.<\/p>\n<p>Plouffe disse acreditar que o an\u00fancio de ataque de Trump contra a \u201cBidenomia\u201d foi ainda mais eficaz, mas reconheceu que os ataques aos transg\u00e9neros n\u00e3o foram \u00fateis.<\/p>\n<p>\u201cEla estava gravada\u201d, disse ele. \u201cA cirurgia para pessoas trans que desejam fazer a transi\u00e7\u00e3o na pris\u00e3o fez parte da plataforma Biden-Harris em 2020. Fez parte do que o governo fez, certo?\u201d<\/p>\n<p>E embora a campanha tenha enfrentado quest\u00f5es persistentes sobre a sua estrat\u00e9gia de m\u00eddia, a equipe de Harris disse que ela realmente queria participar de um podcast com Rogan, que est\u00e1 entre os podcasters mais populares do mundo e, em \u00faltima an\u00e1lise, apoiou Trump.<\/p>\n<p>Stephanie Cutter, outra conselheira s\u00eanior da Harris, disse que a campanha n\u00e3o conseguiu \u201cencontrar uma data\u201d para faz\u00ea-la funcionar.<\/p>\n<p>\u201cTivemos discuss\u00f5es com a equipe de Joe Rogan. Eles foram \u00f3timos. Eles queriam que a gente entrasse. Quer\u00edamos ir\u201d, disse ela. \u201cEla far\u00e1 isso em algum momento no futuro? Talvez. Quem sabe. Mas, em \u00faltima an\u00e1lise, n\u00e3o impactou o resultado de uma forma ou de outra.\u201d<\/p>\n<p>Plouffe observou que a campanha se ofereceu para fazer o podcast Rogan na estrada em Austin, Texas. Trump finalmente deu sua entrevista com Rogan no est\u00fadio do podcaster.<\/p>\n<p>Os chefes da campanha de Harris tamb\u00e9m defenderam sua decis\u00e3o de cortejar os republicanos moderados nos \u00faltimos dias da campanha. A decis\u00e3o atraiu a ira de alguns progressistas, que acreditam que Harris deveria ter trabalhado mais para conseguir eleitores democratas mais tradicionais.<\/p>\n<p>\u201cEsse ambiente pol\u00edtico era p\u00e9ssimo, ok? Est\u00e1vamos lidando com ventos contr\u00e1rios ferozes\u201d, disse Plouffe. \u201cPortanto, tivemos um quebra-cabe\u00e7a complicado para montar aqui em termos de eleitores.\u201d<\/p>\n<p>Ele reconheceu alguma \u201cdesvio\u201d em dire\u00e7\u00e3o a Trump entre os eleitores sem forma\u00e7\u00e3o universit\u00e1ria, especialmente os eleitores de cor, o que tornou o alcance de Harris aos eleitores moderados ainda mais importante.<\/p>\n<p>\u201cSim, claro, voc\u00ea tem que maximizar a sua participa\u00e7\u00e3o e a sua parcela de votos entre os eleitores liberais se voc\u00ea for um democrata. Esse foi um grande foco\u201d, disse ele. Ele acrescentou: \u201cVoc\u00ea precisa combinar isso com a domina\u00e7\u00e3o no meio. N\u00e3o apenas ganhando um pouco. Temos que dominar o voto moderado.\u201d<\/p>\n<p>Falando na teleconfer\u00eancia de ter\u00e7a-feira, o companheiro de chapa de Harris, Tim Walz, descreveu o resultado da elei\u00e7\u00e3o como \u201cincrivelmente decepcionante\u201d e \u201cum pouco assustador\u201d. Mas ele elogiou o esfor\u00e7o da campanha.<\/p>\n<p>\u201cHaver\u00e1 um dia de acerto de contas em que se perguntar\u00e1: &#8216;O que voc\u00ea fez durante a campanha de 2024?&#8217; Bem, eu sei que as pessoas nesta liga\u00e7\u00e3o podem dizer tudo o que puderem\u201d, disse Walz. \u201cE por isso, como americano, estou extremamente grato.\u201d<\/p>\n<div class=\"m-block m-generic-cta\t m-generic-cta--post-content\t m-generic-cta--dark\t m-generic-cta--homepage\t m-generic-cta--email-signup\t\t m-generic-cta-block-style--default \tt-amp__generic-cta\"><\/p>\n<div class=\"m-generic-cta__wrap\">\n<div class=\"m-generic-cta__content\">\n<h3 class=\"m-generic-cta__title\">Boston.com hoje<\/h3>\n<p class=\"m-generic-cta__subtitle\">Inscreva-se para receber as \u00faltimas manchetes em sua caixa de entrada todas as manh\u00e3s.<\/p>\n<\/p><\/div>\n<\/p><\/div>\n<\/div><\/div>\n<p><script>\n\t\tvar consent=\"grant\";\n\t\t\/* The above code is parsing the JSON data from the local storage and storing it in a variable. *\/\n\t\t\t\t\tconst onetrustStorageConsent = JSON.parse(localStorage.getItem( 'consent_one_trust_bdc' ) );\n\t\t\tif ( ( onetrustStorageConsent !== null ) ) {\n\t\t\t\t\/* Checking to see if the user has consented to the use of cookies.\n\t\t\t\t* If they have not, it is deleting the cookie.\n\t\t\t\t* This will comment for now, until further notice.\n\t\t\t\t*\/\n\t\t\t\t\/\/if ( onetrustStorageConsent.C0002 === false ) {\n\t\t\t\t\/\/\tdocument.cookie=\"_fbp=;expires=Thu, 01 Jan 2010 00:00:00 UTC; path=\/; domain=.boston.com\";\n\t\t\t\t\/\/}\n\t\t\t\t\/* Checking if the user has given consent for the cookie C0002.\n\t\t\t\t* If the user has given consent, the variable consent will be set to 'grant'.\n\t\t\t\t* If the user has not given consent,the variable consent will be set to 'revoke'.\n\t\t\t\t* Documentation https:\/\/developers.facebook.com\/docs\/meta-pixel\/implementation\/gdpr\n\t\t\t\t*\/\n\t\t\t\tif ( onetrustStorageConsent.C0002 !== true ) {\n\t\t\t\t\tconsent=\"revoke\";\n\t\t\t\t}\n\t\t\t}\n\t\t\t\t!function(f,b,e,v,n,t,s)\n\t\t{if(f.fbq)return;n=f.fbq=function(){n.callMethod?\n\t\tn.callMethod.apply(n,arguments):n.queue.push(arguments)};\n\t\tif(!f._fbq)f._fbq=n;n.push=n;n.loaded=!0;n.version='2.0';\n\t\tn.queue=[];t=b.createElement(e);t.async=!0;\n\t\tt.src=v;s=b.getElementsByTagName(e)[0];\n\t\ts.parentNode.insertBefore(t,s)}(window, document,'script',\n\t\t'https:\/\/connect.facebook.net\/en_US\/fbevents.js');\n\t\tfbq('consent', consent);\n\t\tfbq('init', '989222871864976');\n\t\tfbq('track', 'PageView');\n\t<\/script><script type=\"module\">\n\t\tvar consent=\"grant\";\n\t\t\/* The above code is parsing the JSON data from the local storage and storing it in a variable. *\/\n\t\t\tconst onetrustStorageConsent = JSON.parse(localStorage.getItem( 'consent_one_trust_bdc' ) );\n\t\t\t\/* Checking to see if the user has consented to the use of cookies.\n\t\t\t* If they have not, it is deleting the cookie.\n\t\t\t* This will comment for now, until further notice.\n\t\t\t*\/\n\t\t\t\/\/if ( onetrustStorageConsent.C0002 === false ) {\n\t\t\t\/\/\tdocument.cookie=\"_fbp=;expires=Thu, 01 Jan 2010 00:00:00 UTC; path=\/; domain=.boston.com\";\n\t\t\t\/\/}\n\t\t\t\/* Checking if the user has given consent for the cookie C0002.\n\t\t\t* If the user has given consent, the variable consent will be set to 'grant'.\n\t\t\t* If the user has not given consent,the variable consent will be set to 'revoke'.\n\t\t\t* Documentation https:\/\/developers.facebook.com\/docs\/meta-pixel\/implementation\/gdpr\n\t\t\t*\/\n\t\t\tif ( ( onetrustStorageConsent !== null ) && (onetrustStorageConsent.C0002 !== true ) ) {\n\t\t\t\tconsent=\"revoke\";\n\t\t\t}\n\t\t\t\t!function(f,b,e,v,n,t,s){if(f.fbq)return;n=f.fbq=function()\n\t\t{n.callMethod? n.callMethod.apply(n,arguments):n.queue.push(arguments)}\n\t\t;if(!f._fbq)f._fbq=n;\n\t\tn.push=n;n.loaded=!0;n.version='2.0';n.queue=[];t=b.createElement(e);t.async=!0;\n\t\tt.src=v;s=b.getElementsByTagName(e)[0];s.parentNode.insertBefore(t,s)}(window,\n\t\tdocument,'script','https:\/\/connect.facebook.net\/en_US\/fbevents.js');\n\t\tfbq('consent', consent);\n\t\tfbq('init', '813236348753005');\n\t\tfbq('track', \"PageView\");\n\t<\/script><br \/>\n<br \/><br \/>\n<br \/><a href=\"https:\/\/www.boston.com\/news\/politics\/2024\/11\/26\/harris-campaign-leaders-say-there-was-a-price-to-be-paid-for-shortened-campaign-against-trump\/\">Source link <\/a><\/p>","protected":false},"excerpt":{"rendered":"<p>Pol\u00edtica \u201cEm uma corrida de 107 dias, \u00e9 muito dif\u00edcil fazer todas as coisas que voc\u00ea normalmente faria em um ano e meio, dois anos\u201d, disse a conselheira s\u00eanior da&hellip;<\/p>","protected":false},"author":1,"featured_media":66426,"comment_status":"closed","ping_status":"open","sticky":false,"template":"","format":"standard","meta":{"content-type":"","footnotes":""},"categories":[1],"tags":[],"class_list":["post-66425","post","type-post","status-publish","format-standard","has-post-thumbnail","hentry","category-uncategorized"],"_links":{"self":[{"href":"https:\/\/tvbrazilusa.com\/pt\/wp-json\/wp\/v2\/posts\/66425","targetHints":{"allow":["GET"]}}],"collection":[{"href":"https:\/\/tvbrazilusa.com\/pt\/wp-json\/wp\/v2\/posts"}],"about":[{"href":"https:\/\/tvbrazilusa.com\/pt\/wp-json\/wp\/v2\/types\/post"}],"author":[{"embeddable":true,"href":"https:\/\/tvbrazilusa.com\/pt\/wp-json\/wp\/v2\/users\/1"}],"replies":[{"embeddable":true,"href":"https:\/\/tvbrazilusa.com\/pt\/wp-json\/wp\/v2\/comments?post=66425"}],"version-history":[{"count":1,"href":"https:\/\/tvbrazilusa.com\/pt\/wp-json\/wp\/v2\/posts\/66425\/revisions"}],"predecessor-version":[{"id":66427,"href":"https:\/\/tvbrazilusa.com\/pt\/wp-json\/wp\/v2\/posts\/66425\/revisions\/66427"}],"wp:featuredmedia":[{"embeddable":true,"href":"https:\/\/tvbrazilusa.com\/pt\/wp-json\/wp\/v2\/media\/66426"}],"wp:attachment":[{"href":"https:\/\/tvbrazilusa.com\/pt\/wp-json\/wp\/v2\/media?parent=66425"}],"wp:term":[{"taxonomy":"category","embeddable":true,"href":"https:\/\/tvbrazilusa.com\/pt\/wp-json\/wp\/v2\/categories?post=66425"},{"taxonomy":"post_tag","embeddable":true,"href":"https:\/\/tvbrazilusa.com\/pt\/wp-json\/wp\/v2\/tags?post=66425"}],"curies":[{"name":"wp","href":"https:\/\/api.w.org\/{rel}","templated":true}]}}