{"id":66437,"date":"2024-11-26T21:28:13","date_gmt":"2024-11-26T21:28:13","guid":{"rendered":"https:\/\/tvbrazilusa.com\/2024\/11\/26\/avioes-atingidos-em-dois-incidentes-separados-em-logan-na-segunda-feira\/"},"modified":"2024-11-26T21:47:58","modified_gmt":"2024-11-26T21:47:58","slug":"avioes-atingidos-em-dois-incidentes-separados-em-logan-na-segunda-feira","status":"publish","type":"post","link":"https:\/\/tvbrazilusa.com\/pt\/2024\/11\/26\/avioes-atingidos-em-dois-incidentes-separados-em-logan-na-segunda-feira\/","title":{"rendered":"Avi\u00f5es atingidos em dois incidentes separados em Logan na segunda-feira"},"content":{"rendered":"<p> <script async src=\"https:\/\/pagead2.googlesyndication.com\/pagead\/js\/adsbygoogle.js?client=ca-pub-8864793242727901\"\r\n     crossorigin=\"anonymous\"><\/script><br \/>\n<\/p>\n<div id=\"\">\n<header class=\"m-article-header m-article-header--standard\">\n\t\t\t\t\t\t\t\t\t\t\t\t<span id=\"article-header-primary-term\"><br \/>\n\t\t\t\t\t\t\t\t<a class=\"a-term a-term--primary\" href=\"https:\/\/www.boston.com\/tag\/flights\/\"><\/p>\n<p>\t\t\t\t\t\t\t\tVoos\t\t\t\t\t\t\t\t<\/a><br \/>\n\t\t\t\t\t\t\t<\/span><\/p>\n<h2 class=\"m-article-header__sub-headline\">Um porta-voz do Massport disse que os incidentes, que ocorreram com poucas horas de intervalo, foram \u201cmenores\u201d.<\/h2>\n<figure class=\"a-photo m-article-header__photo\"><figcaption class=\"a-photo__caption\">\n<p>\tUma aeronave Airbus A321 na pista do Aeroporto Internacional Logan. Um A321 da Frontier Airlines aguardava recuo em seu port\u00e3o na segunda-feira, quando a ponta da asa foi atingida por um jato da American Airlines que chegava.<em> David L. Ryan\/Equipe do Boston Globe<\/em>\t<\/figcaption><\/figure>\n<\/header>\n<p>As autoridades est\u00e3o investigando depois que avi\u00f5es foram atropelados em dois incidentes separados com poucas horas de intervalo na segunda-feira \u00e0s <a href=\"https:\/\/www.boston.com\/tag\/logan-airport\/\" target=\"_blank\" rel=\"noreferrer noopener\">Aeroporto Internacional Logan de Boston<\/a>. <\/p>\n<p>Por volta do meio-dia, a ponta da asa de um jato da American Airlines que chegava fez contato com a ponta da asa de um avi\u00e3o da Frontier Airlines estacionado em um port\u00e3o pr\u00f3ximo. A American Airlines disse que n\u00e3o houve relatos de feridos e os passageiros logo sa\u00edram da aeronave, que chegava do aeroporto de Heathrow, em Londres.<\/p>\n<p>A Administra\u00e7\u00e3o Federal de Avia\u00e7\u00e3o disse que investigar\u00e1 o incidente, ocorrido em uma \u00e1rea que n\u00e3o est\u00e1 sob controle de tr\u00e1fego a\u00e9reo.<\/p>\n<p>\u201cA aeronave foi retirada de servi\u00e7o para inspe\u00e7\u00e3o por nossa equipe de manuten\u00e7\u00e3o\u201d, disse a American Airlines em comunicado. \u201cPedimos desculpas aos nossos clientes por qualquer inconveniente que isso tenha causado.\u201d<\/p>\n<p>A Frontier disse que seu avi\u00e3o estava se preparando para partir para Dallas-Fort Worth na \u00e9poca, com 200 passageiros a bordo. N\u00e3o houve feridos entre passageiros ou tripulantes, disse a companhia a\u00e9rea. <\/p>\n<p>O segundo incidente ocorreu por volta das 18h15 e envolveu um JetBlue Airbus que estava sendo rebocado e um avi\u00e3o da Cape Air esperando para estacionar em um port\u00e3o, disse a FAA, observando que uma investiga\u00e7\u00e3o est\u00e1 em andamento. A JetBlue disse que um rebocador de companhia a\u00e9rea que rebocava seu avi\u00e3o vazio fez contato com o avi\u00e3o da Cape Air. <\/p>\n<p>\u201cO rebocador foi retirado de servi\u00e7o e a aeronave JetBlue passar\u00e1 por uma inspe\u00e7\u00e3o minuciosa\u201d, informou a companhia a\u00e9rea em comunicado. \u201cA seguran\u00e7a \u00e9 a primeira prioridade da JetBlue e iremos investigar este incidente.\u201d<\/p>\n<p>A Cape Air disse que tamb\u00e9m retirou suas aeronaves de servi\u00e7o para inspe\u00e7\u00e3o. O voo estava chegando a Boston vindo de Nantucket com tr\u00eas passageiros e dois tripulantes a bordo no momento, disse a companhia a\u00e9rea.<\/p>\n<p>\u201cPor muita cautela, tanto os pilotos quanto um passageiro foram transportados para o hospital, tratados e liberados logo depois\u201d, disse Cape Air.<\/p>\n<p>Um porta-voz de <a href=\"https:\/\/www.massport.com\/logan-airport\" target=\"_blank\" rel=\"noreferrer noopener\">Massport<\/a>respons\u00e1vel pelas opera\u00e7\u00f5es do Aeroporto Logan, descreveu ambos os incidentes como \u201cmenores\u201d e disse que ocorreram em velocidade lenta.<\/p>\n<div class=\"o-author-single has-avatar\">\n<header class=\"m-author-card\">\n<div class=\"a-image a-image--square m-author-card__image\">\n\t\t<img decoding=\"async\" class=\"\" src=\"https:\/\/www.boston.com\/wp-content\/uploads\/2024\/10\/cropped-Patkin-Headshot-66fea67b66dd2-scaled-1-66fea6a1c6f25.jpg\" alt=\"Imagem do perfil de Abby Patkin\"\/>\t<\/div>\n<\/header>\n<section class=\"author-info\">\n<hr class=\"m-author__section--hr\"\/>\n<div class=\"m-author__section\">\n<p>Abby Patkin \u00e9 uma rep\u00f3rter de not\u00edcias gerais cujo trabalho aborda transporte p\u00fablico, crime, sa\u00fade e tudo mais.<\/p>\n<\/div>\n<hr class=\"m-author__section--hr\"\/>\t<\/section>\n<\/div>\n<div class=\"m-block m-generic-cta\t m-generic-cta--post-content\t m-generic-cta--dark\t m-generic-cta--homepage\t m-generic-cta--email-signup\t\t m-generic-cta-block-style--default \tt-amp__generic-cta\"><\/p>\n<div class=\"m-generic-cta__wrap\">\n<div class=\"m-generic-cta__content\">\n<h3 class=\"m-generic-cta__title\">Boston.com hoje<\/h3>\n<p class=\"m-generic-cta__subtitle\">Inscreva-se para receber as \u00faltimas manchetes em sua caixa de entrada todas as manh\u00e3s.<\/p>\n<\/p><\/div>\n<\/p><\/div>\n<\/div><\/div>\n<p><script>\n\t\tvar consent=\"grant\";\n\t\t\/* The above code is parsing the JSON data from the local storage and storing it in a variable. *\/\n\t\t\t\t\tconst onetrustStorageConsent = JSON.parse(localStorage.getItem( 'consent_one_trust_bdc' ) );\n\t\t\tif ( ( onetrustStorageConsent !== null ) ) {\n\t\t\t\t\/* Checking to see if the user has consented to the use of cookies.\n\t\t\t\t* If they have not, it is deleting the cookie.\n\t\t\t\t* This will comment for now, until further notice.\n\t\t\t\t*\/\n\t\t\t\t\/\/if ( onetrustStorageConsent.C0002 === false ) {\n\t\t\t\t\/\/\tdocument.cookie=\"_fbp=;expires=Thu, 01 Jan 2010 00:00:00 UTC; path=\/; domain=.boston.com\";\n\t\t\t\t\/\/}\n\t\t\t\t\/* Checking if the user has given consent for the cookie C0002.\n\t\t\t\t* If the user has given consent, the variable consent will be set to 'grant'.\n\t\t\t\t* If the user has not given consent,the variable consent will be set to 'revoke'.\n\t\t\t\t* Documentation https:\/\/developers.facebook.com\/docs\/meta-pixel\/implementation\/gdpr\n\t\t\t\t*\/\n\t\t\t\tif ( onetrustStorageConsent.C0002 !== true ) {\n\t\t\t\t\tconsent=\"revoke\";\n\t\t\t\t}\n\t\t\t}\n\t\t\t\t!function(f,b,e,v,n,t,s)\n\t\t{if(f.fbq)return;n=f.fbq=function(){n.callMethod?\n\t\tn.callMethod.apply(n,arguments):n.queue.push(arguments)};\n\t\tif(!f._fbq)f._fbq=n;n.push=n;n.loaded=!0;n.version='2.0';\n\t\tn.queue=[];t=b.createElement(e);t.async=!0;\n\t\tt.src=v;s=b.getElementsByTagName(e)[0];\n\t\ts.parentNode.insertBefore(t,s)}(window, document,'script',\n\t\t'https:\/\/connect.facebook.net\/en_US\/fbevents.js');\n\t\tfbq('consent', consent);\n\t\tfbq('init', '989222871864976');\n\t\tfbq('track', 'PageView');\n\t<\/script><script type=\"module\">\n\t\tvar consent=\"grant\";\n\t\t\/* The above code is parsing the JSON data from the local storage and storing it in a variable. *\/\n\t\t\tconst onetrustStorageConsent = JSON.parse(localStorage.getItem( 'consent_one_trust_bdc' ) );\n\t\t\t\/* Checking to see if the user has consented to the use of cookies.\n\t\t\t* If they have not, it is deleting the cookie.\n\t\t\t* This will comment for now, until further notice.\n\t\t\t*\/\n\t\t\t\/\/if ( onetrustStorageConsent.C0002 === false ) {\n\t\t\t\/\/\tdocument.cookie=\"_fbp=;expires=Thu, 01 Jan 2010 00:00:00 UTC; path=\/; domain=.boston.com\";\n\t\t\t\/\/}\n\t\t\t\/* Checking if the user has given consent for the cookie C0002.\n\t\t\t* If the user has given consent, the variable consent will be set to 'grant'.\n\t\t\t* If the user has not given consent,the variable consent will be set to 'revoke'.\n\t\t\t* Documentation https:\/\/developers.facebook.com\/docs\/meta-pixel\/implementation\/gdpr\n\t\t\t*\/\n\t\t\tif ( ( onetrustStorageConsent !== null ) && (onetrustStorageConsent.C0002 !== true ) ) {\n\t\t\t\tconsent=\"revoke\";\n\t\t\t}\n\t\t\t\t!function(f,b,e,v,n,t,s){if(f.fbq)return;n=f.fbq=function()\n\t\t{n.callMethod? n.callMethod.apply(n,arguments):n.queue.push(arguments)}\n\t\t;if(!f._fbq)f._fbq=n;\n\t\tn.push=n;n.loaded=!0;n.version='2.0';n.queue=[];t=b.createElement(e);t.async=!0;\n\t\tt.src=v;s=b.getElementsByTagName(e)[0];s.parentNode.insertBefore(t,s)}(window,\n\t\tdocument,'script','https:\/\/connect.facebook.net\/en_US\/fbevents.js');\n\t\tfbq('consent', consent);\n\t\tfbq('init', '813236348753005');\n\t\tfbq('track', \"PageView\");\n\t<\/script><br \/>\n<br \/><br \/>\n<br \/><a href=\"https:\/\/www.boston.com\/news\/flights\/2024\/11\/26\/planes-clipped-in-two-separate-incidents-at-logan-monday\/\">Source link <\/a><\/p>","protected":false},"excerpt":{"rendered":"<p>Voos Um porta-voz do Massport disse que os incidentes, que ocorreram com poucas horas de intervalo, foram \u201cmenores\u201d. Uma aeronave Airbus A321 na pista do Aeroporto Internacional Logan. Um A321&hellip;<\/p>","protected":false},"author":1,"featured_media":66438,"comment_status":"closed","ping_status":"open","sticky":false,"template":"","format":"standard","meta":{"content-type":"","footnotes":""},"categories":[1],"tags":[],"class_list":["post-66437","post","type-post","status-publish","format-standard","has-post-thumbnail","hentry","category-uncategorized"],"_links":{"self":[{"href":"https:\/\/tvbrazilusa.com\/pt\/wp-json\/wp\/v2\/posts\/66437","targetHints":{"allow":["GET"]}}],"collection":[{"href":"https:\/\/tvbrazilusa.com\/pt\/wp-json\/wp\/v2\/posts"}],"about":[{"href":"https:\/\/tvbrazilusa.com\/pt\/wp-json\/wp\/v2\/types\/post"}],"author":[{"embeddable":true,"href":"https:\/\/tvbrazilusa.com\/pt\/wp-json\/wp\/v2\/users\/1"}],"replies":[{"embeddable":true,"href":"https:\/\/tvbrazilusa.com\/pt\/wp-json\/wp\/v2\/comments?post=66437"}],"version-history":[{"count":1,"href":"https:\/\/tvbrazilusa.com\/pt\/wp-json\/wp\/v2\/posts\/66437\/revisions"}],"predecessor-version":[{"id":66439,"href":"https:\/\/tvbrazilusa.com\/pt\/wp-json\/wp\/v2\/posts\/66437\/revisions\/66439"}],"wp:featuredmedia":[{"embeddable":true,"href":"https:\/\/tvbrazilusa.com\/pt\/wp-json\/wp\/v2\/media\/66438"}],"wp:attachment":[{"href":"https:\/\/tvbrazilusa.com\/pt\/wp-json\/wp\/v2\/media?parent=66437"}],"wp:term":[{"taxonomy":"category","embeddable":true,"href":"https:\/\/tvbrazilusa.com\/pt\/wp-json\/wp\/v2\/categories?post=66437"},{"taxonomy":"post_tag","embeddable":true,"href":"https:\/\/tvbrazilusa.com\/pt\/wp-json\/wp\/v2\/tags?post=66437"}],"curies":[{"name":"wp","href":"https:\/\/api.w.org\/{rel}","templated":true}]}}