{"id":66448,"date":"2024-11-26T22:00:04","date_gmt":"2024-11-26T22:00:04","guid":{"rendered":"https:\/\/tvbrazilusa.com\/2024\/11\/26\/por-que-entao-perto-do-dia-de-acao-de-gracas-sou-grato-aos-meus-leitores-mesmo-quando-eles-odeiam-meu-conselho\/"},"modified":"2024-11-26T22:06:12","modified_gmt":"2024-11-26T22:06:12","slug":"por-que-entao-perto-do-dia-de-acao-de-gracas-sou-grato-aos-meus-leitores-mesmo-quando-eles-odeiam-meu-conselho","status":"publish","type":"post","link":"https:\/\/tvbrazilusa.com\/pt\/2024\/11\/26\/por-que-entao-perto-do-dia-de-acao-de-gracas-sou-grato-aos-meus-leitores-mesmo-quando-eles-odeiam-meu-conselho\/","title":{"rendered":"Por que ent\u00e3o? Perto do Dia de A\u00e7\u00e3o de Gra\u00e7as, sou grato aos meus leitores, mesmo quando eles odeiam meu conselho"},"content":{"rendered":"<script async src=\"https:\/\/pagead2.googlesyndication.com\/pagead\/js\/adsbygoogle.js?client=ca-pub-8864793242727901\"\r\n     crossorigin=\"anonymous\"><\/script>\n<div>\n<p class=\"article__paragraph article__paragraph--left\" id=\"5DXQVHU53BHTVKASKWQLEL6UII\"><b>Caros leitores,<\/b><\/p>\n<p class=\"article__paragraph article__paragraph--left\" id=\"RAO7ROUVUFFNPFSAYC2IFYEKII\">Quinta-feira \u00e9 dia de A\u00e7\u00e3o de Gra\u00e7as. Parece que h\u00e1 poucos momentos era 4 de julho, mas, infelizmente, aqui estamos, \u00e0 beira de dezembro, o que significa piscar e ser\u00e1 2025. <\/p>\n<p class=\"article__paragraph article__paragraph--left\" id=\"SXB3XMRRFBAVNBNX4NLRMAPR5Y\">Mas, em vez de perdermos a cabe\u00e7a com o fato de que o tempo parece estar se acelerando, acho que \u00e9 sempre um exerc\u00edcio v\u00e1lido e fundamentador lembrar pelo que voc\u00ea se sente grato, sempre, \u00e9 claro, mas tradicionalmente em novembro. Uma coisa pela qual sou grato? Voc\u00ea! O leitor! Seja voc\u00ea quem for! Esta coluna n\u00e3o existiria sem voc\u00ea!<\/p>\n<p class=\"article__paragraph article__paragraph--left\" id=\"2LL3FLTPFNHFDMXJXWO2V7GCQY\">Tamb\u00e9m sou grato pelas mensagens que voc\u00ea envia, concordando comigo ou n\u00e3o. Ent\u00e3o, aqui est\u00e3o algumas de suas respostas recentes \u00e0s minhas colunas. Continue me enviando e-mails! Adoro todas as mensagens que voc\u00ea envia! At\u00e9 os malvados!<\/p>\n<p class=\"article__paragraph article__paragraph--left\" id=\"4SZO4RASWFAKZGVRFII7PNF4AI\">A respeito de<a href=\"https:\/\/www.oregonlive.com\/advice\/2024\/11\/why-tho-must-i-sweat-in-my-own-home-when-chilly-in-laws-come-for-a-visit.html\"> os sogros que queriam o calor t\u00e3o alto<\/a>recebi v\u00e1rias respostas.<\/p>\n<p class=\"article__paragraph article__paragraph--left\" id=\"DCA3XNKL35DJBJIMKWU2BZRID4\"><b>Prezada Lizzy,<\/b><\/p>\n<p class=\"article__paragraph article__paragraph--left\" id=\"3TZCDADQ6VBQ3I4JZE6QT3C2CY\">Apenas um coment\u00e1rio para a escritora que n\u00e3o gostou que seus sogros aumentassem a temperatura. Os idosos costumam ter problemas de sa\u00fade vascular e podem ficar hipot\u00e9rmicos. Aprendi a tolerar um calor um pouco mais alto (mais na faixa de 75 graus) e a ter cobertores e almofadas t\u00e9rmicas dispon\u00edveis. Um aquecedor extra no quarto \u00e9 bom.<\/p>\n<p class=\"article__paragraph article__paragraph--left\" id=\"B23O7MOILZFO3EI7533WDKGGQ4\"><b>eu.<\/b><\/p>\n<p class=\"article__paragraph article__paragraph--left\" id=\"KA5ZWVRNUZHX7GHTBKKN6ZVVAM\"><b>Lizzy,<\/b><\/p>\n<p class=\"article__paragraph article__paragraph--left\" id=\"VBTE3JHCXFBXXI2RH5OXCOH7GA\">Obviamente estou desesperado para ler material, mas que conselho terr\u00edvel\u2026 conseguir uma bomba de calor. Gra\u00e7as a Deus voc\u00ea saiu de Corvallis.<\/p>\n<p class=\"article__paragraph article__paragraph--left\" id=\"ZGQ3KDVWH5BX7PER3EGW4NVXDM\"><b>T.<\/b><\/p>\n<p class=\"article__paragraph article__paragraph--left\" id=\"6D62UEAKPFAFTG45L22E3PXTJE\">A respeito de <a href=\"https:\/\/www.oregonlive.com\/advice\/2024\/11\/why-tho-this-election-is-making-me-really-scared-what-can-i-do-to-keep-it-together.html\">minha matem\u00e1tica no post sobre p\u00e2nico eleitoral<\/a>\u2026<\/p>\n<p class=\"article__paragraph article__paragraph--left\" id=\"Z47MODHGJ5GR7D75N5XQRSGJNY\"><b>Prezada Lizzy, <\/b><\/p>\n<p class=\"article__paragraph article__paragraph--left\" id=\"VMNTQJEGSVDQHAWZ4CZZ6D26FQ\">Tenho 44 anos. Voc\u00ea tem 42. Voc\u00ea ter afirmado que esta \u00e9 sua 8\u00aa elei\u00e7\u00e3o presidencial me deixou um pouco confuso. <\/p>\n<p class=\"article__paragraph article__paragraph--left\" id=\"BDTFEZIQP5CXTNKTNNCQX523NI\">Fazendo a contagem: o ano 2000 \u00e9 o n\u00famero um. 2004, 2008, 2012, 2016, 2020, 2024&#8230; Pelas minhas contas, isso faz de 2024 a 7\u00aa elei\u00e7\u00e3o presidencial em que ambos fomos eleg\u00edveis para votar. <\/p>\n<p class=\"article__paragraph article__paragraph--left\" id=\"RWNTVTGVEFCSLHMROKDZ7P2WPY\"><b>UM.<\/b><\/p>\n<p class=\"article__paragraph article__paragraph--left\" id=\"ZXNLPLHTGJAFTM4CEYT3VQPJTQ\">Caros leitores, ela estava certa. Minha matem\u00e1tica estava errada e eu corrigi a postagem. <\/p>\n<p class=\"article__paragraph article__paragraph--left\" id=\"LQHRKTR7TBE3BBZ5PTC3USORHY\">E finalmente, em <a href=\"https:\/\/www.oregonlive.com\/advice\/2024\/10\/why-tho-should-i-back-out-of-a-vacation-im-excited-about-because-of-my-uncles-political-rants.html\">o tema de fazer uma viagem com um tio que tem convic\u00e7\u00f5es pol\u00edticas dif\u00edceis<\/a> \u2026<\/p>\n<p class=\"article__paragraph article__paragraph--left\" id=\"B2U3KK4L75G4NGO7QUHJX2R5E4\"><b>Oi,<\/b><\/p>\n<p class=\"article__paragraph article__paragraph--left\" id=\"MK545ZE3TVHYDA3MW3MH5TOKIE\">Acredito que o melhor para todos \u00e9 recusar educadamente o convite. Aceitar toda esta incompatibilidade \u00e9 rude para todos os envolvidos.<\/p>\n<p class=\"article__paragraph article__paragraph--left\" id=\"4YXN63ACEZAOJKAWDNIVW4NC7I\"><b>N.<\/b><\/p>\n<p class=\"article__paragraph article__paragraph--left\" id=\"KBBUKG27ABDKHDDBY655LHMCYM\">E sim,<a href=\"https:\/\/www.oregonlive.com\/advice\/2024\/10\/why-tho-are-there-actually-some-good-reasons-for-not-having-birthday-kid-open-gifts-in-front-of-everyone.html\"> ainda h\u00e1 mais<\/a> sobre minha coluna mais pol\u00eamica at\u00e9 agora, aquela sobre<a href=\"https:\/\/www.oregonlive.com\/advice\/2024\/10\/who-tho-i-seethe-when-birthday-kid-doesnt-open-their-gifts-in-front-of-everyone.html\"> abrindo presentes de anivers\u00e1rio infantis em festas<\/a>. Sinta-se \u00e0 vontade para me enviar mais ideias sobre o assunto, mas acho que n\u00e3o poderei escrever outra coluna sobre isso por pelo menos alguns meses. Mesmo assim, estou lendo suas mensagens, acredite.<\/p>\n<p class=\"article__paragraph article__paragraph--left\" id=\"UJG4Q4LKVZDSHDU5S3JEY7ME2I\">Obrigado novamente por todas as suas respostas. Espero que voc\u00ea tenha pelo menos alguns dias de folga para comer algo delicioso com pessoas que voc\u00ea ama! Boa sorte!<\/p>\n<p class=\"article__paragraph article__paragraph--left\" id=\"XVPA5KYVE5FDPDJQWWE7B7YDYY\"><b>Lizzy<\/b><\/p>\n<p class=\"article__paragraph article__paragraph--left\" id=\"KBJBVUCC6ZCYDJ7OAQEXCUU3G4\"><i>Tem uma pergunta candente? Envie-me um e-mail para <\/i><a href=\"https:\/\/www.nj.com\/advice\/2024\/11\/mailto:lacker@oregonian.com\" target=\"_self\" title=\"https:\/\/www.nj.com\/advice\/2024\/11\/mailto:lacker@oregonian.com\"><i>lacker@oregonian.com<\/i><\/a><i>! Ou, se quiser me fazer uma pergunta com total anonimato, <\/i><a href=\"https:\/\/docs.google.com\/forms\/d\/e\/1FAIpQLScrCBLX7Dtaae7VjcLClB2PaReYBXCDxZpUx-ay498s7cVXhw\/viewform\" target=\"_self\" title=\"https:\/\/nam10.safelinks.protection.outlook.com\/?url=https%3A%2F%2Fforms.gle%2FuzbuWeMrg1rQ7TQB8&#038;data=05%7C02%7Cdvattiat%40oregonian.com%7Ce679a45095a0471e9fde08dc33f5496c%7C1fe6294574e64203848fb9b82929f9d4%7C0%7C0%7C638442375799721466%7CUnknown%7CTWFpbGZsb3d8eyJWIjoiMC4wLjAwMDAiLCJQIjoiV2luMzIiLCJBTiI6Ik1haWwiLCJXVCI6Mn0%3D%7C0%7C%7C%7C&#038;sdata=kZlphpsGuJjtWHCp34zvepKNeNzZGcEtxmY%2FJKMSkv4%3D&#038;reserved=0\"><i>use este formul\u00e1rio do Google<\/i><\/a><i>.<\/i><\/p>\n<p class=\"article__paragraph article__paragraph--left\" id=\"KUEWZIOBCVFOZN6N4YNWRO3SQU\"><a href=\"https:\/\/www.oregonlive.com\/whytho\/ \" target=\"_self\" rel=\"\" title=\"https:\/\/www.oregonlive.com\/whytho\/ \">Leia mais Por qu\u00ea? aqui.<\/a><\/p>\n<section class=\"Stories-By-Section-Tag-module_wrapper__69Ed7 Stories-By-Section-Tag-module_oregonlive__oEAp3\"\/>\n<p><iframe frameborder=\"0\" src=\"https:\/\/playlist.megaphone.fm\/?p=ADLM1379124808\" width=\"100%\" height=\"482\"><\/iframe><\/p>\n<\/div>\n<p><br \/>\n<br \/><a href=\"https:\/\/www.nj.com\/advice\/2024\/11\/why-tho-on-the-cusp-of-thanksgiving-im-grateful-for-my-readers-even-when-they-hate-my-advice.html\">Source link <\/a><\/p>","protected":false},"excerpt":{"rendered":"<p>Caros leitores, Quinta-feira \u00e9 dia de A\u00e7\u00e3o de Gra\u00e7as. Parece que h\u00e1 poucos momentos era 4 de julho, mas, infelizmente, aqui estamos, \u00e0 beira de dezembro, o que significa piscar&hellip;<\/p>","protected":false},"author":1,"featured_media":66449,"comment_status":"closed","ping_status":"open","sticky":false,"template":"","format":"standard","meta":{"content-type":"","footnotes":""},"categories":[1],"tags":[],"class_list":["post-66448","post","type-post","status-publish","format-standard","has-post-thumbnail","hentry","category-uncategorized"],"_links":{"self":[{"href":"https:\/\/tvbrazilusa.com\/pt\/wp-json\/wp\/v2\/posts\/66448","targetHints":{"allow":["GET"]}}],"collection":[{"href":"https:\/\/tvbrazilusa.com\/pt\/wp-json\/wp\/v2\/posts"}],"about":[{"href":"https:\/\/tvbrazilusa.com\/pt\/wp-json\/wp\/v2\/types\/post"}],"author":[{"embeddable":true,"href":"https:\/\/tvbrazilusa.com\/pt\/wp-json\/wp\/v2\/users\/1"}],"replies":[{"embeddable":true,"href":"https:\/\/tvbrazilusa.com\/pt\/wp-json\/wp\/v2\/comments?post=66448"}],"version-history":[{"count":1,"href":"https:\/\/tvbrazilusa.com\/pt\/wp-json\/wp\/v2\/posts\/66448\/revisions"}],"predecessor-version":[{"id":66450,"href":"https:\/\/tvbrazilusa.com\/pt\/wp-json\/wp\/v2\/posts\/66448\/revisions\/66450"}],"wp:featuredmedia":[{"embeddable":true,"href":"https:\/\/tvbrazilusa.com\/pt\/wp-json\/wp\/v2\/media\/66449"}],"wp:attachment":[{"href":"https:\/\/tvbrazilusa.com\/pt\/wp-json\/wp\/v2\/media?parent=66448"}],"wp:term":[{"taxonomy":"category","embeddable":true,"href":"https:\/\/tvbrazilusa.com\/pt\/wp-json\/wp\/v2\/categories?post=66448"},{"taxonomy":"post_tag","embeddable":true,"href":"https:\/\/tvbrazilusa.com\/pt\/wp-json\/wp\/v2\/tags?post=66448"}],"curies":[{"name":"wp","href":"https:\/\/api.w.org\/{rel}","templated":true}]}}