{"id":66451,"date":"2024-11-26T22:12:55","date_gmt":"2024-11-26T22:12:55","guid":{"rendered":"https:\/\/tvbrazilusa.com\/2024\/11\/26\/plano-encontrado-pela-pf-previa-a-nao-subida-de-lula-pela-rampa\/"},"modified":"2024-11-26T22:12:56","modified_gmt":"2024-11-26T22:12:56","slug":"plano-encontrado-pela-pf-previa-a-nao-subida-de-lula-pela-rampa","status":"publish","type":"post","link":"https:\/\/tvbrazilusa.com\/pt\/2024\/11\/26\/plano-encontrado-pela-pf-previa-a-nao-subida-de-lula-pela-rampa\/","title":{"rendered":"Plano encontrado pela PF previa a n\u00e3o subida de Lula pela rampa"},"content":{"rendered":"<p> <script async src=\"https:\/\/pagead2.googlesyndication.com\/pagead\/js\/adsbygoogle.js?client=ca-pub-8864793242727901\"\r\n     crossorigin=\"anonymous\"><\/script><br \/>\n<\/p>\n<div id=\"taboola-read-more\" style=\"display:block; width:100%\">\n<p>A Pol\u00edcia Federal (PF) encontrou, na sede do Partido Liberal (PL), o esbo\u00e7o de um plano golpista que previa que Luiz In\u00e1cio Lula da Silva (PT) n\u00e3o subisse a rampa do Pal\u00e1cio do Planalto para tomar posse como presidente da Rep\u00fablica. A informa\u00e7\u00e3o consta em relat\u00f3rio da PF que teve o sigilo derrubado pelo ministro Alexandre de Moraes nesta ter\u00e7a-feira (26\/11).\n<\/p>\n<p><strong>O material (veja imagem abaixo) foi apreendido pela corpora\u00e7\u00e3o na mesa do assessor do general Walter Braga Netto, coronel Fl\u00e1vio Botelho Peregrino. O esbo\u00e7o tem o nome de \u201cOpera\u00e7\u00e3o 142\u2033. \u201cTal fato evidencia a preocupa\u00e7\u00e3o dos investigados com a possibilidade da exist\u00eancia de uma minuta f\u00edsica relacionada ao art. 142 da CF encontrada pela Pol\u00edcia Federal\u201d, frisa a PF.<\/strong><\/p>\n<p>O documento, dentro do t\u00f3pico \u201cLinhas de esfor\u00e7o\u201d, propunha a\u00e7\u00f5es que incluem \u201cinterrup\u00e7\u00e3o do processo de transi\u00e7\u00e3o\u201d, \u201cmobiliza\u00e7\u00e3o de juristas e formadores de opini\u00e3o\u201d e \u201cenquadramento jur\u00eddico do decreto 142 (AGU e MJ)\u201d.\n<\/p>\n<p>Segundo a PF, outros t\u00f3picos possuem siglas e jarg\u00f5es pr\u00f3prios do militarismo como \u201cCG Pol\u201d (Centro de Gravidade Pol\u00edtico), com a descri\u00e7\u00e3o de medidas autorit\u00e1rias, que demonstram a inten\u00e7\u00e3o dos investigados em executar um golpe de Estado para manter o ent\u00e3o presidente no poder. S\u00e3o elas: \u201cAnula\u00e7\u00e3o das elei\u00e7\u00f5es\u201d, \u201cProrroga\u00e7\u00e3o dos mandatos\u201d, \u201cSubstitui\u00e7\u00e3o de todo TSE\u201d e \u201cPrepara\u00e7\u00e3o de novas elei\u00e7\u00f5es\u201d.\n<\/p>\n<p>\u201cO documento demonstra que BRAGA NETTO e seu entorno, ao<br \/>contr\u00e1rio do explicitado no documento anterior, tinha clara inten\u00e7\u00e3o golpista, com o objetivo de subverter o Estado Democr\u00e1tico de Direito, utilizando uma intepreta\u00e7\u00e3o an\u00f4mala do art. 142 da CF, de forma a tentar legitimar o golpe de Estado\u201d, concluiu a PF.\n<\/p>\n<p>A investiga\u00e7\u00e3o da PF sobre uma trama golpista nos \u00faltimos dia do governo de Jair Bolsonaro (PL) resultou no indiciamento do ex-presidente e de mais 36 pessoas. A lista tamb\u00e9m inclui nomes como dos ex-ministros Augusto Heleno e Anderson Torres.\n<\/p>\n<p>O relat\u00f3rio final da PF foi enviado \u00e0 Procuradoria-Geral da Rep\u00fablica (PGR). Com isso, a procurador Paulo Gonet avaliar\u00e1 o material e decidir\u00e1 se oferece denuncia contra os 37 indiciados. Entretanto, ele pode pedir novas dilig\u00eancias ou mesmo arquivar as den\u00fancias.\n<\/p>\n<p>O relat\u00f3rio final das investiga\u00e7\u00f5es narram uma trama para decretar um golpe de Estado nos meses finais de 2022, a fim de impedir que o ent\u00e3o candidato eleito Luiz In\u00e1cio Lula da Silva (PT) assumisse a Presid\u00eancia da Rep\u00fablica e assim manter Jair Bolsonaro no cargo.\n<\/p>\n<p>A PF tamb\u00e9m encontrou um plano para matar Lula, o vice-presidente Geraldo Alckmin e o ministro do STF Alexandre de Moraes.\n<\/p>\n<p>Relat\u00f3rio robusto<br \/>As investiga\u00e7\u00f5es conduzidas pela Pol\u00edcia Federal chegaram a 37 pessoas que teriam incorrido nos crimes de aboli\u00e7\u00e3o violenta do Estado Democr\u00e1tico de Direito, golpe de Estado e organiza\u00e7\u00e3o criminosa.\n<\/p>\n<p>A corpora\u00e7\u00e3o preparou um relat\u00f3rio robusto, que detalha a conduta de cada ator nos bastidores dos \u00faltimos dias do governo Bolsonaro para viabilizar um golpe de Estado.\n<\/p>\n<p>As investiga\u00e7\u00f5es se deram no \u00e2mbito do Inqu\u00e9rito n\u00ba 4874, que trata das mil\u00edcias digitais e investiga a exist\u00eancia de uma organiza\u00e7\u00e3o criminosa, de atua\u00e7\u00e3o digital e com n\u00facleos de produ\u00e7\u00e3o, publica\u00e7\u00e3o, financiamento e pol\u00edtico, com a finalidade de atentar contra a democracia e o Estado de Direito. A relatoria \u00e9 do ministro Alexandre de Moraes, do STF.\n<\/p>\n<p>O inqu\u00e9rito foi dividido em diferentes eixos, sendo um deles \u201ctentativa de golpe de Estado e de Aboli\u00e7\u00e3o violenta do Estado Democr\u00e1tico de Direito\u201d.\n<\/p>\n<p>Fonte: Metr\u00f3poles              <\/p>\n<\/div>\n<p><br \/>\n<br \/><a href=\"https:\/\/diariodobrasilnoticias.com.br\/noticia\/plano-encontrado-pela-pf-previa-a-nao-subida-de-lula-pela-rampa-67462c8ac210b\">Source link <\/a><\/p>","protected":false},"excerpt":{"rendered":"<p>A Pol\u00edcia Federal (PF) encontrou, na sede do Partido Liberal (PL), o esbo\u00e7o de um plano golpista que previa que Luiz In\u00e1cio Lula da Silva (PT) n\u00e3o subisse a rampa&hellip;<\/p>","protected":false},"author":1,"featured_media":66452,"comment_status":"closed","ping_status":"open","sticky":false,"template":"","format":"standard","meta":{"content-type":"","footnotes":""},"categories":[16],"tags":[123,2448,5313,1267],"class_list":["post-66451","post","type-post","status-publish","format-standard","has-post-thumbnail","hentry","category-noticias","tag-brasil","tag-diario","tag-noticia","tag-noticias"],"_links":{"self":[{"href":"https:\/\/tvbrazilusa.com\/pt\/wp-json\/wp\/v2\/posts\/66451","targetHints":{"allow":["GET"]}}],"collection":[{"href":"https:\/\/tvbrazilusa.com\/pt\/wp-json\/wp\/v2\/posts"}],"about":[{"href":"https:\/\/tvbrazilusa.com\/pt\/wp-json\/wp\/v2\/types\/post"}],"author":[{"embeddable":true,"href":"https:\/\/tvbrazilusa.com\/pt\/wp-json\/wp\/v2\/users\/1"}],"replies":[{"embeddable":true,"href":"https:\/\/tvbrazilusa.com\/pt\/wp-json\/wp\/v2\/comments?post=66451"}],"version-history":[{"count":1,"href":"https:\/\/tvbrazilusa.com\/pt\/wp-json\/wp\/v2\/posts\/66451\/revisions"}],"predecessor-version":[{"id":66453,"href":"https:\/\/tvbrazilusa.com\/pt\/wp-json\/wp\/v2\/posts\/66451\/revisions\/66453"}],"wp:featuredmedia":[{"embeddable":true,"href":"https:\/\/tvbrazilusa.com\/pt\/wp-json\/wp\/v2\/media\/66452"}],"wp:attachment":[{"href":"https:\/\/tvbrazilusa.com\/pt\/wp-json\/wp\/v2\/media?parent=66451"}],"wp:term":[{"taxonomy":"category","embeddable":true,"href":"https:\/\/tvbrazilusa.com\/pt\/wp-json\/wp\/v2\/categories?post=66451"},{"taxonomy":"post_tag","embeddable":true,"href":"https:\/\/tvbrazilusa.com\/pt\/wp-json\/wp\/v2\/tags?post=66451"}],"curies":[{"name":"wp","href":"https:\/\/api.w.org\/{rel}","templated":true}]}}