{"id":66593,"date":"2024-11-26T15:25:31","date_gmt":"2024-11-26T15:25:31","guid":{"rendered":"https:\/\/tvbrazilusa.com\/2024\/11\/26\/show-da-manha-marco-antonio-costaadrillespaulo-kogos-karina-michelin-e-flavio-gordon-26-11-2024\/"},"modified":"2024-11-26T15:25:31","modified_gmt":"2024-11-26T15:25:31","slug":"show-da-manha-marco-antonio-costaadrillespaulo-kogos-karina-michelin-e-flavio-gordon-26-11-2024","status":"publish","type":"post","link":"https:\/\/tvbrazilusa.com\/pt\/2024\/11\/26\/show-da-manha-marco-antonio-costaadrillespaulo-kogos-karina-michelin-e-flavio-gordon-26-11-2024\/","title":{"rendered":"SHOW DA MANH\u00c3 &#8211; MARCO ANT\u00d4NIO COSTA,ADRILLES,PAULO KOGOS, KARINA MICHELIN E FL\u00c1VIO GORDON 26\/11\/2024"},"content":{"rendered":"<p><iframe  width=\"580\" height=\"385\" src=\"https:\/\/www.youtube.com\/embed\/mMz7-77YGFc?modestbranding=1\" frameborder=\"0\" allowfullscreen><\/iframe><br \/>\n<br \/>\ud83d\udd25LAN\u00c7AMENTO DA LIVRARIA FIO DI\u00c1RIO: VOC\u00ca TEM S\u00d3 ESTA SEMANA PARA APROVEITAR DESCONTOS DE AT\u00c9 80% NOS MELHORES LIVROS! ACESSE: <\/p>\n<p>\ud83d\udd25BLACK NOVEMBER! JUNTE-SE \u00c0 LUTA PELA VERDADE E PELA LIBERDADE NO DEZ A FIO! PARTICIPE EM: <\/p>\n<p>Inscreva-se no nosso Canal!<\/p>\n<p>Ou\u00e7a no Spotify: <\/p>\n<p>Para contribuir com o Fio Di\u00e1rio, envie um PIX em nossa chave: contato@fiodiario.com<\/p>\n<p>Siga no Instagram:<\/p>\n<p>Marco Ant\u00f4nio Costa: <\/p>\n<p>Adrilles Jorge: <\/p>\n<p>Fio Di\u00e1rio: <\/p>\n<p><a href=\"https:\/\/www.youtube.com\/watch?v=mMz7-77YGFc\">source<\/a><\/p>","protected":false},"excerpt":{"rendered":"<p>\ud83d\udd25LAN\u00c7AMENTO DA LIVRARIA FIO DI\u00c1RIO: VOC\u00ca TEM S\u00d3 ESTA SEMANA PARA APROVEITAR DESCONTOS DE AT\u00c9 80% NOS MELHORES LIVROS! ACESSE: \ud83d\udd25BLACK NOVEMBER! JUNTE-SE \u00c0 LUTA PELA VERDADE E PELA LIBERDADE&hellip;<\/p>","protected":false},"author":1,"featured_media":66594,"comment_status":"","ping_status":"open","sticky":false,"template":"","format":"standard","meta":{"content-type":"","footnotes":""},"categories":[17],"tags":[559,31306,70,31307,25949,852,557,558,15720,63],"class_list":["post-66593","post","type-post","status-publish","format-standard","has-post-thumbnail","hentry","category-programas","tag-antonio","tag-costaadrillespaulo","tag-flavio","tag-gordon","tag-karina","tag-kogos","tag-manha","tag-marco","tag-michelin","tag-show"],"_links":{"self":[{"href":"https:\/\/tvbrazilusa.com\/pt\/wp-json\/wp\/v2\/posts\/66593","targetHints":{"allow":["GET"]}}],"collection":[{"href":"https:\/\/tvbrazilusa.com\/pt\/wp-json\/wp\/v2\/posts"}],"about":[{"href":"https:\/\/tvbrazilusa.com\/pt\/wp-json\/wp\/v2\/types\/post"}],"author":[{"embeddable":true,"href":"https:\/\/tvbrazilusa.com\/pt\/wp-json\/wp\/v2\/users\/1"}],"replies":[{"embeddable":true,"href":"https:\/\/tvbrazilusa.com\/pt\/wp-json\/wp\/v2\/comments?post=66593"}],"version-history":[{"count":0,"href":"https:\/\/tvbrazilusa.com\/pt\/wp-json\/wp\/v2\/posts\/66593\/revisions"}],"wp:featuredmedia":[{"embeddable":true,"href":"https:\/\/tvbrazilusa.com\/pt\/wp-json\/wp\/v2\/media\/66594"}],"wp:attachment":[{"href":"https:\/\/tvbrazilusa.com\/pt\/wp-json\/wp\/v2\/media?parent=66593"}],"wp:term":[{"taxonomy":"category","embeddable":true,"href":"https:\/\/tvbrazilusa.com\/pt\/wp-json\/wp\/v2\/categories?post=66593"},{"taxonomy":"post_tag","embeddable":true,"href":"https:\/\/tvbrazilusa.com\/pt\/wp-json\/wp\/v2\/tags?post=66593"}],"curies":[{"name":"wp","href":"https:\/\/api.w.org\/{rel}","templated":true}]}}