{"id":66627,"date":"2024-11-27T04:08:34","date_gmt":"2024-11-27T04:08:34","guid":{"rendered":"https:\/\/tvbrazilusa.com\/2024\/11\/27\/legislador-estadual-apresenta-projeto-de-lei-para-aumentar-os-requisitos-de-seguranca-apos-adolescente-ser-atingido-ao-sair-do-transporte-escolar-particular-sem-sinal-de-parada-wsvn-7news-noticias\/"},"modified":"2024-11-27T04:09:08","modified_gmt":"2024-11-27T04:09:08","slug":"legislador-estadual-apresenta-projeto-de-lei-para-aumentar-os-requisitos-de-seguranca-apos-adolescente-ser-atingido-ao-sair-do-transporte-escolar-particular-sem-sinal-de-parada-wsvn-7news-noticias","status":"publish","type":"post","link":"https:\/\/tvbrazilusa.com\/pt\/2024\/11\/27\/legislador-estadual-apresenta-projeto-de-lei-para-aumentar-os-requisitos-de-seguranca-apos-adolescente-ser-atingido-ao-sair-do-transporte-escolar-particular-sem-sinal-de-parada-wsvn-7news-noticias\/","title":{"rendered":"Legislador estadual apresenta projeto de lei para aumentar os requisitos de seguran\u00e7a ap\u00f3s adolescente ser atingido ao sair do transporte escolar particular sem sinal de parada &#8211; WSVN 7News | Not\u00edcias de Miami, clima, esportes | Fort Lauderdale"},"content":{"rendered":"<p> <script async src=\"https:\/\/pagead2.googlesyndication.com\/pagead\/js\/adsbygoogle.js?client=ca-pub-8864793242727901\"\r\n     crossorigin=\"anonymous\"><\/script><br \/>\n<\/p>\n<div itemprop=\"articleBody\">\n<p>(WSVN) &#8211; Um estudante do sul da Fl\u00f3rida foi atropelado e ferido ap\u00f3s descer do \u00f4nibus escolar. Sua m\u00e3e disse que o acidente poderia ter sido evitado. Agora, seu esfor\u00e7o para impulsionar a mudan\u00e7a fez com que um legislador estadual tomasse medidas. Heather Walker da 7New tem as novidades desta atualiza\u00e7\u00e3o do 7Investigates.<\/p>\n<p>Infratores pegos em flagrante. <a href=\"https:\/\/wsvn.com\/news\/local\/miami-dade\/miami-dade-police-warn-of-surge-in-school-bus-violations-as-new-safety-measures-go-ignored\/\">C\u00e2meras instaladas em \u00f4nibus escolares de Miami-Dade<\/a> capturar as placas dos carros que passam ilegalmente.<\/p>\n<p>Tecnologia como essa \u00e9 relativamente nova.<\/p>\n<p>Mas os sinais de stop nos autocarros escolares n\u00e3o o s\u00e3o.<\/p>\n<p>Dra. Regina Saenz: \u201cN\u00e3o queria ver o v\u00eddeo imediatamente.\u201d<\/p>\n<p><a href=\"https:\/\/wsvn.com\/news\/investigations\/south-florida-mother-pushes-for-better-standards-on-private-school-transportation-after-son-was-hit-by-van\/\">Como 7investigadores relataram em maio<\/a>n\u00e3o havia sinal de parada no \u00f4nibus escolar particular que deixou Nicholas Suarez-Saenz depois da escola em Coral Gables. <\/p>\n<p>Pela c\u00e2mera de seguran\u00e7a de um vizinho \u00e9 poss\u00edvel ver o jovem de 15 anos come\u00e7ando a atravessar a rua.<\/p>\n<p>No momento seguinte, ele \u00e9 atropelado por esta van.<\/p>\n<p>A pol\u00edcia diz que o motorista cruzou uma linha dupla amarela.<\/p>\n<p>Nicholas Suarez-Saenz: \u201cTive muita sorte. Um segundo depois para ele, ou um segundo antes para mim, eu n\u00e3o poderia estar aqui nesta entrevista agora.\u201d<\/p>\n<p>Sua m\u00e3e, Dra. Regina Saenz, temia o pior.<\/p>\n<p>Dra. Regina Saenz: \u201cFiz alguns telefonemas e pedi \u00e0s pessoas que orassem\u201d.<\/p>\n<p>Felizmente, Nicholas teve apenas ferimentos leves, mas sua m\u00e3e diz que o acidente exp\u00f4s um grande problema. Na Fl\u00f3rida, os sinais de parada s\u00e3o obrigat\u00f3rios nos \u00f4nibus escolares p\u00fablicos, mas n\u00e3o nas vans escolares particulares. Agora, isso poder\u00e1 mudar em breve.<\/p>\n<p>Dra. Regina Saenz: \u201cMeu objetivo ao falar abertamente, mesmo que tenha sido dif\u00edcil, foi compartilhar nossa experi\u00eancia e promover mudan\u00e7as para garantir que todas as crian\u00e7as tenham a mesma prote\u00e7\u00e3o quando forem \u00e0 escola.\u201d<\/p>\n<p>Digitar <a href=\"https:\/\/www.flsenate.gov\/Session\/Bill\/2025\/52\/?Tab=BillHistory\">Projeto de Lei 52 do Senado<\/a>protocolado na semana passada pela senadora estadual Ileana Garcia.<\/p>\n<p><a href=\"https:\/\/www.flsenate.gov\/Session\/Bill\/2025\/52\/BillText\/Filed\/HTML\">Se aprovado<\/a>o projeto exigiria sinais de parada em todos os \u00f4nibus e ve\u00edculos escolares. O senador Garcia nos diz: \u201cEsta legisla\u00e7\u00e3o padronizaria os requisitos de seguran\u00e7a para todos os \u00f4nibus e ve\u00edculos escolares, garantindo que os alunos sejam transportados com seguran\u00e7a, independentemente de frequentarem escolas p\u00fablicas, privadas ou charter\u201d. <\/p>\n<p>Dra. Regina Saenz: \u201cFiquei emocionada porque senti que havia uma chance de proteger outras crian\u00e7as, de n\u00e3o passar por um incidente como o que meu filho sofreu\u201d.<\/p>\n<p>O senador Garcia diz o que a fam\u00edlia passou: \u201cRessaltou a necessidade urgente de melhores padr\u00f5es de seguran\u00e7a no transporte escolar privado\u201d.<\/p>\n<p>Dra. Regina Saenz: \u201cEstou muito esperan\u00e7osa e \u00e9 gratificante ver que algu\u00e9m me ouviu.\u201d<\/p>\n<p>A sess\u00e3o legislativa de 2025 s\u00f3 come\u00e7a em mar\u00e7o e a apresenta\u00e7\u00e3o de um projeto de lei \u00e9 apenas o primeiro passo. Mas o Dr. Saenz acredita que \u00e9 um passo na dire\u00e7\u00e3o certa.<\/p>\n<p>Dra. Regina Saenz: \u201cSe em algum momento, outra crian\u00e7a puder ser evitada de se machucar enquanto est\u00e1 sendo transportada da escola, seria muito gratificante para mim.\u201d<\/p>\n<p>Uma m\u00e3e transformando a dor de sua fam\u00edlia em um incentivo para ajudar os outros.<\/p>\n<p>Heather Walker, 7News.<\/p>\n<p><strong>CONTATO 7 INVESTIGA:<\/strong><br \/>305-627-CLUE<br \/>954-921-CLUE<br \/><a href=\"https:\/\/wsvn.com\/news\/investigations\/urgent-need-state-lawmaker-files-bill-to-boost-safety-requirements-after-teen-hit-exiting-private-school-shuttle-with-no-stop-sign\/mailto:7Investigates@wsvn.com\">7Investigates@wsvn.com<\/a><\/p>\n<p><em>Copyright 2024 Sunbeam Television Corp. Todos os direitos reservados. Este material n\u00e3o pode ser publicado, transmitido, reescrito ou redistribu\u00eddo.<\/em><\/p>\n<div class=\"wp-block-newsletter\">\n\t<strong class=\"wp-block-newsletter__title\">Cadastre-se em nosso boletim informativo para receber as \u00faltimas not\u00edcias diretamente na sua caixa de entrada<\/strong><\/p>\n<\/div><\/div>\n<p><br \/>\n<br \/><a href=\"https:\/\/wsvn.com\/news\/investigations\/urgent-need-state-lawmaker-files-bill-to-boost-safety-requirements-after-teen-hit-exiting-private-school-shuttle-with-no-stop-sign\/\">Source link <\/a><\/p>","protected":false},"excerpt":{"rendered":"<p>(WSVN) &#8211; Um estudante do sul da Fl\u00f3rida foi atropelado e ferido ap\u00f3s descer do \u00f4nibus escolar. Sua m\u00e3e disse que o acidente poderia ter sido evitado. Agora, seu esfor\u00e7o&hellip;<\/p>","protected":false},"author":1,"featured_media":66628,"comment_status":"closed","ping_status":"open","sticky":false,"template":"","format":"standard","meta":{"content-type":"","footnotes":""},"categories":[1],"tags":[],"class_list":["post-66627","post","type-post","status-publish","format-standard","has-post-thumbnail","hentry","category-uncategorized"],"_links":{"self":[{"href":"https:\/\/tvbrazilusa.com\/pt\/wp-json\/wp\/v2\/posts\/66627","targetHints":{"allow":["GET"]}}],"collection":[{"href":"https:\/\/tvbrazilusa.com\/pt\/wp-json\/wp\/v2\/posts"}],"about":[{"href":"https:\/\/tvbrazilusa.com\/pt\/wp-json\/wp\/v2\/types\/post"}],"author":[{"embeddable":true,"href":"https:\/\/tvbrazilusa.com\/pt\/wp-json\/wp\/v2\/users\/1"}],"replies":[{"embeddable":true,"href":"https:\/\/tvbrazilusa.com\/pt\/wp-json\/wp\/v2\/comments?post=66627"}],"version-history":[{"count":1,"href":"https:\/\/tvbrazilusa.com\/pt\/wp-json\/wp\/v2\/posts\/66627\/revisions"}],"predecessor-version":[{"id":66629,"href":"https:\/\/tvbrazilusa.com\/pt\/wp-json\/wp\/v2\/posts\/66627\/revisions\/66629"}],"wp:featuredmedia":[{"embeddable":true,"href":"https:\/\/tvbrazilusa.com\/pt\/wp-json\/wp\/v2\/media\/66628"}],"wp:attachment":[{"href":"https:\/\/tvbrazilusa.com\/pt\/wp-json\/wp\/v2\/media?parent=66627"}],"wp:term":[{"taxonomy":"category","embeddable":true,"href":"https:\/\/tvbrazilusa.com\/pt\/wp-json\/wp\/v2\/categories?post=66627"},{"taxonomy":"post_tag","embeddable":true,"href":"https:\/\/tvbrazilusa.com\/pt\/wp-json\/wp\/v2\/tags?post=66627"}],"curies":[{"name":"wp","href":"https:\/\/api.w.org\/{rel}","templated":true}]}}