{"id":66636,"date":"2024-11-27T04:14:15","date_gmt":"2024-11-27T04:14:15","guid":{"rendered":"https:\/\/tvbrazilusa.com\/2024\/11\/27\/veja-como-essas-celebridades-da-nova-inglaterra-se-posicionaram-no-final-da-temporada-de-dancing-with-the-stars\/"},"modified":"2024-11-27T04:24:28","modified_gmt":"2024-11-27T04:24:28","slug":"veja-como-essas-celebridades-da-nova-inglaterra-se-posicionaram-no-final-da-temporada-de-dancing-with-the-stars","status":"publish","type":"post","link":"https:\/\/tvbrazilusa.com\/pt\/2024\/11\/27\/veja-como-essas-celebridades-da-nova-inglaterra-se-posicionaram-no-final-da-temporada-de-dancing-with-the-stars\/","title":{"rendered":"Veja como essas celebridades da Nova Inglaterra se posicionaram no final da temporada de Dancing With the Stars"},"content":{"rendered":"<p> <script async src=\"https:\/\/pagead2.googlesyndication.com\/pagead\/js\/adsbygoogle.js?client=ca-pub-8864793242727901\"\r\n     crossorigin=\"anonymous\"><\/script><br \/>\n<\/p>\n<div id=\"\">\n<header class=\"m-article-header m-article-header--standard\">\n\t\t\t\t\t\t\t\t\t\t\t\t<span id=\"article-header-primary-term\"><br \/>\n\t\t\t\t\t\t\t\t<a class=\"a-term a-term--primary\" href=\"https:\/\/www.boston.com\/tag\/entertainment\/\"><\/p>\n<p>\t\t\t\t\t\t\t\tEntretenimento\t\t\t\t\t\t\t\t<\/a><br \/>\n\t\t\t\t\t\t\t<\/span><\/p>\n<h2 class=\"m-article-header__sub-headline\">\u201cWhitney \u00e9 como Gronk, Edelman e Brady reunidos em um s\u00f3\u201d, disse o ex-jogador do Patriots, Danny Amendola, sobre seu parceiro profissional.<\/h2>\n<figure class=\"a-photo m-article-header__photo\"><figcaption class=\"a-photo__caption\">\n<p>\tA partir da esquerda: Alfonso Ribeiro, Ilona Maher e Alan Bersten em \u201cDancing with the Stars\u201d.<em> Eric McCandless<\/em>\t<\/figcaption><\/figure>\n<\/header>\n<p>Eles podem jogar futebol, podem ganhar medalhas ol\u00edmpicas, e agora essas tr\u00eas celebridades ligadas \u00e0 Nova Inglaterra podem dizer que s\u00e3o dan\u00e7arinos de sal\u00e3o de boa-f\u00e9 depois de suas passagens de uma temporada no <a href=\"https:\/\/www.boston.com\/news\/entertainment\/2024\/09\/17\/dancing-with-the-stars-new-england-contestants\/\">Dan\u00e7ando com as estrelas<\/a>. <\/p>\n<p>Dois atletas ol\u00edmpicos que competiram em Paris neste ver\u00e3o \u2013 nativo de Worcester e ginasta <a href=\"https:\/\/www.boston.com\/sports\/sports-news\/2024\/07\/30\/stephen-nedoroscik-u-s-pommel-horse-specialist-gymnastics-olympics\/\">Stephen Nederosick<\/a>e jogador nativo de Burlington e rugby de sete <a href=\"https:\/\/www.boston.com\/sports\/sports\/2024\/07\/30\/ilona-maher-what-to-know-womens-rugby-olympics\/\">Ilona Maher<\/a> \u2013 al\u00e9m do ex-jogador do Patriots <a href=\"https:\/\/www.boston.com\/sports\/nfl\/2022\/07\/26\/former-patriots-receiver-danny-amendola-retires\/\">Danny Am\u00eandola<\/a> estavam entre as cinco duplas de finalistas que competiram pelo cobi\u00e7ado Trof\u00e9u Mirrorball na noite de ter\u00e7a-feira. <\/p>\n<p>O <a href=\"https:\/\/deadline.com\/2024\/11\/dancing-with-the-stars-season-33-semifinals-viewership-ratings-abc-1236183934\/\">temporada recorde<\/a> terminou com um estrondo na ter\u00e7a-feira, quando uma combina\u00e7\u00e3o de pontua\u00e7\u00f5es dos jurados e votos do p\u00fablico declarou a estrela de \u201cThe Bachelor\u201d, Joey Graziadei, o vencedor.<\/p>\n<p>Para ver a classifica\u00e7\u00e3o dos New Englanders, leia mais abaixo.<\/p>\n<h2 class=\"wp-block-heading\" id=\"h-former-patriots-player-danny-amendola\"><strong>Ex-jogador dos Patriots Danny Amendola<\/strong><\/h2>\n<p>S\u00f3 porque o wide receiver se aposentou da NFL em 2022 n\u00e3o significa que ele parou de competir. Desta vez foi na pista de dan\u00e7a e n\u00e3o no campo de futebol. <\/p>\n<div class=\"wp-block-image\">\n<figure class=\"alignleft size-full\"><img loading=\"lazy\" decoding=\"async\" width=\"2560\" height=\"2052\" src=\"https:\/\/bdc2020.o0bc.com\/wp-content\/uploads\/2023\/02\/Danny_Amendola_Super_Bowl-63f7d6bfa779f-scaled.jpg\" alt=\"O wide receiver do New England Patriots, Danny Amendola (80), reage durante o segundo tempo do jogo de futebol americano NFL Super Bowl XLIX contra o Seattle Seahawks no domingo, 1\u00ba de fevereiro de 2015, em Glendale, Arizona.\" class=\"wp-image-27046119\" srcset=\"https:\/\/bdc2020.o0bc.com\/wp-content\/uploads\/2023\/02\/Danny_Amendola_Super_Bowl-63f7d6bfa779f-scaled.jpg?width=200 200w, https:\/\/bdc2020.o0bc.com\/wp-content\/uploads\/2023\/02\/Danny_Amendola_Super_Bowl-63f7d6bfa779f-scaled.jpg?width=300 300w, https:\/\/bdc2020.o0bc.com\/wp-content\/uploads\/2023\/02\/Danny_Amendola_Super_Bowl-63f7d6bfa779f-scaled.jpg?width=400 400w, https:\/\/bdc2020.o0bc.com\/wp-content\/uploads\/2023\/02\/Danny_Amendola_Super_Bowl-63f7d6bfa779f-scaled.jpg?width=500 500w, https:\/\/bdc2020.o0bc.com\/wp-content\/uploads\/2023\/02\/Danny_Amendola_Super_Bowl-63f7d6bfa779f-scaled.jpg?width=600 600w, https:\/\/bdc2020.o0bc.com\/wp-content\/uploads\/2023\/02\/Danny_Amendola_Super_Bowl-63f7d6bfa779f-scaled.jpg?width=700 700w, https:\/\/bdc2020.o0bc.com\/wp-content\/uploads\/2023\/02\/Danny_Amendola_Super_Bowl-63f7d6bfa779f-scaled.jpg?width=800 800w, https:\/\/bdc2020.o0bc.com\/wp-content\/uploads\/2023\/02\/Danny_Amendola_Super_Bowl-63f7d6bfa779f-scaled.jpg?width=900 900w\" sizes=\"auto, (max-width: 2560px) 100vw, 2560px\"\/><figcaption class=\"wp-element-caption\">Danny Amendola desempenhou um papel fundamental na vit\u00f3ria da Nova Inglaterra sobre os Seahawks no Super Bowl XLIX. <i> \u2013Matt Slocum\/AP<\/i><\/figcaption><\/figure>\n<\/div>\n<p>Para sua \u00faltima apari\u00e7\u00e3o na competi\u00e7\u00e3o, Amendola e seu parceiro profissional Whitney Carson cantaram um tango ao som de \u201cI Had Some Help\u201d de Post Malone com Morgan Wallen e mais tarde canalizaram Barbie com uma rotina de estilo livre para \u201cPink\u201d de Lizzo e \u201cI&#8217;m Apenas Ken\u201d, de Ryan Gosling.<\/p>\n<p>\u201cWhitney \u00e9 como Gronk, Edelman e Brady reunidos em um s\u00f3\u201d, disse Amendola sobre seu parceiro profissional.<\/p>\n<p>Em sua primeira dan\u00e7a, ele acertou todos os nove dos jurados Carrie Ann Inaba, Derek Hough e Bruno Tonioli. Em seu segundo round no ch\u00e3o, ele marcou 29\/30.<\/p>\n<p>Ele ficou em quinto lugar geral.<\/p>\n<h2 class=\"wp-block-heading\" id=\"h-rugby-player-olympic-medalist-and-influencer-ilona-maher\"><strong>Jogadora de rugby, medalhista ol\u00edmpica e influenciadora Ilona Maher<\/strong><\/h2>\n<p>Ilona Maher, nativa de Burlington, tornou-se conhecida tanto como atleta ol\u00edmpica quanto como influenciadora no TikTok, conhecida por seu foco no empoderamento e na positividade corporal. <\/p>\n<div class=\"wp-block-image\">\n<figure class=\"alignleft size-full\"><img loading=\"lazy\" decoding=\"async\" width=\"2560\" height=\"2048\" src=\"https:\/\/bdc2020.o0bc.com\/wp-content\/uploads\/2024\/10\/QJAOGZKKZVGWRIYD6XZCBILGHQ-670fc25c37dfb-scaled.jpg\" alt=\"\" class=\"wp-image-32185304\" srcset=\"https:\/\/bdc2020.o0bc.com\/wp-content\/uploads\/2024\/10\/QJAOGZKKZVGWRIYD6XZCBILGHQ-670fc25c37dfb-scaled.jpg?width=200 200w, https:\/\/bdc2020.o0bc.com\/wp-content\/uploads\/2024\/10\/QJAOGZKKZVGWRIYD6XZCBILGHQ-670fc25c37dfb-scaled.jpg?width=300 300w, https:\/\/bdc2020.o0bc.com\/wp-content\/uploads\/2024\/10\/QJAOGZKKZVGWRIYD6XZCBILGHQ-670fc25c37dfb-scaled.jpg?width=400 400w, https:\/\/bdc2020.o0bc.com\/wp-content\/uploads\/2024\/10\/QJAOGZKKZVGWRIYD6XZCBILGHQ-670fc25c37dfb-scaled.jpg?width=500 500w, https:\/\/bdc2020.o0bc.com\/wp-content\/uploads\/2024\/10\/QJAOGZKKZVGWRIYD6XZCBILGHQ-670fc25c37dfb-scaled.jpg?width=600 600w, https:\/\/bdc2020.o0bc.com\/wp-content\/uploads\/2024\/10\/QJAOGZKKZVGWRIYD6XZCBILGHQ-670fc25c37dfb-scaled.jpg?width=700 700w, https:\/\/bdc2020.o0bc.com\/wp-content\/uploads\/2024\/10\/QJAOGZKKZVGWRIYD6XZCBILGHQ-670fc25c37dfb-scaled.jpg?width=800 800w, https:\/\/bdc2020.o0bc.com\/wp-content\/uploads\/2024\/10\/QJAOGZKKZVGWRIYD6XZCBILGHQ-670fc25c37dfb-scaled.jpg?width=900 900w\" sizes=\"auto, (max-width: 2560px) 100vw, 2560px\"\/><figcaption class=\"wp-element-caption\">Ilona Maher dan\u00e7a \u201cMy Way\u201d com o parceiro Alan Bersten.<\/figcaption><\/figure>\n<\/div>\n<p>Ela, junto com o parceiro Alan Bersten, executou um jive para \u201cShake a Tail Feather\u201d de Ray Charles and the Blues Brothers e uma rotina de estilo livre para \u201cFeminineominon\u201d de Chappel Roan.<\/p>\n<p>\u201cEu consegui interpretar tantos personagens e esta noite, eu posso apenas interpretar a mim mesma\u201d, disse ela. <\/p>\n<p>O painel de jurados concedeu-lhe 27\/30 por seu jive &#8211; uma dan\u00e7a que ela fez <a href=\"https:\/\/www.today.com\/popculture\/tv\/ilona-maher-emotional-moment-dancing-with-the-stars-rcna174818\">lutou com anteriormente<\/a> \u2013 e 30\/30 para seu estilo livre.<\/p>\n<p>O vencedor da medalha de bronze chegou aos dois finalistas, mas ficou em segundo lugar no final. <\/p>\n<h2 class=\"wp-block-heading\" id=\"h-olympic-gymnast-stephen-nedoroscik-a-k-a-pommel-horse-guy\"><strong>O ginasta ol\u00edmpico Stephen Nedoroscik, tamb\u00e9m conhecido como \u201ccara do cavalo com al\u00e7as\u201d<\/strong><\/h2>\n<p>Voc\u00ea deve conhecer Stephen Nedoroscisk, natural de Worcester, por sua impressionante passagem pela equipe dos EUA, onde ganhou duas medalhas de bronze ol\u00edmpicas competindo no cavalo com al\u00e7as com seus \u00f3culos caracter\u00edsticos neste ver\u00e3o.<\/p>\n<p>Ele tratou o sal\u00e3o de baile como seu cavalo com al\u00e7as na sexta-feira, realizando uma rotina emocionante que destacou seu amor pela gin\u00e1stica masculina. Ao lado de seu parceiro Rylee Arnold, Nedoroscik executou um freestyle para \u201cViva La Vida\u201d do Coldplay e um passo r\u00e1pido para \u201cI&#8217;ll Be There for You\u201d do The Rembrandts.<\/p>\n<figure class=\"wp-block-image size-full\"><img loading=\"lazy\" decoding=\"async\" width=\"2560\" height=\"1707\" src=\"https:\/\/bdc2020.o0bc.com\/wp-content\/uploads\/2024\/11\/5VKDQEH5RNEUJE22ORA3S2HO7Q-6732681c46b76-scaled.jpg\" alt=\"\" class=\"wp-image-32332308\" srcset=\"https:\/\/bdc2020.o0bc.com\/wp-content\/uploads\/2024\/11\/5VKDQEH5RNEUJE22ORA3S2HO7Q-6732681c46b76-scaled.jpg?width=200 200w, https:\/\/bdc2020.o0bc.com\/wp-content\/uploads\/2024\/11\/5VKDQEH5RNEUJE22ORA3S2HO7Q-6732681c46b76-scaled.jpg?width=300 300w, https:\/\/bdc2020.o0bc.com\/wp-content\/uploads\/2024\/11\/5VKDQEH5RNEUJE22ORA3S2HO7Q-6732681c46b76-scaled.jpg?width=400 400w, https:\/\/bdc2020.o0bc.com\/wp-content\/uploads\/2024\/11\/5VKDQEH5RNEUJE22ORA3S2HO7Q-6732681c46b76-scaled.jpg?width=500 500w, https:\/\/bdc2020.o0bc.com\/wp-content\/uploads\/2024\/11\/5VKDQEH5RNEUJE22ORA3S2HO7Q-6732681c46b76-scaled.jpg?width=600 600w, https:\/\/bdc2020.o0bc.com\/wp-content\/uploads\/2024\/11\/5VKDQEH5RNEUJE22ORA3S2HO7Q-6732681c46b76-scaled.jpg?width=700 700w, https:\/\/bdc2020.o0bc.com\/wp-content\/uploads\/2024\/11\/5VKDQEH5RNEUJE22ORA3S2HO7Q-6732681c46b76-scaled.jpg?width=800 800w, https:\/\/bdc2020.o0bc.com\/wp-content\/uploads\/2024\/11\/5VKDQEH5RNEUJE22ORA3S2HO7Q-6732681c46b76-scaled.jpg?width=900 900w\" sizes=\"auto, (max-width: 2560px) 100vw, 2560px\"\/><figcaption class=\"wp-element-caption\">Stephen Nedoroscik e Rylee Arnold se apresentando em \u201cDancing with the Stars\u201d.<i> \u2013Disney\/Eric McCandless<\/i><\/figcaption><\/figure>\n<p>\u201cQuando eu estava nas Olimp\u00edadas, sofri muita press\u00e3o e tamb\u00e9m lidei com isso perfeitamente\u201d, disse ele sobre seu tempo no sal\u00e3o de baile Dancing With the Stars.<\/p>\n<p>Nedoroscik marcou 29\/30 para o Quickstep e 30\/30 para o Freestyle &#8211; a primeira pontua\u00e7\u00e3o perfeita dele e de Arnold na temporada. Ele e Arnold ficaram em quarto lugar geral.<\/p>\n<div class=\"o-author-single has-avatar\">\n<header class=\"m-author-card\">\n<div class=\"a-image a-image--square m-author-card__image\">\n\t\t<img decoding=\"async\" class=\"\" src=\"https:\/\/www.boston.com\/wp-content\/uploads\/2024\/10\/cropped-IMG_3991-67074863afa93-670748777d549-242x242.jpg\" alt=\"Imagem do perfil de Eva Levin\"\/>\t<\/div>\n<\/header>\n<section class=\"author-info\">\n<hr class=\"m-author__section--hr\"\/>\n<div class=\"m-author__section\">\n<p>Eva Levin \u00e9 uma cooperativa de tarefas gerais do Boston.com. Ela cobre not\u00edcias locais e de \u00faltima hora em Boston e al\u00e9m.<\/p>\n<\/div>\n<hr class=\"m-author__section--hr\"\/>\t<\/section>\n<\/div>\n<div class=\"m-block m-generic-cta\t m-generic-cta--post-content\t m-generic-cta--dark\t m-generic-cta--homepage\t m-generic-cta--email-signup\t\t m-generic-cta-block-style--default \tt-amp__generic-cta\"><\/p>\n<div class=\"m-generic-cta__wrap\">\n<div class=\"m-generic-cta__content\">\n<h3 class=\"m-generic-cta__title\">Boston.com hoje<\/h3>\n<p class=\"m-generic-cta__subtitle\">Inscreva-se para receber as \u00faltimas manchetes em sua caixa de entrada todas as manh\u00e3s.<\/p>\n<\/p><\/div>\n<\/p><\/div>\n<\/div><\/div>\n<p><script>\n\t\tvar consent=\"grant\";\n\t\t\/* The above code is parsing the JSON data from the local storage and storing it in a variable. *\/\n\t\t\t\t\tconst onetrustStorageConsent = JSON.parse(localStorage.getItem( 'consent_one_trust_bdc' ) );\n\t\t\tif ( ( onetrustStorageConsent !== null ) ) {\n\t\t\t\t\/* Checking to see if the user has consented to the use of cookies.\n\t\t\t\t* If they have not, it is deleting the cookie.\n\t\t\t\t* This will comment for now, until further notice.\n\t\t\t\t*\/\n\t\t\t\t\/\/if ( onetrustStorageConsent.C0002 === false ) {\n\t\t\t\t\/\/\tdocument.cookie=\"_fbp=;expires=Thu, 01 Jan 2010 00:00:00 UTC; path=\/; domain=.boston.com\";\n\t\t\t\t\/\/}\n\t\t\t\t\/* Checking if the user has given consent for the cookie C0002.\n\t\t\t\t* If the user has given consent, the variable consent will be set to 'grant'.\n\t\t\t\t* If the user has not given consent,the variable consent will be set to 'revoke'.\n\t\t\t\t* Documentation https:\/\/developers.facebook.com\/docs\/meta-pixel\/implementation\/gdpr\n\t\t\t\t*\/\n\t\t\t\tif ( onetrustStorageConsent.C0002 !== true ) {\n\t\t\t\t\tconsent=\"revoke\";\n\t\t\t\t}\n\t\t\t}\n\t\t\t\t!function(f,b,e,v,n,t,s)\n\t\t{if(f.fbq)return;n=f.fbq=function(){n.callMethod?\n\t\tn.callMethod.apply(n,arguments):n.queue.push(arguments)};\n\t\tif(!f._fbq)f._fbq=n;n.push=n;n.loaded=!0;n.version='2.0';\n\t\tn.queue=[];t=b.createElement(e);t.async=!0;\n\t\tt.src=v;s=b.getElementsByTagName(e)[0];\n\t\ts.parentNode.insertBefore(t,s)}(window, document,'script',\n\t\t'https:\/\/connect.facebook.net\/en_US\/fbevents.js');\n\t\tfbq('consent', consent);\n\t\tfbq('init', '989222871864976');\n\t\tfbq('track', 'PageView');\n\t<\/script><script type=\"module\">\n\t\tvar consent=\"grant\";\n\t\t\/* The above code is parsing the JSON data from the local storage and storing it in a variable. *\/\n\t\t\tconst onetrustStorageConsent = JSON.parse(localStorage.getItem( 'consent_one_trust_bdc' ) );\n\t\t\t\/* Checking to see if the user has consented to the use of cookies.\n\t\t\t* If they have not, it is deleting the cookie.\n\t\t\t* This will comment for now, until further notice.\n\t\t\t*\/\n\t\t\t\/\/if ( onetrustStorageConsent.C0002 === false ) {\n\t\t\t\/\/\tdocument.cookie=\"_fbp=;expires=Thu, 01 Jan 2010 00:00:00 UTC; path=\/; domain=.boston.com\";\n\t\t\t\/\/}\n\t\t\t\/* Checking if the user has given consent for the cookie C0002.\n\t\t\t* If the user has given consent, the variable consent will be set to 'grant'.\n\t\t\t* If the user has not given consent,the variable consent will be set to 'revoke'.\n\t\t\t* Documentation https:\/\/developers.facebook.com\/docs\/meta-pixel\/implementation\/gdpr\n\t\t\t*\/\n\t\t\tif ( ( onetrustStorageConsent !== null ) && (onetrustStorageConsent.C0002 !== true ) ) {\n\t\t\t\tconsent=\"revoke\";\n\t\t\t}\n\t\t\t\t!function(f,b,e,v,n,t,s){if(f.fbq)return;n=f.fbq=function()\n\t\t{n.callMethod? n.callMethod.apply(n,arguments):n.queue.push(arguments)}\n\t\t;if(!f._fbq)f._fbq=n;\n\t\tn.push=n;n.loaded=!0;n.version='2.0';n.queue=[];t=b.createElement(e);t.async=!0;\n\t\tt.src=v;s=b.getElementsByTagName(e)[0];s.parentNode.insertBefore(t,s)}(window,\n\t\tdocument,'script','https:\/\/connect.facebook.net\/en_US\/fbevents.js');\n\t\tfbq('consent', consent);\n\t\tfbq('init', '813236348753005');\n\t\tfbq('track', \"PageView\");\n\t<\/script><br \/>\n<br \/><br \/>\n<br \/><a href=\"https:\/\/www.boston.com\/culture\/entertainment\/2024\/11\/26\/new-englanders-perform-on-dancing-with-the-stars\/\">Source link <\/a><\/p>","protected":false},"excerpt":{"rendered":"<p>Entretenimento \u201cWhitney \u00e9 como Gronk, Edelman e Brady reunidos em um s\u00f3\u201d, disse o ex-jogador do Patriots, Danny Amendola, sobre seu parceiro profissional. A partir da esquerda: Alfonso Ribeiro, Ilona&hellip;<\/p>","protected":false},"author":1,"featured_media":66637,"comment_status":"closed","ping_status":"open","sticky":false,"template":"","format":"standard","meta":{"content-type":"","footnotes":""},"categories":[1],"tags":[],"class_list":["post-66636","post","type-post","status-publish","format-standard","has-post-thumbnail","hentry","category-uncategorized"],"_links":{"self":[{"href":"https:\/\/tvbrazilusa.com\/pt\/wp-json\/wp\/v2\/posts\/66636","targetHints":{"allow":["GET"]}}],"collection":[{"href":"https:\/\/tvbrazilusa.com\/pt\/wp-json\/wp\/v2\/posts"}],"about":[{"href":"https:\/\/tvbrazilusa.com\/pt\/wp-json\/wp\/v2\/types\/post"}],"author":[{"embeddable":true,"href":"https:\/\/tvbrazilusa.com\/pt\/wp-json\/wp\/v2\/users\/1"}],"replies":[{"embeddable":true,"href":"https:\/\/tvbrazilusa.com\/pt\/wp-json\/wp\/v2\/comments?post=66636"}],"version-history":[{"count":1,"href":"https:\/\/tvbrazilusa.com\/pt\/wp-json\/wp\/v2\/posts\/66636\/revisions"}],"predecessor-version":[{"id":66638,"href":"https:\/\/tvbrazilusa.com\/pt\/wp-json\/wp\/v2\/posts\/66636\/revisions\/66638"}],"wp:featuredmedia":[{"embeddable":true,"href":"https:\/\/tvbrazilusa.com\/pt\/wp-json\/wp\/v2\/media\/66637"}],"wp:attachment":[{"href":"https:\/\/tvbrazilusa.com\/pt\/wp-json\/wp\/v2\/media?parent=66636"}],"wp:term":[{"taxonomy":"category","embeddable":true,"href":"https:\/\/tvbrazilusa.com\/pt\/wp-json\/wp\/v2\/categories?post=66636"},{"taxonomy":"post_tag","embeddable":true,"href":"https:\/\/tvbrazilusa.com\/pt\/wp-json\/wp\/v2\/tags?post=66636"}],"curies":[{"name":"wp","href":"https:\/\/api.w.org\/{rel}","templated":true}]}}