{"id":66644,"date":"2024-11-27T04:47:57","date_gmt":"2024-11-27T04:47:57","guid":{"rendered":"https:\/\/tvbrazilusa.com\/2024\/11\/27\/brown-university-transfere-225-acres-para-a-tribo-pokanoket-em-rhode-island\/"},"modified":"2024-11-27T04:49:09","modified_gmt":"2024-11-27T04:49:09","slug":"brown-university-transfere-225-acres-para-a-tribo-pokanoket-em-rhode-island","status":"publish","type":"post","link":"https:\/\/tvbrazilusa.com\/pt\/2024\/11\/27\/brown-university-transfere-225-acres-para-a-tribo-pokanoket-em-rhode-island\/","title":{"rendered":"Brown University transfere 225 acres para a tribo Pokanoket em Rhode Island"},"content":{"rendered":"<p> <script async src=\"https:\/\/pagead2.googlesyndication.com\/pagead\/js\/adsbygoogle.js?client=ca-pub-8864793242727901\"\r\n     crossorigin=\"anonymous\"><\/script><br \/>\n<\/p>\n<div id=\"\">\n<header class=\"m-article-header m-article-header--standard\">\n\t\t\t\t\t\t\t\t\t\t\t\t<span id=\"article-header-primary-term\"><br \/>\n\t\t\t\t\t\t\t\t<a class=\"a-term a-term--primary\" href=\"https:\/\/www.boston.com\/tag\/local-news\/\"><\/p>\n<p>\t\t\t\t\t\t\t\tNot\u00edcias locais\t\t\t\t\t\t\t\t<\/a><br \/>\n\t\t\t\t\t\t\t<\/span><\/p>\n<h2 class=\"m-article-header__sub-headline\">A terra foi a resid\u00eancia ancestral de um l\u00edder hist\u00f3rico da tribo Pokanoket que morreu durante a Guerra do Rei Filipe em 1676.<\/h2>\n<figure class=\"a-photo m-article-header__photo\"><figcaption class=\"a-photo__caption\">\n<p>\tMembros da tribo ind\u00edgena Pokanoket, liderada por Sachem Dancing Star, abriram o port\u00e3o para um local de 255 acres em Bristol, RI, no domingo, depois que a Brown University transferiu a terra para um fundo tribal.<em> Cortesia de Sachem Dancing Star<\/em>\t<\/figcaption><\/figure>\n<\/header>\n<p>A Brown University transferiu 225 acres em Bristol, Rhode Island, para um fundo de preserva\u00e7\u00e3o estabelecido pela Tribo Pokanoket, uma tribo ind\u00edgena com la\u00e7os hist\u00f3ricos e culturais com a propriedade.<\/p>\n<p>Brown adquiriu uma propriedade de 375 acres em 1955 em Mount Hope, onde a universidade tem seu Museu Haffenreffer de Antropologia e um centro tur\u00edstico. O museu ser\u00e1 transferido para Providence, disse a universidade da Ivy League.<\/p>\n<p>Mount Hope tamb\u00e9m \u00e9 a casa ancestral de Metacom, um l\u00edder dos Pokanoket tamb\u00e9m conhecido como Rei Philip, que morreu l\u00e1 durante a Guerra do Rei Philip em 1676. Metacom era o chefe sachem dos Wampanoag quando os ingleses compraram suas terras na d\u00e9cada de 1670. <\/p>\n<p>A transfer\u00eancia ocorre ap\u00f3s um acordo de 2017 que encerrou um <a href=\"https:\/\/www.brown.edu\/news\/2017-09-25\/agreement\">acampamento Pokanoket com dura\u00e7\u00e3o de um m\u00eas<\/a> no local.<\/p>\n<p>O sachem (ou chefe) da Tribo Pokanoket, Tracey \u201cDancing Star\u201d Trezvant Guy disse <a href=\"https:\/\/www.bostonglobe.com\/2024\/11\/20\/metro\/brown-university-pokanoket-tribe-land-transfer-bristol-ri\/\"><em>O Globo de Boston<\/em><\/a>  que a tribo planeja fazer uma avalia\u00e7\u00e3o da terra, que \u00e9 conhecida como Potumtuk, que significa \u201co mirante do Pokanoket\u201d.<\/p>\n<p>\u201cO significado desta terra remonta a tempos imemoriais para o nosso povo\u201d, disse ela numa declara\u00e7\u00e3o ao <em>Globo<\/em>. \u201cPela primeira vez em mais de 340 anos, destrancamos n\u00f3s mesmos os port\u00f5es da propriedade e entramos em nossas terras. Isso \u00e9 significativo. \u00c9 hist\u00f3rico.\u201d<\/p>\n<p>A transfer\u00eancia de terras, que n\u00e3o pode ser alterada, diz que o Pokanoket \u201cdever\u00e1 sempre e em perpetuidade fornecer e manter acesso \u00e0s terras e \u00e1guas da Propriedade a todos os membros de todas as Tribos que historicamente fazem parte da Na\u00e7\u00e3o\/Confedera\u00e7\u00e3o Pokanoket, e a todos os membros da Tribo Wampanoag de Gay Head (Aquinnah), da Tribo Mashpee Wampanoag, da Banda Assonet da Na\u00e7\u00e3o Wampanoag, do Arenque Tribo Pond Wampanoag e Tribo Pocasset da Na\u00e7\u00e3o Pokanoket.<\/p>\n<p>Russell Carey, vice-presidente executivo de planejamento e pol\u00edtica da Brown, disse que a doa\u00e7\u00e3o original \u00e0 universidade pedia que a universidade estivesse atenta \u00e0 \u201cgrande beleza natural da propriedade, ao seu contexto hist\u00f3rico ou aos melhores interesses da comunidade de Bristol\u201d.<\/p>\n<p>\u201cEssas palavras permanecem t\u00e3o verdadeiras e relevantes hoje como quando foram escritas h\u00e1 quase 70 anos, e as medidas que estamos tomando para preservar a terra para sempre s\u00e3o, acreditamos, totalmente consistentes com essa vis\u00e3o\u201d, disse Carey.<\/p>\n<p>Brown est\u00e1 vendendo o restante da propriedade para a cidade de Bristol para preserva\u00e7\u00e3o e conversa\u00e7\u00e3o. A venda ser\u00e1 finalizada no in\u00edcio de 2025.<\/p>\n<div class=\"o-author-single has-avatar\">\n<header class=\"m-author-card\">\n<div class=\"a-image a-image--square m-author-card__image\">\n\t\t<img decoding=\"async\" class=\"\" src=\"https:\/\/www.boston.com\/wp-content\/uploads\/2024\/10\/cropped-molly-farrar-6707200226887-6707200bea6c0-242x242.jpg\" alt=\"Imagem do perfil de Molly Farrar\"\/>\t<\/div>\n<\/header>\n<section class=\"author-info\">\n<hr class=\"m-author__section--hr\"\/>\n<div class=\"m-author__section\">\n<p>Molly Farrar \u00e9 rep\u00f3rter geral do Boston.com, com foco em educa\u00e7\u00e3o, pol\u00edtica, crime e muito mais.<\/p>\n<\/div>\n<hr class=\"m-author__section--hr\"\/>\t<\/section>\n<\/div>\n<div class=\"m-block m-generic-cta\t m-generic-cta--post-content\t m-generic-cta--dark\t m-generic-cta--homepage\t m-generic-cta--email-signup\t\t m-generic-cta-block-style--default \tt-amp__generic-cta\"><\/p>\n<div class=\"m-generic-cta__wrap\">\n<div class=\"m-generic-cta__content\">\n<h3 class=\"m-generic-cta__title\">Boston.com hoje<\/h3>\n<p class=\"m-generic-cta__subtitle\">Inscreva-se para receber as \u00faltimas manchetes em sua caixa de entrada todas as manh\u00e3s.<\/p>\n<\/p><\/div>\n<\/p><\/div>\n<\/div><\/div>\n<p><script>\n\t\tvar consent=\"grant\";\n\t\t\/* The above code is parsing the JSON data from the local storage and storing it in a variable. *\/\n\t\t\t\t\tconst onetrustStorageConsent = JSON.parse(localStorage.getItem( 'consent_one_trust_bdc' ) );\n\t\t\tif ( ( onetrustStorageConsent !== null ) ) {\n\t\t\t\t\/* Checking to see if the user has consented to the use of cookies.\n\t\t\t\t* If they have not, it is deleting the cookie.\n\t\t\t\t* This will comment for now, until further notice.\n\t\t\t\t*\/\n\t\t\t\t\/\/if ( onetrustStorageConsent.C0002 === false ) {\n\t\t\t\t\/\/\tdocument.cookie=\"_fbp=;expires=Thu, 01 Jan 2010 00:00:00 UTC; path=\/; domain=.boston.com\";\n\t\t\t\t\/\/}\n\t\t\t\t\/* Checking if the user has given consent for the cookie C0002.\n\t\t\t\t* If the user has given consent, the variable consent will be set to 'grant'.\n\t\t\t\t* If the user has not given consent,the variable consent will be set to 'revoke'.\n\t\t\t\t* Documentation https:\/\/developers.facebook.com\/docs\/meta-pixel\/implementation\/gdpr\n\t\t\t\t*\/\n\t\t\t\tif ( onetrustStorageConsent.C0002 !== true ) {\n\t\t\t\t\tconsent=\"revoke\";\n\t\t\t\t}\n\t\t\t}\n\t\t\t\t!function(f,b,e,v,n,t,s)\n\t\t{if(f.fbq)return;n=f.fbq=function(){n.callMethod?\n\t\tn.callMethod.apply(n,arguments):n.queue.push(arguments)};\n\t\tif(!f._fbq)f._fbq=n;n.push=n;n.loaded=!0;n.version='2.0';\n\t\tn.queue=[];t=b.createElement(e);t.async=!0;\n\t\tt.src=v;s=b.getElementsByTagName(e)[0];\n\t\ts.parentNode.insertBefore(t,s)}(window, document,'script',\n\t\t'https:\/\/connect.facebook.net\/en_US\/fbevents.js');\n\t\tfbq('consent', consent);\n\t\tfbq('init', '989222871864976');\n\t\tfbq('track', 'PageView');\n\t<\/script><script type=\"module\">\n\t\tvar consent=\"grant\";\n\t\t\/* The above code is parsing the JSON data from the local storage and storing it in a variable. *\/\n\t\t\tconst onetrustStorageConsent = JSON.parse(localStorage.getItem( 'consent_one_trust_bdc' ) );\n\t\t\t\/* Checking to see if the user has consented to the use of cookies.\n\t\t\t* If they have not, it is deleting the cookie.\n\t\t\t* This will comment for now, until further notice.\n\t\t\t*\/\n\t\t\t\/\/if ( onetrustStorageConsent.C0002 === false ) {\n\t\t\t\/\/\tdocument.cookie=\"_fbp=;expires=Thu, 01 Jan 2010 00:00:00 UTC; path=\/; domain=.boston.com\";\n\t\t\t\/\/}\n\t\t\t\/* Checking if the user has given consent for the cookie C0002.\n\t\t\t* If the user has given consent, the variable consent will be set to 'grant'.\n\t\t\t* If the user has not given consent,the variable consent will be set to 'revoke'.\n\t\t\t* Documentation https:\/\/developers.facebook.com\/docs\/meta-pixel\/implementation\/gdpr\n\t\t\t*\/\n\t\t\tif ( ( onetrustStorageConsent !== null ) && (onetrustStorageConsent.C0002 !== true ) ) {\n\t\t\t\tconsent=\"revoke\";\n\t\t\t}\n\t\t\t\t!function(f,b,e,v,n,t,s){if(f.fbq)return;n=f.fbq=function()\n\t\t{n.callMethod? n.callMethod.apply(n,arguments):n.queue.push(arguments)}\n\t\t;if(!f._fbq)f._fbq=n;\n\t\tn.push=n;n.loaded=!0;n.version='2.0';n.queue=[];t=b.createElement(e);t.async=!0;\n\t\tt.src=v;s=b.getElementsByTagName(e)[0];s.parentNode.insertBefore(t,s)}(window,\n\t\tdocument,'script','https:\/\/connect.facebook.net\/en_US\/fbevents.js');\n\t\tfbq('consent', consent);\n\t\tfbq('init', '813236348753005');\n\t\tfbq('track', \"PageView\");\n\t<\/script><br \/>\n<br \/><br \/>\n<br \/><a href=\"https:\/\/www.boston.com\/news\/local-news\/2024\/11\/26\/brown-university-transfers-225-acres-to-pokanoket-tribe-in-rhode-island\/\">Source link <\/a><\/p>","protected":false},"excerpt":{"rendered":"<p>Not\u00edcias locais A terra foi a resid\u00eancia ancestral de um l\u00edder hist\u00f3rico da tribo Pokanoket que morreu durante a Guerra do Rei Filipe em 1676. Membros da tribo ind\u00edgena Pokanoket,&hellip;<\/p>","protected":false},"author":1,"featured_media":66645,"comment_status":"closed","ping_status":"open","sticky":false,"template":"","format":"standard","meta":{"content-type":"","footnotes":""},"categories":[1],"tags":[],"class_list":["post-66644","post","type-post","status-publish","format-standard","has-post-thumbnail","hentry","category-uncategorized"],"_links":{"self":[{"href":"https:\/\/tvbrazilusa.com\/pt\/wp-json\/wp\/v2\/posts\/66644","targetHints":{"allow":["GET"]}}],"collection":[{"href":"https:\/\/tvbrazilusa.com\/pt\/wp-json\/wp\/v2\/posts"}],"about":[{"href":"https:\/\/tvbrazilusa.com\/pt\/wp-json\/wp\/v2\/types\/post"}],"author":[{"embeddable":true,"href":"https:\/\/tvbrazilusa.com\/pt\/wp-json\/wp\/v2\/users\/1"}],"replies":[{"embeddable":true,"href":"https:\/\/tvbrazilusa.com\/pt\/wp-json\/wp\/v2\/comments?post=66644"}],"version-history":[{"count":1,"href":"https:\/\/tvbrazilusa.com\/pt\/wp-json\/wp\/v2\/posts\/66644\/revisions"}],"predecessor-version":[{"id":66646,"href":"https:\/\/tvbrazilusa.com\/pt\/wp-json\/wp\/v2\/posts\/66644\/revisions\/66646"}],"wp:featuredmedia":[{"embeddable":true,"href":"https:\/\/tvbrazilusa.com\/pt\/wp-json\/wp\/v2\/media\/66645"}],"wp:attachment":[{"href":"https:\/\/tvbrazilusa.com\/pt\/wp-json\/wp\/v2\/media?parent=66644"}],"wp:term":[{"taxonomy":"category","embeddable":true,"href":"https:\/\/tvbrazilusa.com\/pt\/wp-json\/wp\/v2\/categories?post=66644"},{"taxonomy":"post_tag","embeddable":true,"href":"https:\/\/tvbrazilusa.com\/pt\/wp-json\/wp\/v2\/tags?post=66644"}],"curies":[{"name":"wp","href":"https:\/\/api.w.org\/{rel}","templated":true}]}}