{"id":66679,"date":"2024-11-27T09:49:15","date_gmt":"2024-11-27T09:49:15","guid":{"rendered":"https:\/\/tvbrazilusa.com\/2024\/11\/27\/bolsonaro-alega-perseguicao-e-alerta-que-a-situacao-e-extremamente-grave\/"},"modified":"2024-11-27T09:49:17","modified_gmt":"2024-11-27T09:49:17","slug":"bolsonaro-alega-perseguicao-e-alerta-que-a-situacao-e-extremamente-grave","status":"publish","type":"post","link":"https:\/\/tvbrazilusa.com\/pt\/2024\/11\/27\/bolsonaro-alega-perseguicao-e-alerta-que-a-situacao-e-extremamente-grave\/","title":{"rendered":"Bolsonaro alega persegui\u00e7\u00e3o e alerta que a situa\u00e7\u00e3o \u00e9 extremamente grave"},"content":{"rendered":"<p> <script async src=\"https:\/\/pagead2.googlesyndication.com\/pagead\/js\/adsbygoogle.js?client=ca-pub-8864793242727901\"\r\n     crossorigin=\"anonymous\"><\/script><br \/>\n<\/p>\n<div>\n<figure class=\"post-image\">\n<\/figure>\n<p>            <span style=\"font-size: 12px\">Cr\u00e9ditos: depositphotos.com \/ thenews2.com<\/span><\/p>\n<p>            <!-- end metas --><br \/>\n            <!-- ADS --><\/p>\n<div id=\"taboola-read-more\" style=\"display:block; width:100%\">\n<p>As recentes declara\u00e7\u00f5es do ex-presidente Jair Bolsonaro, negando alega\u00e7\u00f5es de envolvimento em um golpe de Estado, destacam as complexidades das investiga\u00e7\u00f5es em curso. Ele classifica as suspeitas como uma \u201cloucura\u201d e reafirma seu compromisso com as normas constitucionais vigentes.\n<\/p>\n<p><strong>Como as For\u00e7as Armadas impactam em um cen\u00e1rio de instabilidade pol\u00edtica?<\/strong><br \/>O debate sobre o papel das For\u00e7as Armadas no contexto de instabilidade pol\u00edtica ganhou destaque no Brasil. O ex-presidente afirmou que, para um golpe ocorrer, seria necess\u00e1rio o envolvimento de todas as For\u00e7as Armadas, algo que ele acredita ser fora de quest\u00e3o.<\/p>\n<p>Historicamente, as For\u00e7as Armadas s\u00e3o vistas como um pilar de estabilidade. No entanto, a alega\u00e7\u00e3o de que aguardavam por uma \u201cdecis\u00e3o pol\u00edtica\u201d gera preocupa\u00e7\u00f5es sobre o limite de sua atua\u00e7\u00e3o no escopo das leis democr\u00e1ticas.\n<\/p>\n<p><strong>Como est\u00e3o as investiga\u00e7\u00f5es contra Bolsonaro?<\/strong>\n<\/p>\n<p>A condu\u00e7\u00e3o das investiga\u00e7\u00f5es \u00e9 um ponto central em todas as discuss\u00f5es. H\u00e1 cr\u00edticas sobre a aus\u00eancia do Minist\u00e9rio P\u00fablico no processo, algo que os defensores do ex-presidente consideram um desvio das pr\u00e1ticas judiciais normais. O advogado de Bolsonaro, Paulo Amador da Cunha Bueno, tamb\u00e9m se manifestou, solicitando a inclus\u00e3o da Procuradoria-Geral da Rep\u00fablica (PGR) no processo.\n<\/p>\n<p>\u201cO procurador da Rep\u00fablica \u00e9 algu\u00e9m que preza pela sua biografia, uma pessoa extremamente respeitada, e n\u00f3s temos a convic\u00e7\u00e3o de que ele ter\u00e1 toda cautela ao analisar esta investiga\u00e7\u00e3o\u201d, destacou, em rela\u00e7\u00e3o a Paulo Gonet, que deve receber o relat\u00f3rio da PF ainda nesta semana. \u201cEsperamos que o MP tenha uma participa\u00e7\u00e3o que n\u00e3o p\u00f4de ter ao longo do tempo dessa investiga\u00e7\u00e3o. Inclusive, na gest\u00e3o anterior, por diversas vezes, houve pedido de arquivamento de inqu\u00e9ritos, que foi simplesmente ignorado\u201d, disse.<\/p>\n<p>Inclus\u00f5es anteriores e pedidos de arquivamento que n\u00e3o foram atendidos s\u00e3o pontos levantados como evid\u00eancias de uma poss\u00edvel arbitrariedade nas investiga\u00e7\u00f5es, ampliando o debate sobre a integridade do sistema jur\u00eddico.\n<\/p>\n<p><strong>Quais s\u00e3o as consequ\u00eancias de um golpe de Estado para o Brasil?<\/strong><br \/>Refletindo sobre as consequ\u00eancias hipot\u00e9ticas de um golpe, Bolsonaro abordou as poss\u00edveis repercuss\u00f5es internacionais do Brasil virar um pa\u00eds considerado antidemocr\u00e1tico. Ele enfatizou que tal a\u00e7\u00e3o seria prejudicial, isolando o pa\u00eds economicamente e politicamente do cen\u00e1rio mundial.<\/p>\n<p>Nestes contextos, an\u00e1lises costumam prever san\u00e7\u00f5es internacionais severas que comprometeriam o desenvolvimento do pa\u00eds em diversas frentes, desde econ\u00f4micas at\u00e9 culturais, afetando diretamente a vida dos cidad\u00e3os.\n<\/p>\n<p><strong>As medidas dentro das \u201cquatro linhas da Constitui\u00e7\u00e3o\u201d<\/strong>\n<\/p>\n<blockquote class=\"twitter-tweet\" data-media-max-width=\"560\">\n<p dir=\"ltr\" lang=\"pt\">Macron sabota o Brasil com mentiras ambientais. Nosso agroneg\u00f3cio \u00e9 o melhor do mundo, mas Lula n\u00e3o faz nada contra as mentiras espalhadas por seu &#8220;amigo&#8221;. Fraco e submisso! No meu governo, respondemos esses ataques \u00e0 altura. O Brasil \u00e9 SOBERANO e n\u00e3o deve se curvar a ningu\u00e9m!<br \/>\n\u2014 Jair M. Bolsonaro (@jairbolsonaro) <a href=\"https:\/\/twitter.com\/jairbolsonaro\/status\/1861417030030635498?ref_src=twsrc%5Etfw\">November 26, 2024<\/a><\/p>\n<\/blockquote>\n<\/div>\n<p>Bolsonaro destaca seu compromisso com solu\u00e7\u00f5es alinhadas com a Constitui\u00e7\u00e3o, buscando alternativas para as insatisfa\u00e7\u00f5es populares por meios legais. Declarou que todas as medidas que considerou foram dentro das normas constitucionais, rejeitando qualquer discuss\u00e3o que inclu\u00edsse alternativas ilegais.\n<\/p>\n<p>\u201cVamos supor at\u00e9 que eu fizesse uma loucura: como \u00e9 que fica o Brasil no dia seguinte? O mundo levanta a barreiras contra a gente, vira um inferno aqui. Ningu\u00e9m quer isso da\u00ed, uma loucura falar em golpe, meu Deus do c\u00e9u, loucura\u201d, afirmou. \u201cSou perseguido o tempo todo.\u201d\n<\/p>\n<p>Este posicionamento \u00e9 crucial, visto que a fortalecimento de institui\u00e7\u00f5es democr\u00e1ticas e o respeito pelo processo legal s\u00e3o fatores essenciais para a estabilidade e confian\u00e7a no sistema pol\u00edtico brasileiro.<\/p>\n<p>Fonte: Terra Brasil Not\u00edcias              <\/p>\n<\/div>\n<p><script async src=\"\/\/platform.twitter.com\/widgets.js\" charset=\"utf-8\"><\/script><br \/>\n<br \/><br \/>\n<br \/><a href=\"https:\/\/diariodobrasilnoticias.com.br\/noticia\/bolsonaro-alega-perseguicao-e-alerta-que-a-situacao-e-extremamente-grave-6746eadf10539\">Source link <\/a><\/p>","protected":false},"excerpt":{"rendered":"<p>Cr\u00e9ditos: depositphotos.com \/ thenews2.com As recentes declara\u00e7\u00f5es do ex-presidente Jair Bolsonaro, negando alega\u00e7\u00f5es de envolvimento em um golpe de Estado, destacam as complexidades das investiga\u00e7\u00f5es em curso. Ele classifica as&hellip;<\/p>","protected":false},"author":1,"featured_media":66680,"comment_status":"closed","ping_status":"open","sticky":false,"template":"","format":"standard","meta":{"content-type":"","footnotes":""},"categories":[16],"tags":[123,2448,5313,1267],"class_list":["post-66679","post","type-post","status-publish","format-standard","has-post-thumbnail","hentry","category-noticias","tag-brasil","tag-diario","tag-noticia","tag-noticias"],"_links":{"self":[{"href":"https:\/\/tvbrazilusa.com\/pt\/wp-json\/wp\/v2\/posts\/66679","targetHints":{"allow":["GET"]}}],"collection":[{"href":"https:\/\/tvbrazilusa.com\/pt\/wp-json\/wp\/v2\/posts"}],"about":[{"href":"https:\/\/tvbrazilusa.com\/pt\/wp-json\/wp\/v2\/types\/post"}],"author":[{"embeddable":true,"href":"https:\/\/tvbrazilusa.com\/pt\/wp-json\/wp\/v2\/users\/1"}],"replies":[{"embeddable":true,"href":"https:\/\/tvbrazilusa.com\/pt\/wp-json\/wp\/v2\/comments?post=66679"}],"version-history":[{"count":1,"href":"https:\/\/tvbrazilusa.com\/pt\/wp-json\/wp\/v2\/posts\/66679\/revisions"}],"predecessor-version":[{"id":66681,"href":"https:\/\/tvbrazilusa.com\/pt\/wp-json\/wp\/v2\/posts\/66679\/revisions\/66681"}],"wp:featuredmedia":[{"embeddable":true,"href":"https:\/\/tvbrazilusa.com\/pt\/wp-json\/wp\/v2\/media\/66680"}],"wp:attachment":[{"href":"https:\/\/tvbrazilusa.com\/pt\/wp-json\/wp\/v2\/media?parent=66679"}],"wp:term":[{"taxonomy":"category","embeddable":true,"href":"https:\/\/tvbrazilusa.com\/pt\/wp-json\/wp\/v2\/categories?post=66679"},{"taxonomy":"post_tag","embeddable":true,"href":"https:\/\/tvbrazilusa.com\/pt\/wp-json\/wp\/v2\/tags?post=66679"}],"curies":[{"name":"wp","href":"https:\/\/api.w.org\/{rel}","templated":true}]}}