{"id":66682,"date":"2024-11-27T10:02:27","date_gmt":"2024-11-27T10:02:27","guid":{"rendered":"https:\/\/tvbrazilusa.com\/2024\/11\/27\/gilmar-mendes-revoga-liminar-e-autoriza-o-funcionamento-de-escolas-civico-militares\/"},"modified":"2024-11-27T10:02:28","modified_gmt":"2024-11-27T10:02:28","slug":"gilmar-mendes-revoga-liminar-e-autoriza-o-funcionamento-de-escolas-civico-militares","status":"publish","type":"post","link":"https:\/\/tvbrazilusa.com\/pt\/2024\/11\/27\/gilmar-mendes-revoga-liminar-e-autoriza-o-funcionamento-de-escolas-civico-militares\/","title":{"rendered":"Gilmar Mendes revoga liminar e autoriza o funcionamento de escolas c\u00edvico-militares"},"content":{"rendered":"<p> <script async src=\"https:\/\/pagead2.googlesyndication.com\/pagead\/js\/adsbygoogle.js?client=ca-pub-8864793242727901\"\r\n     crossorigin=\"anonymous\"><\/script><br \/>\n<\/p>\n<div id=\"taboola-read-more\" style=\"display:block; width:100%\">\n<p>O ministro Gilmar Mendes, do Supremo Tribunal Federal, derrubou nesta ter\u00e7a-feira (26) a decis\u00e3o liminar do Tribunal de Justi\u00e7a de S\u00e3o Paulo que impedia a implementa\u00e7\u00e3o do programa de escolas c\u00edvico-militares no estado pelo governo Tarc\u00edsio de Freitas (Republicanos).\n<\/p>\n<p>A suspens\u00e3o da lei que permitia a cria\u00e7\u00e3o das institui\u00e7\u00f5es em S\u00e3o Paulo foi determinada em agosto pelo desembargador Luiz Antonio Figueiredo Gon\u00e7alves, relator do caso no \u00d3rg\u00e3o Especial do Tribunal de Justi\u00e7a estadual, ap\u00f3s a\u00e7\u00e3o direta de inconstitucionalidade apresentada pela Apeoesp, o sindicato dos professores do estado.<\/p>\n<p>A liminar derrubada por Gilmar Mendes determinava a suspens\u00e3o da lei at\u00e9 o julgamento de a\u00e7\u00f5es que contestam a constitucionalidade do modelo no STF.\n<\/p>\n<p>Em sua decis\u00e3o, o ministro afirma que n\u00e3o examina o m\u00e9rito, nem de maneira superficial, do argumento de inconstitucionalidade. No entanto, diz, o Tribunal de Justi\u00e7a de S\u00e3o Paulo invadiu a compet\u00eancia do STF, pois a jurisprud\u00eancia determina a suspens\u00e3o do processo na circunscri\u00e7\u00e3o estadual quando h\u00e1 a\u00e7\u00f5es de inconstitucionalidade sobre o mesmo tema tramitando na Justi\u00e7a local e no Supremo.\n<\/p>\n<p>&#8220;Estar\u00edamos a permitir que um \u00f3rg\u00e3o jurisdicionalmente inferior a esta Corte frustrasse as compet\u00eancias pr\u00f3prias do STF&#8221;, afirmou.\n<\/p>\n<p>O ministro disse ver heterodoxia na decis\u00e3o do desembargador, pois ela reconhece que a a\u00e7\u00e3o deve ser suspensa no \u00e2mbito estadual, mas mesmo assim determina a impugna\u00e7\u00e3o da lei.\n<\/p>\n<p>A deputada federal Luciene Cavalcante (PSOL), autora de uma das a\u00e7\u00f5es diretas de inconstitucionalidade que foram enviadas ao STF, afirma que o programa n\u00e3o tem previs\u00e3o legal e &#8220;ataca os princ\u00edpios constitucionais da organiza\u00e7\u00e3o da educa\u00e7\u00e3o p\u00fablica&#8221;. Ela diz que a decis\u00e3o do ministro era esperada, mas que ainda aguarda o julgamento do m\u00e9rito.\n<\/p>\n<p>Ap\u00f3s consultas p\u00fablicas com as comunidades escolares, cerca de 300 escolas estaduais manifestaram interesse no programa, de acordo com a Seduc (Secretaria de Educa\u00e7\u00e3o) do governo Tarc\u00edsio;\n<\/p>\n<p>O interesse do governador era inaugurar o modelo j\u00e1 no ano que vem com, pelo menos, 45 col\u00e9gios. O programa prev\u00ea a contrata\u00e7\u00e3o de policiais militares da reserva para atuar em projetos extracurriculares.\n<\/p>\n<p>No in\u00edcio do m\u00eas, o governo afirmou que o plano foi adiado para 2026, em raz\u00e3o da batalha judicial sobre o tema. Promessa de campanha de Tarc\u00edsio, a escola c\u00edvico-militar foi sancionada em maio deste ano ap\u00f3s tramita\u00e7\u00e3o por quase dois meses na Alesp (Assembleia Legislativa de S\u00e3o Paulo).\n<\/p>\n<p>Em sua defesa do programa, o governador disse, em manifesta\u00e7\u00e3o ao STF, que o modelo c\u00edvico-militar n\u00e3o \u00e9 incompat\u00edvel com o princ\u00edpio da gest\u00e3o democr\u00e1tica, pois tem entre seus objetivos a promo\u00e7\u00e3o dos direitos humanos e do civismo.\n<\/p>\n<p>Tarc\u00edsio tamb\u00e9m nega que o modelo v\u00e1 promover militariza\u00e7\u00e3o precoce dos jovens, como alegado pela a\u00e7\u00e3o do PSOL.<\/p>\n<p>Fonte: Folha de S. Paulo              <\/p>\n<\/div>\n<p><br \/>\n<br \/><a href=\"https:\/\/diariodobrasilnoticias.com.br\/noticia\/gilmar-mendes-revoga-liminar-e-autoriza-o-funcionamento-de-escolas-civico-militares-6746ec638c4ff\">Source link <\/a><\/p>","protected":false},"excerpt":{"rendered":"<p>O ministro Gilmar Mendes, do Supremo Tribunal Federal, derrubou nesta ter\u00e7a-feira (26) a decis\u00e3o liminar do Tribunal de Justi\u00e7a de S\u00e3o Paulo que impedia a implementa\u00e7\u00e3o do programa de escolas&hellip;<\/p>","protected":false},"author":1,"featured_media":66683,"comment_status":"closed","ping_status":"open","sticky":false,"template":"","format":"standard","meta":{"content-type":"","footnotes":""},"categories":[16],"tags":[123,2448,5313,1267],"class_list":["post-66682","post","type-post","status-publish","format-standard","has-post-thumbnail","hentry","category-noticias","tag-brasil","tag-diario","tag-noticia","tag-noticias"],"_links":{"self":[{"href":"https:\/\/tvbrazilusa.com\/pt\/wp-json\/wp\/v2\/posts\/66682","targetHints":{"allow":["GET"]}}],"collection":[{"href":"https:\/\/tvbrazilusa.com\/pt\/wp-json\/wp\/v2\/posts"}],"about":[{"href":"https:\/\/tvbrazilusa.com\/pt\/wp-json\/wp\/v2\/types\/post"}],"author":[{"embeddable":true,"href":"https:\/\/tvbrazilusa.com\/pt\/wp-json\/wp\/v2\/users\/1"}],"replies":[{"embeddable":true,"href":"https:\/\/tvbrazilusa.com\/pt\/wp-json\/wp\/v2\/comments?post=66682"}],"version-history":[{"count":1,"href":"https:\/\/tvbrazilusa.com\/pt\/wp-json\/wp\/v2\/posts\/66682\/revisions"}],"predecessor-version":[{"id":66684,"href":"https:\/\/tvbrazilusa.com\/pt\/wp-json\/wp\/v2\/posts\/66682\/revisions\/66684"}],"wp:featuredmedia":[{"embeddable":true,"href":"https:\/\/tvbrazilusa.com\/pt\/wp-json\/wp\/v2\/media\/66683"}],"wp:attachment":[{"href":"https:\/\/tvbrazilusa.com\/pt\/wp-json\/wp\/v2\/media?parent=66682"}],"wp:term":[{"taxonomy":"category","embeddable":true,"href":"https:\/\/tvbrazilusa.com\/pt\/wp-json\/wp\/v2\/categories?post=66682"},{"taxonomy":"post_tag","embeddable":true,"href":"https:\/\/tvbrazilusa.com\/pt\/wp-json\/wp\/v2\/tags?post=66682"}],"curies":[{"name":"wp","href":"https:\/\/api.w.org\/{rel}","templated":true}]}}