{"id":66688,"date":"2024-11-27T10:13:48","date_gmt":"2024-11-27T10:13:48","guid":{"rendered":"https:\/\/tvbrazilusa.com\/2024\/11\/27\/saiba-por-que-de-acordo-com-a-pf-o-golpe-de-estado-nao-se-concretizou\/"},"modified":"2024-11-27T10:13:49","modified_gmt":"2024-11-27T10:13:49","slug":"saiba-por-que-de-acordo-com-a-pf-o-golpe-de-estado-nao-se-concretizou","status":"publish","type":"post","link":"https:\/\/tvbrazilusa.com\/pt\/2024\/11\/27\/saiba-por-que-de-acordo-com-a-pf-o-golpe-de-estado-nao-se-concretizou\/","title":{"rendered":"Saiba por que, de acordo com a PF, o golpe de Estado n\u00e3o se concretizou"},"content":{"rendered":"<p> <script async src=\"https:\/\/pagead2.googlesyndication.com\/pagead\/js\/adsbygoogle.js?client=ca-pub-8864793242727901\"\r\n     crossorigin=\"anonymous\"><\/script><br \/>\n<\/p>\n<div id=\"taboola-read-more\" style=\"display:block; width:100%\">\n<p>O relat\u00f3rio final das investiga\u00e7\u00f5es da Pol\u00edcia Federal (PF) sobre suposta trama golpista no final do governo Bolsonaro concluiu que o golpe de Estado n\u00e3o foi consumado no dia 15 de dezembro de 2022, porque o ent\u00e3o comandante do Ex\u00e9rcito, general Freire Gomes, e o Alto Comando da For\u00e7a mantiveram a \u201cposi\u00e7\u00e3o institucional\u201d durante visita ao ex-presidente Jair Bolsonaro (PL) no Pal\u00e1cio da Alvorada, em Bras\u00edlia.\n<\/p>\n<p>No mesmo dia, indica a investiga\u00e7\u00e3o, tamb\u00e9m seria realizada a execu\u00e7\u00e3o do plano de prender e possivelmente executar o ministro do Supremo Tribunal Federal (STF) Alexandre de Moraes.<\/p>\n<p>De acordo com a PF, o general Mario Fernandes, ent\u00e3o secret\u00e1rio-executivo da Secretaria-Geral da Presid\u00eancia, no dia 15 de dezembro encaminhou um \u00e1udio para o general Luiz Eduardo Ramos, \u00e0 \u00e9poca seu chefe, em que avisava que o comandante do Ex\u00e9rcito, general Freire Gomes, iria at\u00e9 o pal\u00e1cio da Alvorada para dar sinal verde ao Bolsonaro para implementar o golpe.\n<\/p>\n<p>\u201cConforme exposto, a consuma\u00e7\u00e3o do golpe necessitaria de um elemento fundamental, o apoio do bra\u00e7o armado do Estado, em especial a for\u00e7a terrestre, o Ex\u00e9rcito. Para isso, o ent\u00e3o presidente JAIR BOLSONARO<br \/>realizou v\u00e1rias reuni\u00f5es com os comandantes das For\u00e7as e com o ministro da Defesa para apresentar o Decreto e obter seus respectivos apoios\u201d, diz relat\u00f3rio da PF.\n<\/p>\n<p>O comandante do Ex\u00e9rcito e grande maioria do Alto Comando compareceram ao Pal\u00e1cio da Alvorada, por\u00e9m, diferente do que era esperado pelos golpistas, os militares mantiveram a \u201cposi\u00e7\u00e3o institucional\u201d, n\u00e3o aderindo ao golpe de Estado.\n<\/p>\n<p>\u201cTal fato n\u00e3o gerou confian\u00e7a suficiente para o grupo criminoso avan\u00e7ar na consuma\u00e7\u00e3o do ato final e, por isso, o ent\u00e3o presidente da rep\u00fablica Jair Bolsonaro, apesar de estar com o decreto pronto, n\u00e3o o assinou. Com isso, a a\u00e7\u00e3o clandestina para prender\/executar ministro Alexandre de Moraes foi abortada\u201d, diz a PF.\n<\/p>\n<p><strong>Moraes<\/strong>\n<\/p>\n<p>Uma equipe de pelo menos seis pessoas, composta por militares com forma\u00e7\u00e3o em opera\u00e7\u00f5es especiais, estava acompanhando o ministro do STF Alexandre de Moraes para realizar o plano de pris\u00e3o\/execu\u00e7\u00e3o do mesmo, afirma a PF no relat\u00f3rio. O plano foi denominado como \u201cCopa2022\u201d, que estava dentro do planejamento do golpe de Estado \u201cPunhal verde amarelo\u201d.\n<\/p>\n<p>O \u201cCopa2022\u201d acompanhou os passos de Moraes durante todo o dia, onde usou carros de aplicativos e celulares descart\u00e1veis, com fim de ocultar evid\u00eancias, e acabou abortando o plano.\n<\/p>\n<p>\u201cOs elementos de prova apresentados demonstram que a a\u00e7\u00e3o clandestina realizada pelos investigados tinha como alvo o ministro Alexandre de Moraes, sendo a equipe de seis pessoas, conforme previsto no planejamento \u201cPunhal Verde Amarelo\u201d, dividida em pontos estrat\u00e9gicos pr\u00f3ximos ao Supremo Tribunal Federal, a resid\u00eancia funcional do Ministro na SQS 312 e ao Parque da Cidade, para cumprir a ordem, que seria emanada para sua pris\u00e3o\/execu\u00e7\u00e3o caso o decreto de golpe de Estado fosse assinado pelo ent\u00e3o presidente da Rep\u00fablica JAIR BOLSONARO no dia 15\/12\/2022\u201d.<\/p>\n<p>Fonte: Metr\u00f3poles              <\/p>\n<\/div>\n<p><br \/>\n<br \/><a href=\"https:\/\/diariodobrasilnoticias.com.br\/noticia\/saiba-por-que-de-acordo-com-a-pf-o-golpe-de-estado-nao-se-concretizou-6746ece36e78b\">Source link <\/a><\/p>","protected":false},"excerpt":{"rendered":"<p>O relat\u00f3rio final das investiga\u00e7\u00f5es da Pol\u00edcia Federal (PF) sobre suposta trama golpista no final do governo Bolsonaro concluiu que o golpe de Estado n\u00e3o foi consumado no dia 15&hellip;<\/p>","protected":false},"author":1,"featured_media":66689,"comment_status":"closed","ping_status":"open","sticky":false,"template":"","format":"standard","meta":{"content-type":"","footnotes":""},"categories":[16],"tags":[123,2448,5313,1267],"class_list":["post-66688","post","type-post","status-publish","format-standard","has-post-thumbnail","hentry","category-noticias","tag-brasil","tag-diario","tag-noticia","tag-noticias"],"_links":{"self":[{"href":"https:\/\/tvbrazilusa.com\/pt\/wp-json\/wp\/v2\/posts\/66688","targetHints":{"allow":["GET"]}}],"collection":[{"href":"https:\/\/tvbrazilusa.com\/pt\/wp-json\/wp\/v2\/posts"}],"about":[{"href":"https:\/\/tvbrazilusa.com\/pt\/wp-json\/wp\/v2\/types\/post"}],"author":[{"embeddable":true,"href":"https:\/\/tvbrazilusa.com\/pt\/wp-json\/wp\/v2\/users\/1"}],"replies":[{"embeddable":true,"href":"https:\/\/tvbrazilusa.com\/pt\/wp-json\/wp\/v2\/comments?post=66688"}],"version-history":[{"count":1,"href":"https:\/\/tvbrazilusa.com\/pt\/wp-json\/wp\/v2\/posts\/66688\/revisions"}],"predecessor-version":[{"id":66690,"href":"https:\/\/tvbrazilusa.com\/pt\/wp-json\/wp\/v2\/posts\/66688\/revisions\/66690"}],"wp:featuredmedia":[{"embeddable":true,"href":"https:\/\/tvbrazilusa.com\/pt\/wp-json\/wp\/v2\/media\/66689"}],"wp:attachment":[{"href":"https:\/\/tvbrazilusa.com\/pt\/wp-json\/wp\/v2\/media?parent=66688"}],"wp:term":[{"taxonomy":"category","embeddable":true,"href":"https:\/\/tvbrazilusa.com\/pt\/wp-json\/wp\/v2\/categories?post=66688"},{"taxonomy":"post_tag","embeddable":true,"href":"https:\/\/tvbrazilusa.com\/pt\/wp-json\/wp\/v2\/tags?post=66688"}],"curies":[{"name":"wp","href":"https:\/\/api.w.org\/{rel}","templated":true}]}}