{"id":66697,"date":"2024-11-27T10:43:34","date_gmt":"2024-11-27T10:43:34","guid":{"rendered":"https:\/\/tvbrazilusa.com\/2024\/11\/27\/pf-apresenta-contradicoes-sobre-a-suposta-viagem-de-martins-aos-eua\/"},"modified":"2024-11-27T10:43:36","modified_gmt":"2024-11-27T10:43:36","slug":"pf-apresenta-contradicoes-sobre-a-suposta-viagem-de-martins-aos-eua","status":"publish","type":"post","link":"https:\/\/tvbrazilusa.com\/pt\/2024\/11\/27\/pf-apresenta-contradicoes-sobre-a-suposta-viagem-de-martins-aos-eua\/","title":{"rendered":"PF apresenta contradi\u00e7\u00f5es sobre a suposta viagem de Martins aos EUA"},"content":{"rendered":"<p> <script async src=\"https:\/\/pagead2.googlesyndication.com\/pagead\/js\/adsbygoogle.js?client=ca-pub-8864793242727901\"\r\n     crossorigin=\"anonymous\"><\/script><br \/>\n<\/p>\n<div id=\"taboola-read-more\" style=\"display:block; width:100%\">\n<p>A Pol\u00edcia Federal (PF) se contradisse sobre a suposta viagem de Filipe Martins, assessor especial da Presid\u00eancia para Assuntos Internacionais durante o governo Bolsonaro.\n<\/p>\n<p>Conforme o relat\u00f3rio da PF a respeito do suposto plano de golpe de Estado, divulgado nesta ter\u00e7a-feira, 26, pelo ministro Alexandre de Moraes, do Supremo Tribunal Federal (STF), Martins \u201cforjou uma poss\u00edvel sa\u00edda do Brasil\u201d.<\/p>\n<p>\u201cO conjunto de elementos probat\u00f3rios reunidos ao longo de todo per\u00edodo investigativo demonstraram que Filipe Martins forjou uma poss\u00edvel sa\u00edda do Brasil no final do ano de 2022 com o objetivo de dificultar sua eventual localiza\u00e7\u00e3o e consequente aplica\u00e7\u00e3o da lei penal\u201d, informou a PF, no relat\u00f3rio. \u201cA semelhan\u00e7a de outros investigados, que adotaram estrat\u00e9gia de sair do pa\u00eds ap\u00f3s n\u00e3o conseguirem \u00eaxito na tentativa de subvers\u00e3o do regime democr\u00e1tico, o investigado adotou diversos recursos para ludibriar poss\u00edveis investiga\u00e7\u00f5es quanto ao seu paradeiro.\u201d\n<\/p>\n<p>Ao prender Martins em fevereiro deste ano, contudo, a PF afirmou que o ex-assessor viajou a Orlando, na Fl\u00f3rida, no fim de dezembro de 2022, em uma comitiva com o ent\u00e3o presidente Jair Bolsonaro. Ao longo dos meses, Oeste tem revelado provas de que Martins n\u00e3o saiu do Brasil no per\u00edodo dito inicialmente pela PF. Entre as evid\u00eancias, est\u00e3o bilhetes de passagens a\u00e9reas, comprovantes da Uber e at\u00e9 um documento do governo dos Estados Unidos. Martins ficou preso durante seis meses.\n<\/p>\n<p>Filipe Martins era de n\u00facleo jur\u00eddico, diz PF\n<\/p>\n<p>No documento elaborado pela corpora\u00e7\u00e3o, Martins \u00e9 apontado como integrante do \u201cN\u00facleo Jur\u00eddico\u201d, um dos seis que sustentaria o suposto plano de golpe.\n<\/p>\n<p>De acordo com a PF, esse setor era respons\u00e1vel pelo \u201cassessoramento e elabora\u00e7\u00e3o de minutas de decretos com fundamenta\u00e7\u00e3o jur\u00eddica e doutrin\u00e1ria que atendessem aos interesses golpistas do grupo investigado\u201d.\n<\/p>\n<p>Fonte: Revista Oeste              <\/p>\n<\/div>\n<p><br \/>\n<br \/><a href=\"https:\/\/diariodobrasilnoticias.com.br\/noticia\/pf-apresenta-contradicoes-sobre-a-suposta-viagem-de-martins-aos-eua-6746ef489eac4\">Source link <\/a><\/p>","protected":false},"excerpt":{"rendered":"<p>A Pol\u00edcia Federal (PF) se contradisse sobre a suposta viagem de Filipe Martins, assessor especial da Presid\u00eancia para Assuntos Internacionais durante o governo Bolsonaro. Conforme o relat\u00f3rio da PF a&hellip;<\/p>","protected":false},"author":1,"featured_media":66698,"comment_status":"closed","ping_status":"open","sticky":false,"template":"","format":"standard","meta":{"content-type":"","footnotes":""},"categories":[16],"tags":[123,2448,5313,1267],"class_list":["post-66697","post","type-post","status-publish","format-standard","has-post-thumbnail","hentry","category-noticias","tag-brasil","tag-diario","tag-noticia","tag-noticias"],"_links":{"self":[{"href":"https:\/\/tvbrazilusa.com\/pt\/wp-json\/wp\/v2\/posts\/66697","targetHints":{"allow":["GET"]}}],"collection":[{"href":"https:\/\/tvbrazilusa.com\/pt\/wp-json\/wp\/v2\/posts"}],"about":[{"href":"https:\/\/tvbrazilusa.com\/pt\/wp-json\/wp\/v2\/types\/post"}],"author":[{"embeddable":true,"href":"https:\/\/tvbrazilusa.com\/pt\/wp-json\/wp\/v2\/users\/1"}],"replies":[{"embeddable":true,"href":"https:\/\/tvbrazilusa.com\/pt\/wp-json\/wp\/v2\/comments?post=66697"}],"version-history":[{"count":1,"href":"https:\/\/tvbrazilusa.com\/pt\/wp-json\/wp\/v2\/posts\/66697\/revisions"}],"predecessor-version":[{"id":66699,"href":"https:\/\/tvbrazilusa.com\/pt\/wp-json\/wp\/v2\/posts\/66697\/revisions\/66699"}],"wp:featuredmedia":[{"embeddable":true,"href":"https:\/\/tvbrazilusa.com\/pt\/wp-json\/wp\/v2\/media\/66698"}],"wp:attachment":[{"href":"https:\/\/tvbrazilusa.com\/pt\/wp-json\/wp\/v2\/media?parent=66697"}],"wp:term":[{"taxonomy":"category","embeddable":true,"href":"https:\/\/tvbrazilusa.com\/pt\/wp-json\/wp\/v2\/categories?post=66697"},{"taxonomy":"post_tag","embeddable":true,"href":"https:\/\/tvbrazilusa.com\/pt\/wp-json\/wp\/v2\/tags?post=66697"}],"curies":[{"name":"wp","href":"https:\/\/api.w.org\/{rel}","templated":true}]}}