{"id":66700,"date":"2024-11-27T10:55:05","date_gmt":"2024-11-27T10:55:05","guid":{"rendered":"https:\/\/tvbrazilusa.com\/2024\/11\/27\/lula-e-janja-passaram-a-noite-de-despedida-no-sindicato-antes-da-prisao-do-ex-presidente\/"},"modified":"2024-11-27T10:55:06","modified_gmt":"2024-11-27T10:55:06","slug":"lula-e-janja-passaram-a-noite-de-despedida-no-sindicato-antes-da-prisao-do-ex-presidente","status":"publish","type":"post","link":"https:\/\/tvbrazilusa.com\/pt\/2024\/11\/27\/lula-e-janja-passaram-a-noite-de-despedida-no-sindicato-antes-da-prisao-do-ex-presidente\/","title":{"rendered":"Lula e Janja passaram a noite de despedida no sindicato antes da pris\u00e3o do ex-presidente"},"content":{"rendered":"<p> <script async src=\"https:\/\/pagead2.googlesyndication.com\/pagead\/js\/adsbygoogle.js?client=ca-pub-8864793242727901\"\r\n     crossorigin=\"anonymous\"><\/script><br \/>\n<\/p>\n<div id=\"taboola-read-more\" style=\"display:block; width:100%\">\n<p>Em 8 de novembro de 2019, ao deixar a pris\u00e3o em Curitiba, Luiz In\u00e1cio Lula da Silva afirmou que seu relacionamento com Ros\u00e2ngela da Silva, a Janja, come\u00e7ou enquanto ele estava detido. No entanto, essa afirma\u00e7\u00e3o n\u00e3o \u00e9 totalmente precisa, como revela o epis\u00f3dio inicial do podcast Janja, dispon\u00edvel nos canais do portal UOL, com cerca de 45 minutos de dura\u00e7\u00e3o.\n<\/p>\n<p>Lula e Janja passaram juntos a noite anterior \u00e0 pris\u00e3o dele, em abril de 2018, no Sindicato dos Metal\u00fargicos, em S\u00e3o Bernardo do Campo (SP). Segundo Em\u00eddio de Souza (PT-SP), deputado estadual e aliado do presidente, a mulher demonstrou resili\u00eancia nesse per\u00edodo dif\u00edcil.<\/p>\n<p>Ela manteve seu apoio a ele, enquanto tinha uma presen\u00e7a discreta entre os militantes. No sindicato, eles compartilharam um colch\u00e3o florido.\n<\/p>\n<p><strong>O in\u00edcio da trajet\u00f3ria de Janja<\/strong>\n<\/p>\n<p>O epis\u00f3dio inaugural do podcast, intitulado \u201cNasce uma Estrela\u201d, tra\u00e7a a trajet\u00f3ria de Janja desde seus dias de milit\u00e2ncia an\u00f4nima at\u00e9 se tornar uma figura p\u00fablica de destaque. O podcast est\u00e1 dispon\u00edvel em plataformas como YouTube, Spotify, Apple Podcasts, Amazon Music e Deezer, e explora sua transi\u00e7\u00e3o para um papel que desafia o conceito tradicional de uma primeira-dama no Brasil.\n<\/p>\n<p>Uma das hist\u00f3rias destacadas \u00e9 o encontro de Janja com Lula na carceragem da Pol\u00edcia Federal, em 30 de julho de 2018, depois de 114 dias de separa\u00e7\u00e3o. Na ocasi\u00e3o, Janja se passou por advogada para visit\u00e1-lo, j\u00e1 que n\u00e3o se encaixava nas categorias de visitantes permitidos. Ao v\u00ea-la, Lula brincou: \u201cQuer dizer que agora tenho uma advogada nova?\u201d.\n<\/p>\n<p><strong>Comunica\u00e7\u00e3o durante a pris\u00e3o<\/strong>\n<\/p>\n<p>Durante o tempo em que Lula esteve preso, o casal manteve contato constante por meio de cartas, entregues por Luiz Carlos da Rocha, advogado de Lula. Os envelopes eram coloridos, geralmente em tons de rosa e vermelho. Lula sempre perguntava pelas cartas, mas preferia l\u00ea-las em privado. Por isso, as guardava em uma gaveta.\n<\/p>\n<p>Al\u00e9m da comunica\u00e7\u00e3o escrita, Janja desempenhou um papel para que Lula seguisse uma rotina saud\u00e1vel, conforme relatado por Cida Gon\u00e7alves, ministra das Mulheres. Sua presen\u00e7a caracterizou-se, tamb\u00e9m, pelo cuidado com a sa\u00fade do presidente.\n<\/p>\n<p><strong>Controv\u00e9rsias e papel de Janja como primeira-dama<\/strong><br \/>Como primeira-dama, Janja envolveu-se em pol\u00eamicas, como a den\u00fancia p\u00fablica sobre supostos danos ao Pal\u00e1cio da Alvorada.\n<\/p>\n<p>Ela alegou que m\u00f3veis hist\u00f3ricos haviam desaparecido, sem alinhamento com a Secretaria de Comunica\u00e7\u00e3o \u2014 o que gerou desconforto no governo. Michelle Bolsonaro, ex-primeira-dama, refutou as alega\u00e7\u00f5es e apresentou outra vers\u00e3o dos fatos.\n<\/p>\n<p>Investiga\u00e7\u00f5es confirmaram que os m\u00f3veis estavam armazenados em diferentes locais do Pal\u00e1cio, ao contr\u00e1rio das afirma\u00e7\u00f5es de Janja. A s\u00e9rie de podcasts do UOL promete continuar a explorar a influ\u00eancia de Janja no governo e as controv\u00e9rsias que a cercam.<\/p>\n<p>Fonte: Revista Oeste              <\/p>\n<\/div>\n<p><br \/>\n<br \/><a href=\"https:\/\/diariodobrasilnoticias.com.br\/noticia\/lula-e-janja-passaram-a-noite-de-despedida-no-sindicato-antes-da-prisao-do-ex-presidente-6746f93a98222\">Source link <\/a><\/p>","protected":false},"excerpt":{"rendered":"<p>Em 8 de novembro de 2019, ao deixar a pris\u00e3o em Curitiba, Luiz In\u00e1cio Lula da Silva afirmou que seu relacionamento com Ros\u00e2ngela da Silva, a Janja, come\u00e7ou enquanto ele&hellip;<\/p>","protected":false},"author":1,"featured_media":66701,"comment_status":"closed","ping_status":"open","sticky":false,"template":"","format":"standard","meta":{"content-type":"","footnotes":""},"categories":[16],"tags":[123,2448,5313,1267],"class_list":["post-66700","post","type-post","status-publish","format-standard","has-post-thumbnail","hentry","category-noticias","tag-brasil","tag-diario","tag-noticia","tag-noticias"],"_links":{"self":[{"href":"https:\/\/tvbrazilusa.com\/pt\/wp-json\/wp\/v2\/posts\/66700","targetHints":{"allow":["GET"]}}],"collection":[{"href":"https:\/\/tvbrazilusa.com\/pt\/wp-json\/wp\/v2\/posts"}],"about":[{"href":"https:\/\/tvbrazilusa.com\/pt\/wp-json\/wp\/v2\/types\/post"}],"author":[{"embeddable":true,"href":"https:\/\/tvbrazilusa.com\/pt\/wp-json\/wp\/v2\/users\/1"}],"replies":[{"embeddable":true,"href":"https:\/\/tvbrazilusa.com\/pt\/wp-json\/wp\/v2\/comments?post=66700"}],"version-history":[{"count":1,"href":"https:\/\/tvbrazilusa.com\/pt\/wp-json\/wp\/v2\/posts\/66700\/revisions"}],"predecessor-version":[{"id":66702,"href":"https:\/\/tvbrazilusa.com\/pt\/wp-json\/wp\/v2\/posts\/66700\/revisions\/66702"}],"wp:featuredmedia":[{"embeddable":true,"href":"https:\/\/tvbrazilusa.com\/pt\/wp-json\/wp\/v2\/media\/66701"}],"wp:attachment":[{"href":"https:\/\/tvbrazilusa.com\/pt\/wp-json\/wp\/v2\/media?parent=66700"}],"wp:term":[{"taxonomy":"category","embeddable":true,"href":"https:\/\/tvbrazilusa.com\/pt\/wp-json\/wp\/v2\/categories?post=66700"},{"taxonomy":"post_tag","embeddable":true,"href":"https:\/\/tvbrazilusa.com\/pt\/wp-json\/wp\/v2\/tags?post=66700"}],"curies":[{"name":"wp","href":"https:\/\/api.w.org\/{rel}","templated":true}]}}