{"id":66706,"date":"2024-11-27T11:06:38","date_gmt":"2024-11-27T11:06:38","guid":{"rendered":"https:\/\/tvbrazilusa.com\/2024\/11\/27\/deputados-propoem-uma-pec-alternativa-para-conter-o-aumento-dos-gastos-publicos\/"},"modified":"2024-11-27T11:06:40","modified_gmt":"2024-11-27T11:06:40","slug":"deputados-propoem-uma-pec-alternativa-para-conter-o-aumento-dos-gastos-publicos","status":"publish","type":"post","link":"https:\/\/tvbrazilusa.com\/pt\/2024\/11\/27\/deputados-propoem-uma-pec-alternativa-para-conter-o-aumento-dos-gastos-publicos\/","title":{"rendered":"Deputados prop\u00f5em uma PEC alternativa para conter o aumento dos gastos p\u00fablicos"},"content":{"rendered":"<p> <script async src=\"https:\/\/pagead2.googlesyndication.com\/pagead\/js\/adsbygoogle.js?client=ca-pub-8864793242727901\"\r\n     crossorigin=\"anonymous\"><\/script><br \/>\n<\/p>\n<div id=\"taboola-read-more\" style=\"display:block; width:100%\">\n<p>Com a demora do governo em apresentar o pacote de cortes de gastos no Executivo, os deputados Pedro Paulo (PSD-RJ), Kim Kataguiri (Uni\u00e3o-SP) e Julio Lopes (PP-RJ) passaram a colher assinaturas para apresentar uma Proposta de Emenda \u00e0 Constitui\u00e7\u00e3o (PEC) alternativa que, segundo os c\u00e1lculos deles, pode economizar R$ 1,1 trilh\u00e3o em 10 anos com a desindexa\u00e7\u00e3o de benef\u00edcios previdenci\u00e1rios e assistenciais.\n<\/p>\n<p>A medida prop\u00f5e desindexar benef\u00edcios previdenci\u00e1rios e assistenciais do sal\u00e1rio m\u00ednimo e desvincular despesas obrigat\u00f3rias da arrecada\u00e7\u00e3o de receitas, criando um novo cen\u00e1rio or\u00e7ament\u00e1rio mais flex\u00edvel e sustent\u00e1vel.<\/p>\n<p>De acordo com a justificativa da PEC, as altera\u00e7\u00f5es n\u00e3o visam \u201ccortar gastos\u201d diretamente, mas \u201cmoderar o ritmo de crescimento do gasto p\u00fablico\u201d, priorizando a responsabilidade social e fiscal.\n<\/p>\n<p>Al\u00e9m disso, segundo os deputados, a desvincula\u00e7\u00e3o dos pisos constitucionais da sa\u00fade, educa\u00e7\u00e3o e Fundeb pode economizar R$ 74 bilh\u00f5es entre 2026 e 2028.\n<\/p>\n<p>H\u00e1 tamb\u00e9m a revis\u00e3o do abono salarial, que passaria a ser pago apenas a quem recebe at\u00e9 um sal\u00e1rio m\u00ednimo, pode gerar uma economia de R$ 15 bilh\u00f5es anuais at\u00e9 2031.\n<\/p>\n<p>No entanto, o texto ainda precisa de assinaturas para ser apresentado como uma PEC, de fato. Para come\u00e7ar a tramitar, a proposta precisa de, no m\u00ednimo, 171 assinaturas dos 513 deputados.\n<\/p>\n<p>Segundo o deputado Kim Kataguiri, a iniciativa foi pensada por eles por n\u00e3o considerar \u201csuficiente para o equil\u00edbrio fiscal\u201d a proposta do governo que vem sendo discutida h\u00e1 cinco semanas.\n<\/p>\n<p>O ministro da Fazenda, Fernando Haddad, tomou a frente sobre a proposta do governo para corrigir os gastos p\u00fablicos e dar \u201csustentabilidade \u00e0 longo prazo\u201d ao arcabou\u00e7o fiscal.\n<\/p>\n<p>Nas semanas anteriores, o chefe da equipe econ\u00f4mica esteve em reuni\u00f5es com ministros e o presidente Luiz In\u00e1cio Lula da Silva (PT) para ajustar os pontos das medidas que ser\u00e3o enviadas como uma PEC e um projeto de lei complementar.\n<\/p>\n<p>Segundo apurou a CNN, a estimativa \u00e9 que o rearranjo de contas deva gerar uma economia de R$ 70 bilh\u00f5es em dois anos: R$ 30 bilh\u00f5es em 2025 e R$ 40 bilh\u00f5es em 2026.\n<\/p>\n<p>Na proposta, h\u00e1 um reajuste na pol\u00edtica de valoriza\u00e7\u00e3o do sal\u00e1rio m\u00ednimo, mudan\u00e7as na aposentadoria dos militares, al\u00e9m de mudan\u00e7as no seguro-desemprego.\n<\/p>\n<p>Para os deputados, as medidas precisam ir al\u00e9m. Confira o que est\u00e1 sendo proposto:\n<\/p>\n<p>Desindexa\u00e7\u00e3o dos benef\u00edcios previdenci\u00e1rios e assistenciais\n<\/p>\n<p>Um dos principais pontos da proposta \u00e9 a desindexa\u00e7\u00e3o de benef\u00edcios previdenci\u00e1rios e assistenciais, como o Benef\u00edcio de Presta\u00e7\u00e3o Continuada (BPC) e o abono salarial, que atualmente s\u00e3o reajustados de acordo com o sal\u00e1rio m\u00ednimo. O texto da PEC argumenta que o sal\u00e1rio m\u00ednimo tem a fun\u00e7\u00e3o de proteger os trabalhadores ativos e, por isso, n\u00e3o deveria servir como refer\u00eancia para outros gastos p\u00fablicos.\n<\/p>\n<p>\u201cO sal\u00e1rio m\u00ednimo visa proteger os trabalhadores da ativa, n\u00e3o devendo ser indexador de despesas previdenci\u00e1rias ou assistenciais\u201d, ressalta a justificativa.\n<\/p>\n<p>O documento tamb\u00e9m destaca o impacto fiscal dessa indexa\u00e7\u00e3o, especialmente em um contexto de transi\u00e7\u00e3o demogr\u00e1fica. Dados do IBGE mostram que a propor\u00e7\u00e3o de idosos no Brasil aumentou de 8,7% da popula\u00e7\u00e3o em 2000 para 15,6% em 2023, e a tend\u00eancia \u00e9 que continue crescendo.\n<\/p>\n<p>At\u00e9 2070, a estimativa \u00e9 que 37,8% dos brasileiros ter\u00e3o 65 anos ou mais. Esse cen\u00e1rio pressiona o sistema previdenci\u00e1rio e assistencial, tornando a indexa\u00e7\u00e3o ao sal\u00e1rio m\u00ednimo fiscalmente insustent\u00e1vel.<\/p>\n<p>Fonte: CNN Brasil              <\/p>\n<\/div>\n<p><br \/>\n<br \/><a href=\"https:\/\/diariodobrasilnoticias.com.br\/noticia\/deputados-propoem-uma-pec-alternativa-para-conter-o-aumento-dos-gastos-publicos-6746f9ac62381\">Source link <\/a><\/p>","protected":false},"excerpt":{"rendered":"<p>Com a demora do governo em apresentar o pacote de cortes de gastos no Executivo, os deputados Pedro Paulo (PSD-RJ), Kim Kataguiri (Uni\u00e3o-SP) e Julio Lopes (PP-RJ) passaram a colher&hellip;<\/p>","protected":false},"author":1,"featured_media":66707,"comment_status":"closed","ping_status":"open","sticky":false,"template":"","format":"standard","meta":{"content-type":"","footnotes":""},"categories":[16],"tags":[123,2448,5313,1267],"class_list":["post-66706","post","type-post","status-publish","format-standard","has-post-thumbnail","hentry","category-noticias","tag-brasil","tag-diario","tag-noticia","tag-noticias"],"_links":{"self":[{"href":"https:\/\/tvbrazilusa.com\/pt\/wp-json\/wp\/v2\/posts\/66706","targetHints":{"allow":["GET"]}}],"collection":[{"href":"https:\/\/tvbrazilusa.com\/pt\/wp-json\/wp\/v2\/posts"}],"about":[{"href":"https:\/\/tvbrazilusa.com\/pt\/wp-json\/wp\/v2\/types\/post"}],"author":[{"embeddable":true,"href":"https:\/\/tvbrazilusa.com\/pt\/wp-json\/wp\/v2\/users\/1"}],"replies":[{"embeddable":true,"href":"https:\/\/tvbrazilusa.com\/pt\/wp-json\/wp\/v2\/comments?post=66706"}],"version-history":[{"count":1,"href":"https:\/\/tvbrazilusa.com\/pt\/wp-json\/wp\/v2\/posts\/66706\/revisions"}],"predecessor-version":[{"id":66708,"href":"https:\/\/tvbrazilusa.com\/pt\/wp-json\/wp\/v2\/posts\/66706\/revisions\/66708"}],"wp:featuredmedia":[{"embeddable":true,"href":"https:\/\/tvbrazilusa.com\/pt\/wp-json\/wp\/v2\/media\/66707"}],"wp:attachment":[{"href":"https:\/\/tvbrazilusa.com\/pt\/wp-json\/wp\/v2\/media?parent=66706"}],"wp:term":[{"taxonomy":"category","embeddable":true,"href":"https:\/\/tvbrazilusa.com\/pt\/wp-json\/wp\/v2\/categories?post=66706"},{"taxonomy":"post_tag","embeddable":true,"href":"https:\/\/tvbrazilusa.com\/pt\/wp-json\/wp\/v2\/tags?post=66706"}],"curies":[{"name":"wp","href":"https:\/\/api.w.org\/{rel}","templated":true}]}}