{"id":66715,"date":"2024-11-27T11:37:24","date_gmt":"2024-11-27T11:37:24","guid":{"rendered":"https:\/\/tvbrazilusa.com\/2024\/11\/27\/cessar-fogo-entre-israel-e-grupo-hezbollah-comeca-a-valer\/"},"modified":"2024-11-27T11:37:25","modified_gmt":"2024-11-27T11:37:25","slug":"cessar-fogo-entre-israel-e-grupo-hezbollah-comeca-a-valer","status":"publish","type":"post","link":"https:\/\/tvbrazilusa.com\/pt\/2024\/11\/27\/cessar-fogo-entre-israel-e-grupo-hezbollah-comeca-a-valer\/","title":{"rendered":"Cessar-fogo entre Israel e grupo Hezbollah come\u00e7a a valer"},"content":{"rendered":"<p> <script async src=\"https:\/\/pagead2.googlesyndication.com\/pagead\/js\/adsbygoogle.js?client=ca-pub-8864793242727901\"\r\n     crossorigin=\"anonymous\"><\/script><br \/>\n<\/p>\n<div id=\"taboola-read-more\" style=\"display:block; width:100%\">\n<p>O cessar-fogo na guerra entre Israel e o grupo terrorista Hezbollah entrou em vigor nesta quarta-feira (27), no L\u00edbano, ap\u00f3s mais de um ano de confrontos. A tr\u00e9gua foi iniciada \u00e0s 4h desta quarta \u2013 23h desta ter\u00e7a (26), pelo hor\u00e1rio de Bras\u00edlia.\n<\/p>\n<p>O conflito teve in\u00edcio ap\u00f3s os ataques terroristas do Hamas em 7 de outubro de 2023, em territ\u00f3rio israelense. Em apoio, o Hezbollah lan\u00e7ou m\u00edsseis contra o Norte de Israel e for\u00e7ou o deslocamento de milhares de israelenses.<\/p>\n<p>O primeiro-ministro israelense, Binyamin Netanyahu, afirmou que a tr\u00e9gua permitir\u00e1 \u00e0s for\u00e7as israelenses se concentrarem nas tens\u00f5es com o Ir\u00e3 e na guerra contra o Hamas em Gaza.\n<\/p>\n<p>Netanyahu conversou por telefone com o presidente dos Estados Unidos, Joe Biden, e agradeceu o envolvimento para que um acordo fosse alcan\u00e7ado, informou o gabinete do primeiro-ministro israelense. Para o primeiro-ministro liban\u00eas, Nayib Mikati, a tr\u00e9gua representa um \u201cpasso fundamental\u201d para a estabilidade regional.\n<\/p>\n<p>Al\u00e9m da guerra no L\u00edbano, Israel combate o Hamas na Faixa de Gaza desde 7 de outubro de 2023, ap\u00f3s o ataque do grupo terrorista no sul de seu territ\u00f3rio. Tanto o Hamas quanto o Hezbollah s\u00e3o apoiados pelo Ir\u00e3.\n<\/p>\n<p>Horas antes do cessar-fogo entrar em vigor, Israel lan\u00e7ou ataques a\u00e9reos no centro da capital libanesa, Beirute, e uma saraivada de foguetes do Hezbollah disparou sirenes de ataque a\u00e9reo em uma grande faixa do norte de Israel. Apesar disso, depois que o acordo entrou em vigor, os ataques m\u00fatuos cessaram, e grupos de libaneses voltaram para casa na regi\u00e3o sul.\n<\/p>\n<p>*AE<\/p>\n<p>Fonte: Pleno News              <\/p>\n<\/div>\n<p><br \/>\n<br \/><a href=\"https:\/\/diariodobrasilnoticias.com.br\/noticia\/cessar-fogo-entre-israel-e-grupo-hezbollah-comeca-a-valer-67470349dda1e\">Source link <\/a><\/p>","protected":false},"excerpt":{"rendered":"<p>O cessar-fogo na guerra entre Israel e o grupo terrorista Hezbollah entrou em vigor nesta quarta-feira (27), no L\u00edbano, ap\u00f3s mais de um ano de confrontos. A tr\u00e9gua foi iniciada&hellip;<\/p>","protected":false},"author":1,"featured_media":66716,"comment_status":"closed","ping_status":"open","sticky":false,"template":"","format":"standard","meta":{"content-type":"","footnotes":""},"categories":[16],"tags":[123,2448,5313,1267],"class_list":["post-66715","post","type-post","status-publish","format-standard","has-post-thumbnail","hentry","category-noticias","tag-brasil","tag-diario","tag-noticia","tag-noticias"],"_links":{"self":[{"href":"https:\/\/tvbrazilusa.com\/pt\/wp-json\/wp\/v2\/posts\/66715","targetHints":{"allow":["GET"]}}],"collection":[{"href":"https:\/\/tvbrazilusa.com\/pt\/wp-json\/wp\/v2\/posts"}],"about":[{"href":"https:\/\/tvbrazilusa.com\/pt\/wp-json\/wp\/v2\/types\/post"}],"author":[{"embeddable":true,"href":"https:\/\/tvbrazilusa.com\/pt\/wp-json\/wp\/v2\/users\/1"}],"replies":[{"embeddable":true,"href":"https:\/\/tvbrazilusa.com\/pt\/wp-json\/wp\/v2\/comments?post=66715"}],"version-history":[{"count":1,"href":"https:\/\/tvbrazilusa.com\/pt\/wp-json\/wp\/v2\/posts\/66715\/revisions"}],"predecessor-version":[{"id":66717,"href":"https:\/\/tvbrazilusa.com\/pt\/wp-json\/wp\/v2\/posts\/66715\/revisions\/66717"}],"wp:featuredmedia":[{"embeddable":true,"href":"https:\/\/tvbrazilusa.com\/pt\/wp-json\/wp\/v2\/media\/66716"}],"wp:attachment":[{"href":"https:\/\/tvbrazilusa.com\/pt\/wp-json\/wp\/v2\/media?parent=66715"}],"wp:term":[{"taxonomy":"category","embeddable":true,"href":"https:\/\/tvbrazilusa.com\/pt\/wp-json\/wp\/v2\/categories?post=66715"},{"taxonomy":"post_tag","embeddable":true,"href":"https:\/\/tvbrazilusa.com\/pt\/wp-json\/wp\/v2\/tags?post=66715"}],"curies":[{"name":"wp","href":"https:\/\/api.w.org\/{rel}","templated":true}]}}