{"id":66718,"date":"2024-11-27T11:48:57","date_gmt":"2024-11-27T11:48:57","guid":{"rendered":"https:\/\/tvbrazilusa.com\/2024\/11\/27\/sem-saida-congresso-impoe-vontade-sobre-emendas-mas-flavio-dino-nao-se-pronuncia\/"},"modified":"2024-11-27T11:48:59","modified_gmt":"2024-11-27T11:48:59","slug":"sem-saida-congresso-impoe-vontade-sobre-emendas-mas-flavio-dino-nao-se-pronuncia","status":"publish","type":"post","link":"https:\/\/tvbrazilusa.com\/pt\/2024\/11\/27\/sem-saida-congresso-impoe-vontade-sobre-emendas-mas-flavio-dino-nao-se-pronuncia\/","title":{"rendered":"Sem sa\u00edda: congresso imp\u00f5e vontade sobre emendas, mas Fl\u00e1vio Dino n\u00e3o se pronuncia"},"content":{"rendered":"<p> <script async src=\"https:\/\/pagead2.googlesyndication.com\/pagead\/js\/adsbygoogle.js?client=ca-pub-8864793242727901\"\r\n     crossorigin=\"anonymous\"><\/script><br \/>\n<\/p>\n<div>\n<figure class=\"post-image\">\n<\/figure>\n<p>            <span style=\"font-size: 12px\">(Imagem: Rosinei Coutinho\/SCO\/STF) <\/span><\/p>\n<p>            <!-- end metas --><br \/>\n            <!-- ADS --><\/p>\n<div id=\"taboola-read-more\" style=\"display:block; width:100%\">\n<p>O ministro Fl\u00e1vio Dino, do Supremo Tribunal Federal (STF), sinalizou que s\u00f3 tomar\u00e1 uma decis\u00e3o a respeito do desbloqueio ou n\u00e3o das emendas parlamentares ap\u00f3s ser formalmente provocado por uma das partes envolvidas no caso na Suprema Corte. Os repasses est\u00e3o suspensos por decis\u00e3o dele, que cobrou mais transpar\u00eancia sobre a autoria das destina\u00e7\u00f5es de recusrsos.<\/p>\n<p>O presidente Luiz In\u00e1cio Lula da Silva (PT) sancionou, nesta ter\u00e7a-feira (26\/11), o projeto de lei complementar (PLP) que cria novas regras de transpar\u00eancia para a transfer\u00eancia das emendas parlamentares. A proposta foi aprovada pelo Congresso Nacional em decorr\u00eancia da suspens\u00e3o das execu\u00e7\u00f5es das emendas parlamentares por parte do STF.<\/p>\n<p>A Suprema Corte condicionou a libera\u00e7\u00e3o do pagamento das emendas \u00e0 aprova\u00e7\u00e3o de regras que garantam a transpar\u00eancia na transfer\u00eancia de recursos indicados pelos deputados e senadores.<\/p>\n<p>A expectativa dos parlamentares \u00e9 de que a nova legisla\u00e7\u00e3o atende \u00e0s demandas do ministro Dino e, com isso, a execu\u00e7\u00e3o das emendas parlamentares sejam desbloqueadas.<\/p>\n<p>O Metr\u00f3poles procurou agentes envolvidos no Senado Federal, na C\u00e2mara dos Deputados e no Pal\u00e1cio do Planalto a respeito da apresenta\u00e7\u00e3o da lei junto \u00e0 peti\u00e7\u00e3o. No entanto, n\u00e3o obteve retorno<\/p>\n<p>Fonte: Metr\u00f3poles<\/p>\n<\/p><\/div>\n<p>                        <!-- Scripts para conteudo --><\/p>\n<p>            <!-- .\/Scripts para conteudo --><br \/>\n            <!-- .\/Mat\u00e9ria --><\/p>\n<div class=\"row mt-3\">\n<div class=\"col-sm-6\">\n                <!-- Whatsapp channel 3--><br \/>\n                <a href=\"https:\/\/chat.whatsapp.com\/J6hwSKYns5B0XFowx2wZ0P\" target=\"_blank\"><br \/>\n                  <img decoding=\"async\" src=\"https:\/\/diariodobrasilnoticias.com.br\/assets-site\/images\/bot_whatsapp.png\"\/><\/a>\n              <\/div>\n<div class=\"col-sm-6\">\n                <a href=\"https:\/\/t.me\/+_4gTmi5LKo03OTM5\" target=\"_blank\"><br \/>\n                  <img decoding=\"async\" src=\"https:\/\/diariodobrasilnoticias.com.br\/assets-site\/images\/bot_telegram.png\"\/><\/a>\n              <\/div>\n<\/p><\/div>\n<p>            <!-- end post-navigation --><\/p>\n<p>              <!-- end row --><\/p>\n<p>              <!-- end col-12-->\n                      <\/div>\n<p><br \/>\n<br \/><a href=\"https:\/\/diariodobrasilnoticias.com.br\/noticia\/sem-saida-congresso-impoe-vontade-sobre-emendas-mas-flavio-dino-nao-se-pronuncia-6746f84976c5f\">Source link <\/a><\/p>","protected":false},"excerpt":{"rendered":"<p>(Imagem: Rosinei Coutinho\/SCO\/STF) O ministro Fl\u00e1vio Dino, do Supremo Tribunal Federal (STF), sinalizou que s\u00f3 tomar\u00e1 uma decis\u00e3o a respeito do desbloqueio ou n\u00e3o das emendas parlamentares ap\u00f3s ser formalmente&hellip;<\/p>","protected":false},"author":1,"featured_media":66719,"comment_status":"closed","ping_status":"open","sticky":false,"template":"","format":"standard","meta":{"content-type":"","footnotes":""},"categories":[16],"tags":[123,2448,5313,1267],"class_list":["post-66718","post","type-post","status-publish","format-standard","has-post-thumbnail","hentry","category-noticias","tag-brasil","tag-diario","tag-noticia","tag-noticias"],"_links":{"self":[{"href":"https:\/\/tvbrazilusa.com\/pt\/wp-json\/wp\/v2\/posts\/66718","targetHints":{"allow":["GET"]}}],"collection":[{"href":"https:\/\/tvbrazilusa.com\/pt\/wp-json\/wp\/v2\/posts"}],"about":[{"href":"https:\/\/tvbrazilusa.com\/pt\/wp-json\/wp\/v2\/types\/post"}],"author":[{"embeddable":true,"href":"https:\/\/tvbrazilusa.com\/pt\/wp-json\/wp\/v2\/users\/1"}],"replies":[{"embeddable":true,"href":"https:\/\/tvbrazilusa.com\/pt\/wp-json\/wp\/v2\/comments?post=66718"}],"version-history":[{"count":1,"href":"https:\/\/tvbrazilusa.com\/pt\/wp-json\/wp\/v2\/posts\/66718\/revisions"}],"predecessor-version":[{"id":66720,"href":"https:\/\/tvbrazilusa.com\/pt\/wp-json\/wp\/v2\/posts\/66718\/revisions\/66720"}],"wp:featuredmedia":[{"embeddable":true,"href":"https:\/\/tvbrazilusa.com\/pt\/wp-json\/wp\/v2\/media\/66719"}],"wp:attachment":[{"href":"https:\/\/tvbrazilusa.com\/pt\/wp-json\/wp\/v2\/media?parent=66718"}],"wp:term":[{"taxonomy":"category","embeddable":true,"href":"https:\/\/tvbrazilusa.com\/pt\/wp-json\/wp\/v2\/categories?post=66718"},{"taxonomy":"post_tag","embeddable":true,"href":"https:\/\/tvbrazilusa.com\/pt\/wp-json\/wp\/v2\/tags?post=66718"}],"curies":[{"name":"wp","href":"https:\/\/api.w.org\/{rel}","templated":true}]}}