{"id":66724,"date":"2024-11-27T12:13:52","date_gmt":"2024-11-27T12:13:52","guid":{"rendered":"https:\/\/tvbrazilusa.com\/2024\/11\/27\/stj-e-tst-aprovam-pagamento-adicional-para-juizes\/"},"modified":"2024-11-27T12:13:53","modified_gmt":"2024-11-27T12:13:53","slug":"stj-e-tst-aprovam-pagamento-adicional-para-juizes","status":"publish","type":"post","link":"https:\/\/tvbrazilusa.com\/pt\/2024\/11\/27\/stj-e-tst-aprovam-pagamento-adicional-para-juizes\/","title":{"rendered":"STJ e TST aprovam pagamento adicional para ju\u00edzes"},"content":{"rendered":"<p> <script async src=\"https:\/\/pagead2.googlesyndication.com\/pagead\/js\/adsbygoogle.js?client=ca-pub-8864793242727901\"\r\n     crossorigin=\"anonymous\"><\/script><br \/>\n<\/p>\n<div id=\"taboola-read-more\" style=\"display:block; width:100%\">\n<p>O Superior Tribunal de Justi\u00e7a (STJ) e o Tribunal Superior do Trabalho (TST) decidiram, em sess\u00f5es distintas, restabelecer o pagamento do Adicional por Tempo de Servi\u00e7o (ATS) para ju\u00edzes. Popularmente conhecido como \u201cquinqu\u00eanio\u201d, esse b\u00f4nus \u00e9 destinado a magistrados que completam cinco anos de servi\u00e7o.\n<\/p>\n<p>Em abril deste ano, o Senado Federal chegou a discutir uma Proposta de Emenda \u00e0 Constitui\u00e7\u00e3o (PEC) com o objetivo de conceder um b\u00f4nus salarial para carreiras da magistratura e do Minist\u00e9rio P\u00fablico.<\/p>\n<p>Em caso de aprova\u00e7\u00e3o, a proposta teria um impacto financeiro anual de aproximadamente R$ 40 bilh\u00f5es, de acordo com c\u00e1lculos da gest\u00e3o do presidente Luiz In\u00e1cio Lula da Silva.\n<\/p>\n<p>Decis\u00e3o un\u00e2nime incrementa os supersal\u00e1rios dos ju\u00edzes<br \/>A decis\u00e3o do STJ foi aprovada de forma un\u00e2nime em uma sess\u00e3o do Conselho de Administra\u00e7\u00e3o realizada na \u00faltima ter\u00e7a-feira, 26. O ministro Benedito Gon\u00e7alves, relator do caso, acolheu o pedido da Associa\u00e7\u00e3o dos Ju\u00edzes Federais para a restitui\u00e7\u00e3o do ATS aos ministros. Ter\u00e3o acesso ao benef\u00edcio tanto os ativos quanto os aposentados, que j\u00e1 recebiam o b\u00f4nus antes da implanta\u00e7\u00e3o do regime de subs\u00eddio.\n<\/p>\n<p>O ministro Benedito Gon\u00e7alves, do STJ, enfatizou que a inclus\u00e3o do ATS deve ser contabilizada dentro do teto remunerat\u00f3rio do servi\u00e7o p\u00fablico, atualmente fixado em R$ 44 mil. No entanto, a pr\u00e1tica comum em outros tribunais \u00e9 tratar o ATS como verba indenizat\u00f3ria, n\u00e3o contabilizada como sal\u00e1rio, permitindo, assim, ultrapassar o limite estabelecido pelo teto.\n<\/p>\n<p>Voto contra pagamento retroativo e decis\u00e3o do TST<br \/>De acordo com informa\u00e7\u00f5es do jornal O Estado de S. Paulo, al\u00e9m disso, o relator votou contra o pagamento retroativo do adicional. A decis\u00e3o contou com a participa\u00e7\u00e3o de outros ministros do STJ, entre eles, Herman Benjamin, Luis Felipe Salom\u00e3o, Mauro Campbell, Francisco Falc\u00e3o e Raul Ara\u00fajo, que tamb\u00e9m votaram favoravelmente \u00e0 medida.\n<\/p>\n<p>O Tribunal Superior do Trabalho (TST) aprovou a volta do pagamento do ATS na segunda-feira 25, um dia antes do STJ. Segundo o texto da decis\u00e3o trabalhista, os valores devem sofrer ajustes pelos mesmos \u00edndices de reajuste dos sal\u00e1rios dos membros, respeitando o teto remunerat\u00f3rio.\n<\/p>\n<p>Al\u00e9m disso, a resolu\u00e7\u00e3o publicada pelo TST determina que os efeitos financeiros do pagamento devem retroagir a junho de 2006. Tamb\u00e9m devem considerar corre\u00e7\u00e3o monet\u00e1ria e juros de mora.\n<\/p>\n<p>J\u00e1 o Superior Tribunal Militar (STM) vai analisar e possivelmente seguir o exemplo das outras duas Cortes Superiores ainda nesta semana. Vera Monteiro, vice-presidente da ONG Rep\u00fablica.Org, explicou ao Estad\u00e3o que a justificativa para o Judici\u00e1rio aprovar remunera\u00e7\u00f5es extras \u00e9 baseada no tempo de servi\u00e7o. Ele n\u00e3o considera, contudo, o desempenho nem o teto.<\/p>\n<p>Fonte: Revista Oeste              <\/p>\n<\/div>\n<p><br \/>\n<br \/><a href=\"https:\/\/diariodobrasilnoticias.com.br\/noticia\/stj-e-tst-aprovam-pagamento-adicional-para-juizes-67470159ac481\">Source link <\/a><\/p>","protected":false},"excerpt":{"rendered":"<p>O Superior Tribunal de Justi\u00e7a (STJ) e o Tribunal Superior do Trabalho (TST) decidiram, em sess\u00f5es distintas, restabelecer o pagamento do Adicional por Tempo de Servi\u00e7o (ATS) para ju\u00edzes. Popularmente&hellip;<\/p>","protected":false},"author":1,"featured_media":66725,"comment_status":"closed","ping_status":"open","sticky":false,"template":"","format":"standard","meta":{"content-type":"","footnotes":""},"categories":[16],"tags":[123,2448,5313,1267],"class_list":["post-66724","post","type-post","status-publish","format-standard","has-post-thumbnail","hentry","category-noticias","tag-brasil","tag-diario","tag-noticia","tag-noticias"],"_links":{"self":[{"href":"https:\/\/tvbrazilusa.com\/pt\/wp-json\/wp\/v2\/posts\/66724","targetHints":{"allow":["GET"]}}],"collection":[{"href":"https:\/\/tvbrazilusa.com\/pt\/wp-json\/wp\/v2\/posts"}],"about":[{"href":"https:\/\/tvbrazilusa.com\/pt\/wp-json\/wp\/v2\/types\/post"}],"author":[{"embeddable":true,"href":"https:\/\/tvbrazilusa.com\/pt\/wp-json\/wp\/v2\/users\/1"}],"replies":[{"embeddable":true,"href":"https:\/\/tvbrazilusa.com\/pt\/wp-json\/wp\/v2\/comments?post=66724"}],"version-history":[{"count":1,"href":"https:\/\/tvbrazilusa.com\/pt\/wp-json\/wp\/v2\/posts\/66724\/revisions"}],"predecessor-version":[{"id":66726,"href":"https:\/\/tvbrazilusa.com\/pt\/wp-json\/wp\/v2\/posts\/66724\/revisions\/66726"}],"wp:featuredmedia":[{"embeddable":true,"href":"https:\/\/tvbrazilusa.com\/pt\/wp-json\/wp\/v2\/media\/66725"}],"wp:attachment":[{"href":"https:\/\/tvbrazilusa.com\/pt\/wp-json\/wp\/v2\/media?parent=66724"}],"wp:term":[{"taxonomy":"category","embeddable":true,"href":"https:\/\/tvbrazilusa.com\/pt\/wp-json\/wp\/v2\/categories?post=66724"},{"taxonomy":"post_tag","embeddable":true,"href":"https:\/\/tvbrazilusa.com\/pt\/wp-json\/wp\/v2\/tags?post=66724"}],"curies":[{"name":"wp","href":"https:\/\/api.w.org\/{rel}","templated":true}]}}