{"id":66730,"date":"2024-11-27T12:26:25","date_gmt":"2024-11-27T12:26:25","guid":{"rendered":"https:\/\/tvbrazilusa.com\/2024\/11\/27\/baderna-manifestantes-invadem-plenario-da-camara-veja-video\/"},"modified":"2024-11-27T12:26:26","modified_gmt":"2024-11-27T12:26:26","slug":"baderna-manifestantes-invadem-plenario-da-camara-veja-video","status":"publish","type":"post","link":"https:\/\/tvbrazilusa.com\/pt\/2024\/11\/27\/baderna-manifestantes-invadem-plenario-da-camara-veja-video\/","title":{"rendered":"BADERNA: Manifestantes invadem plen\u00e1rio da c\u00e2mara; VEJA V\u00cdDEO"},"content":{"rendered":"<p> <script async src=\"https:\/\/pagead2.googlesyndication.com\/pagead\/js\/adsbygoogle.js?client=ca-pub-8864793242727901\"\r\n     crossorigin=\"anonymous\"><\/script><br \/>\n<\/p>\n<div id=\"taboola-read-more\" style=\"display:block; width:100%\">\n<p>Manifestantes invadiram, na noite desta ter\u00e7a (26), o plen\u00e1rio da C\u00e2mara Municipal do Rio de Janeiro. Dezenas de profissionais de educa\u00e7\u00e3o da rede municipal ocuparam o plen\u00e1rio. A sess\u00e3o foi encerrada, e os vereadores deixaram o local. A invas\u00e3o aconteceu em protesto contra um projeto de lei que pode acabar com benef\u00edcios para os professores.\n<\/p>\n<p>ASSISTA:<\/p>\n<p>Fonte: Jornal da Record              <\/p>\n<\/div>\n<p><br \/>\n<br \/><a href=\"https:\/\/diariodobrasilnoticias.com.br\/noticia\/baderna-manifestantes-invadem-plenario-da-camara-veja-video-6746f05bc5d3d\">Source link <\/a><\/p>","protected":false},"excerpt":{"rendered":"<p>Manifestantes invadiram, na noite desta ter\u00e7a (26), o plen\u00e1rio da C\u00e2mara Municipal do Rio de Janeiro. Dezenas de profissionais de educa\u00e7\u00e3o da rede municipal ocuparam o plen\u00e1rio. A sess\u00e3o foi&hellip;<\/p>","protected":false},"author":1,"featured_media":66731,"comment_status":"closed","ping_status":"open","sticky":false,"template":"","format":"standard","meta":{"content-type":"","footnotes":""},"categories":[16],"tags":[123,2448,5313,1267],"class_list":["post-66730","post","type-post","status-publish","format-standard","has-post-thumbnail","hentry","category-noticias","tag-brasil","tag-diario","tag-noticia","tag-noticias"],"_links":{"self":[{"href":"https:\/\/tvbrazilusa.com\/pt\/wp-json\/wp\/v2\/posts\/66730","targetHints":{"allow":["GET"]}}],"collection":[{"href":"https:\/\/tvbrazilusa.com\/pt\/wp-json\/wp\/v2\/posts"}],"about":[{"href":"https:\/\/tvbrazilusa.com\/pt\/wp-json\/wp\/v2\/types\/post"}],"author":[{"embeddable":true,"href":"https:\/\/tvbrazilusa.com\/pt\/wp-json\/wp\/v2\/users\/1"}],"replies":[{"embeddable":true,"href":"https:\/\/tvbrazilusa.com\/pt\/wp-json\/wp\/v2\/comments?post=66730"}],"version-history":[{"count":1,"href":"https:\/\/tvbrazilusa.com\/pt\/wp-json\/wp\/v2\/posts\/66730\/revisions"}],"predecessor-version":[{"id":66732,"href":"https:\/\/tvbrazilusa.com\/pt\/wp-json\/wp\/v2\/posts\/66730\/revisions\/66732"}],"wp:featuredmedia":[{"embeddable":true,"href":"https:\/\/tvbrazilusa.com\/pt\/wp-json\/wp\/v2\/media\/66731"}],"wp:attachment":[{"href":"https:\/\/tvbrazilusa.com\/pt\/wp-json\/wp\/v2\/media?parent=66730"}],"wp:term":[{"taxonomy":"category","embeddable":true,"href":"https:\/\/tvbrazilusa.com\/pt\/wp-json\/wp\/v2\/categories?post=66730"},{"taxonomy":"post_tag","embeddable":true,"href":"https:\/\/tvbrazilusa.com\/pt\/wp-json\/wp\/v2\/tags?post=66730"}],"curies":[{"name":"wp","href":"https:\/\/api.w.org\/{rel}","templated":true}]}}