{"id":66814,"date":"2024-11-27T14:40:53","date_gmt":"2024-11-27T14:40:53","guid":{"rendered":"https:\/\/tvbrazilusa.com\/2024\/11\/27\/nba-diz-que-hawks-violou-a-politica-de-participacao-de-jogadores-ao-sentar-trae-young-para-o-jogo-da-copa-contra-o-celtics\/"},"modified":"2024-11-27T14:51:36","modified_gmt":"2024-11-27T14:51:36","slug":"nba-diz-que-hawks-violou-a-politica-de-participacao-de-jogadores-ao-sentar-trae-young-para-o-jogo-da-copa-contra-o-celtics","status":"publish","type":"post","link":"https:\/\/tvbrazilusa.com\/pt\/2024\/11\/27\/nba-diz-que-hawks-violou-a-politica-de-participacao-de-jogadores-ao-sentar-trae-young-para-o-jogo-da-copa-contra-o-celtics\/","title":{"rendered":"NBA diz que Hawks violou a pol\u00edtica de participa\u00e7\u00e3o de jogadores ao sentar Trae Young para o jogo da Copa contra o Celtics"},"content":{"rendered":"<p> <script async src=\"https:\/\/pagead2.googlesyndication.com\/pagead\/js\/adsbygoogle.js?client=ca-pub-8864793242727901\"\r\n     crossorigin=\"anonymous\"><\/script><br \/>\n<\/p>\n<div id=\"\">\n<header class=\"m-article-header m-article-header--standard\">\n\t\t\t\t\t\t\t\t\t\t\t\t<span id=\"article-header-primary-term\"><br \/>\n\t\t\t\t\t\t\t\t<a class=\"a-term a-term--primary\" href=\"https:\/\/www.boston.com\/tag\/boston-celtics\/\"><\/p>\n<p>\t\t\t\t\t\t\t\tCeltas\t\t\t\t\t\t\t\t<\/a><br \/>\n\t\t\t\t\t\t\t<\/span><\/p>\n<h2 class=\"m-article-header__sub-headline\">O padr\u00e3o m\u00e9dico \u201cdestina-se a promover a participa\u00e7\u00e3o na temporada regular da NBA\u201d.<\/h2>\n<figure class=\"a-photo m-article-header__photo\"><figcaption class=\"a-photo__caption\">\n<p>\tTrae Young dirige na pista enquanto \u00e9 guardado por Jayson Tatum durante um jogo em Atlanta, 4 de novembro de 2024.<em> Foto AP \/ Jason Allen<\/em>\t<\/figcaption><\/figure>\n<div class=\"m-article-header__meta\">\n<div class=\"m-article-header__byline\">\n<p class=\"m-article-header__author\">\n<p>\t\t\t\t\t\t\t\tPor TIM REYNOLDS, Associated Press\t\t\t\t\t\t\t<\/p>\n<p>\t\t\t\t\t\t\t\t\t\t\t\t\t\t\t<time class=\"m-article-header__date\"><\/p>\n<p>\t\t\t\t\t\t\t\t\t27 de novembro de 2024 | 9h40\t\t\t\t\t\t\t\t<\/time><\/p><\/div>\n<\/p><\/div>\n<\/header>\n<p>A NBA multou o Atlanta Hawks em US$ 100 mil na ter\u00e7a-feira, depois que uma investiga\u00e7\u00e3o determinou que o armador Trae Young poderia ter jogado em um <a href=\"https:\/\/www.boston.com\/sports\/boston-celtics\/2024\/11\/12\/celtics-hawks-takeaways-jaylen-brown-jayson-tatum\/\" target=\"_blank\" rel=\"noreferrer noopener\">Jogo da Copa da NBA contra o Boston Celtics<\/a> em 12 de novembro.<\/p>\n<p>Os Hawks listaram Young em seu relat\u00f3rio de les\u00f5es naquela noite por causa de uma tendinite no tend\u00e3o de Aquiles direito. Atlanta acabou vencendo o jogo de qualquer maneira, por 117-116.<\/p>\n<p>A quest\u00e3o, o <a href=\"https:\/\/www.boston.com\/tag\/nba\/\" target=\"_blank\" rel=\"noreferrer noopener\">NBA<\/a> disse, foi que os Hawks violaram a pol\u00edtica de participa\u00e7\u00e3o de jogadores da liga &#8211; que se concentra principalmente no que a liga define como jogadores estrelas, um grupo para o qual Young se qualificaria, j\u00e1 que foi uma sele\u00e7\u00e3o All-Star na temporada passada. Pela regra da liga, \u201ca menos que uma equipe demonstre um motivo aprovado para um craque n\u00e3o participar de um jogo\u201d, ela deve ter os craques \u201cpara todos os jogos da televis\u00e3o nacional e do torneio de temporada da NBA\u201d.<\/p>\n<p>\u201cAp\u00f3s uma investiga\u00e7\u00e3o, incluindo a revis\u00e3o por um m\u00e9dico independente, a NBA determinou que os Hawks mantiveram Young fora de um jogo que ele poderia ter disputado de acordo com os padr\u00f5es m\u00e9dicos da pol\u00edtica\u201d, disse a liga. \u201cA conduta da organiza\u00e7\u00e3o violou a pol\u00edtica, que visa promover a participa\u00e7\u00e3o na temporada regular da NBA.\u201d<\/p>\n<p>Esse jogo contra o Celtics \u00e9 o \u00fanico que Young perdeu nesta temporada.<\/p>\n<h2 class=\"wp-block-heading\" id=\"h-kings-brown-fined\">Kings&#8217; Brown multado<\/h2>\n<p>Tamb\u00e9m na ter\u00e7a-feira, a NBA multou o t\u00e9cnico do Sacramento, Mike Brown, em US$ 35.000 \u201cpor perseguir agressivamente um oficial do jogo durante um jogo ao vivo\u201d.<\/p>\n<p>Brown correu em dire\u00e7\u00e3o ao \u00e1rbitro Scott Twardoski no meio do segundo quarto do jogo de domingo contra o Brooklyn Nets, depois de ficar irritado com uma n\u00e3o chamada. Os Kings perderam o jogo por 108-103.<\/p>\n<div class=\"m-block m-generic-cta\t m-generic-cta--post-content\t m-generic-cta--dark\t m-generic-cta--homepage\t m-generic-cta--email-signup\t\t m-generic-cta-block-style--default \tt-amp__generic-cta\"><\/p>\n<div class=\"m-generic-cta__wrap\">\n<div class=\"m-generic-cta__content\">\n<h3 class=\"m-generic-cta__title\">Inscreva-se para receber atualiza\u00e7\u00f5es do Celtics\ud83c\udfc0<\/h3>\n<p class=\"m-generic-cta__subtitle\">Receba as \u00faltimas not\u00edcias e an\u00e1lises em sua caixa de entrada durante a temporada de basquete.<\/p>\n<\/p><\/div>\n<\/p><\/div>\n<\/div><\/div>\n<p><script>\n\t\tvar consent=\"grant\";\n\t\t\/* The above code is parsing the JSON data from the local storage and storing it in a variable. *\/\n\t\t\t\t\tconst onetrustStorageConsent = JSON.parse(localStorage.getItem( 'consent_one_trust_bdc' ) );\n\t\t\tif ( ( onetrustStorageConsent !== null ) ) {\n\t\t\t\t\/* Checking to see if the user has consented to the use of cookies.\n\t\t\t\t* If they have not, it is deleting the cookie.\n\t\t\t\t* This will comment for now, until further notice.\n\t\t\t\t*\/\n\t\t\t\t\/\/if ( onetrustStorageConsent.C0002 === false ) {\n\t\t\t\t\/\/\tdocument.cookie=\"_fbp=;expires=Thu, 01 Jan 2010 00:00:00 UTC; path=\/; domain=.boston.com\";\n\t\t\t\t\/\/}\n\t\t\t\t\/* Checking if the user has given consent for the cookie C0002.\n\t\t\t\t* If the user has given consent, the variable consent will be set to 'grant'.\n\t\t\t\t* If the user has not given consent,the variable consent will be set to 'revoke'.\n\t\t\t\t* Documentation https:\/\/developers.facebook.com\/docs\/meta-pixel\/implementation\/gdpr\n\t\t\t\t*\/\n\t\t\t\tif ( onetrustStorageConsent.C0002 !== true ) {\n\t\t\t\t\tconsent=\"revoke\";\n\t\t\t\t}\n\t\t\t}\n\t\t\t\t!function(f,b,e,v,n,t,s)\n\t\t{if(f.fbq)return;n=f.fbq=function(){n.callMethod?\n\t\tn.callMethod.apply(n,arguments):n.queue.push(arguments)};\n\t\tif(!f._fbq)f._fbq=n;n.push=n;n.loaded=!0;n.version='2.0';\n\t\tn.queue=[];t=b.createElement(e);t.async=!0;\n\t\tt.src=v;s=b.getElementsByTagName(e)[0];\n\t\ts.parentNode.insertBefore(t,s)}(window, document,'script',\n\t\t'https:\/\/connect.facebook.net\/en_US\/fbevents.js');\n\t\tfbq('consent', consent);\n\t\tfbq('init', '989222871864976');\n\t\tfbq('track', 'PageView');\n\t<\/script><script type=\"module\">\n\t\tvar consent=\"grant\";\n\t\t\/* The above code is parsing the JSON data from the local storage and storing it in a variable. *\/\n\t\t\tconst onetrustStorageConsent = JSON.parse(localStorage.getItem( 'consent_one_trust_bdc' ) );\n\t\t\t\/* Checking to see if the user has consented to the use of cookies.\n\t\t\t* If they have not, it is deleting the cookie.\n\t\t\t* This will comment for now, until further notice.\n\t\t\t*\/\n\t\t\t\/\/if ( onetrustStorageConsent.C0002 === false ) {\n\t\t\t\/\/\tdocument.cookie=\"_fbp=;expires=Thu, 01 Jan 2010 00:00:00 UTC; path=\/; domain=.boston.com\";\n\t\t\t\/\/}\n\t\t\t\/* Checking if the user has given consent for the cookie C0002.\n\t\t\t* If the user has given consent, the variable consent will be set to 'grant'.\n\t\t\t* If the user has not given consent,the variable consent will be set to 'revoke'.\n\t\t\t* Documentation https:\/\/developers.facebook.com\/docs\/meta-pixel\/implementation\/gdpr\n\t\t\t*\/\n\t\t\tif ( ( onetrustStorageConsent !== null ) && (onetrustStorageConsent.C0002 !== true ) ) {\n\t\t\t\tconsent=\"revoke\";\n\t\t\t}\n\t\t\t\t!function(f,b,e,v,n,t,s){if(f.fbq)return;n=f.fbq=function()\n\t\t{n.callMethod? n.callMethod.apply(n,arguments):n.queue.push(arguments)}\n\t\t;if(!f._fbq)f._fbq=n;\n\t\tn.push=n;n.loaded=!0;n.version='2.0';n.queue=[];t=b.createElement(e);t.async=!0;\n\t\tt.src=v;s=b.getElementsByTagName(e)[0];s.parentNode.insertBefore(t,s)}(window,\n\t\tdocument,'script','https:\/\/connect.facebook.net\/en_US\/fbevents.js');\n\t\tfbq('consent', consent);\n\t\tfbq('init', '813236348753005');\n\t\tfbq('track', \"PageView\");\n\t<\/script><br \/>\n<br \/><br \/>\n<br \/><a href=\"https:\/\/www.boston.com\/sports\/boston-celtics\/2024\/11\/27\/celtics-hawks-trae-young-nba\/\">Source link <\/a><\/p>","protected":false},"excerpt":{"rendered":"<p>Celtas O padr\u00e3o m\u00e9dico \u201cdestina-se a promover a participa\u00e7\u00e3o na temporada regular da NBA\u201d. Trae Young dirige na pista enquanto \u00e9 guardado por Jayson Tatum durante um jogo em Atlanta,&hellip;<\/p>","protected":false},"author":1,"featured_media":66815,"comment_status":"closed","ping_status":"open","sticky":false,"template":"","format":"standard","meta":{"content-type":"","footnotes":""},"categories":[1],"tags":[],"class_list":["post-66814","post","type-post","status-publish","format-standard","has-post-thumbnail","hentry","category-uncategorized"],"_links":{"self":[{"href":"https:\/\/tvbrazilusa.com\/pt\/wp-json\/wp\/v2\/posts\/66814","targetHints":{"allow":["GET"]}}],"collection":[{"href":"https:\/\/tvbrazilusa.com\/pt\/wp-json\/wp\/v2\/posts"}],"about":[{"href":"https:\/\/tvbrazilusa.com\/pt\/wp-json\/wp\/v2\/types\/post"}],"author":[{"embeddable":true,"href":"https:\/\/tvbrazilusa.com\/pt\/wp-json\/wp\/v2\/users\/1"}],"replies":[{"embeddable":true,"href":"https:\/\/tvbrazilusa.com\/pt\/wp-json\/wp\/v2\/comments?post=66814"}],"version-history":[{"count":1,"href":"https:\/\/tvbrazilusa.com\/pt\/wp-json\/wp\/v2\/posts\/66814\/revisions"}],"predecessor-version":[{"id":66816,"href":"https:\/\/tvbrazilusa.com\/pt\/wp-json\/wp\/v2\/posts\/66814\/revisions\/66816"}],"wp:featuredmedia":[{"embeddable":true,"href":"https:\/\/tvbrazilusa.com\/pt\/wp-json\/wp\/v2\/media\/66815"}],"wp:attachment":[{"href":"https:\/\/tvbrazilusa.com\/pt\/wp-json\/wp\/v2\/media?parent=66814"}],"wp:term":[{"taxonomy":"category","embeddable":true,"href":"https:\/\/tvbrazilusa.com\/pt\/wp-json\/wp\/v2\/categories?post=66814"},{"taxonomy":"post_tag","embeddable":true,"href":"https:\/\/tvbrazilusa.com\/pt\/wp-json\/wp\/v2\/tags?post=66814"}],"curies":[{"name":"wp","href":"https:\/\/api.w.org\/{rel}","templated":true}]}}