{"id":66855,"date":"2024-11-27T15:09:09","date_gmt":"2024-11-27T15:09:09","guid":{"rendered":"https:\/\/tvbrazilusa.com\/2024\/11\/27\/pergunte-ao-remodelador-voce-deve-isolar-sua-garagem-para-colocar-uma-geladeira\/"},"modified":"2024-11-27T15:49:26","modified_gmt":"2024-11-27T15:49:26","slug":"pergunte-ao-remodelador-voce-deve-isolar-sua-garagem-para-colocar-uma-geladeira","status":"publish","type":"post","link":"https:\/\/tvbrazilusa.com\/pt\/2024\/11\/27\/pergunte-ao-remodelador-voce-deve-isolar-sua-garagem-para-colocar-uma-geladeira\/","title":{"rendered":"Pergunte ao remodelador: voc\u00ea deve isolar sua garagem para colocar uma geladeira?"},"content":{"rendered":"<p> <script async src=\"https:\/\/pagead2.googlesyndication.com\/pagead\/js\/adsbygoogle.js?client=ca-pub-8864793242727901\"\r\n     crossorigin=\"anonymous\"><\/script><br \/>\n<\/p>\n<div id=\"\">\n<header class=\"m-article-header m-article-header--standard\">\n\t\t\t\t\t\t\t\t\t\t\t\t<span id=\"article-header-primary-term\"><br \/>\n\t\t\t\t\t\t\t\t<a class=\"a-term a-term--primary\" href=\"https:\/\/www.boston.com\/tag\/home-improvement\/\"><\/p>\n<p>\t\t\t\t\t\t\t\tMelhoria da casa\t\t\t\t\t\t\t\t<\/a><br \/>\n\t\t\t\t\t\t\t<\/span><\/p>\n<h2 class=\"m-article-header__sub-headline\">Um segundo seria \u00f3timo para armazenar sobras e bebidas de f\u00e9rias, mas ser\u00e1 que consegue suportar temperaturas extremas? Envie suas perguntas sobre melhorias na casa para <a href=\"https:\/\/www.boston.com\/cdn-cgi\/l\/email-protection\" class=\"__cf_email__\" data-cfemail=\"c7afa8aaa2b5a2b7a6aeb587a0aba8a5a2e9a4a8aa\">[email\u00a0protected]<\/a>.<\/h2>\n<figure class=\"a-photo m-article-header__photo\"><figcaption class=\"a-photo__caption\">\n<p>\tUma geladeira pronta para garagem deve ser capaz de lidar com varia\u00e7\u00f5es extremas de temperatura, desde abaixo de zero at\u00e9 dias quentes e \u00famidos de ver\u00e3o.<em> Adobe Estoque<\/em>\t<\/figcaption><\/figure>\n<div class=\"m-article-header__meta\">\n<div class=\"m-article-header__byline\">\n<p class=\"m-article-header__author\">\n<p>\t\t\t\t\t\t\t\tPor Mark Philben, The Boston Globe\t\t\t\t\t\t\t<\/p>\n<p>\t\t\t\t\t\t\t\t\t\t\t\t\t\t\t<time class=\"m-article-header__date\"><\/p>\n<p>\t\t\t\t\t\t\t\t\t27 de novembro de 2024 | 10h09\t\t\t\t\t\t\t\t<\/time><\/p><\/div>\n<\/p><\/div>\n<\/header>\n<p><b>Q. <\/b>Compramos uma casa de 5 anos com classifica\u00e7\u00e3o cinco estrelas em termos de efici\u00eancia energ\u00e9tica, incluindo isolamento, mas a garagem anexa sem janelas, que fica em pleno sol, n\u00e3o \u00e9 isolada. Compramos uma geladeira pronta para garagem. Devemos ventilar o espa\u00e7o acima ou adicionar isolamento no telhado e nas paredes?<\/p>\n<p class=\"has-text-align-right\">SC<\/p>\n<p><b>UM. <\/b>Realmente n\u00e3o existe uma maneira certa ou errada de ir aqui. Se voc\u00ea comprou uma geladeira pronta para garagem, ela dever\u00e1 ser capaz de suportar varia\u00e7\u00f5es extremas de temperatura, desde temperaturas abaixo de zero at\u00e9 dias quentes e \u00famidos. Essas geladeiras deveriam ter melhor isolamento para que o compressor n\u00e3o queime prematuramente, principalmente nos meses mais quentes. Em rela\u00e7\u00e3o a qualquer ventila\u00e7\u00e3o, pode haver ventila\u00e7\u00e3o de cumeeira no topo da cobertura, o que permitiria a libera\u00e7\u00e3o passiva de calor no ver\u00e3o. Caso contr\u00e1rio, a ventila\u00e7\u00e3o do cume \u00e9 uma instala\u00e7\u00e3o bastante f\u00e1cil para um carpinteiro. Vale a pena permitir que o calor acumulado escape; pode acrescentar anos \u00e0 vida \u00fatil do seu telhado. Quanto ao isolamento, isso n\u00e3o \u00e9 cr\u00edtico para uma garagem. O isolamento ajudar\u00e1 um pouco a sua geladeira e tamb\u00e9m deixar\u00e1 seu carro um pouco mais quente no inverno. Se voc\u00ea armazenar equipamentos de gramado movidos a g\u00e1s em sua garagem, mant\u00ea-los protegidos do frio extremo ajudar\u00e1. Valeria a pena verificar a porta da sua garagem. Se n\u00e3o for uma porta com n\u00facleo de espuma isolada, isolar as paredes e o teto provavelmente n\u00e3o valeria a pena.<\/p>\n<h3 class=\"wp-block-heading\" id=\"h-dear-mark\">Caro Marcos<\/h3>\n<p><b>A respeito de<\/b> \u201c<a href=\"https:\/\/bostonglobe.com\/2024\/11\/13\/real-estate\/are-gutter-covers-duct-cleaning-needed\/\" target=\"_blank\">Pergunte ao remodelador: voc\u00ea deve limpar os dutos de ar? Adicionar protetores de calha?<\/a>\u201d13 de novembro)<\/p>\n<p>Tenho guardas de sarjeta desde 1987 e eles s\u00e3o uma d\u00e1diva de Deus. Chega de lutar com uma escada de 28 p\u00e9s para desenterrar massas frias, \u00famidas e \u00e0s vezes congeladas de folhas molhadas e sujeira. N\u00e3o h\u00e1 pinheiros por perto, apenas bordos e carvalhos. N\u00e3o tivemos nenhum tipo de problema. Os guardas s\u00e3o s\u00f3lidos, exceto no final, onde se curvam. Os guardas s\u00e3o robustos e n\u00e3o obstruem. O que h\u00e1 para n\u00e3o gostar? Eu tenho uma calha baixa e sem prote\u00e7\u00e3o que n\u00e3o pode ter prote\u00e7\u00e3o devido ao design. Uma escada e uma escada de 16 p\u00e9s cuidam da tarefa. Pela primeira vez, discordo veementemente do seu conselho.<\/p>\n<p class=\"has-text-align-right\">FAL, <i>Billerica<\/i><\/p>\n<p><b>UM. <\/b>Adoramos o feedback do leitor. \u00c9 sempre bom ouvir as experi\u00eancias das pessoas com v\u00e1rias solu\u00e7\u00f5es que funcionaram ou n\u00e3o. Tive a sensa\u00e7\u00e3o de que ouviria algo sobre tampas de sarjetas. Eu me esquivei um pouco, afirmando que algumas circunst\u00e2ncias poderiam justificar um sistema de cobertura de calhas. N\u00f3s os instalamos nas casas dos clientes que tinham uma cobertura arb\u00f3rea significativa. Temos outro cliente que instalou um sistema de calhas propriet\u00e1rio e est\u00e1 bastante satisfeito com ele. Portanto, h\u00e1 exce\u00e7\u00f5es, embora tenhamos descoberto que elas criam mais problemas do que resolvem. Normalmente, os problemas resultam de sistemas instalados incorretamente e sem levar em conta o tipo de cobertura de \u00e1rvore com a qual voc\u00ea est\u00e1 lidando. Certos carvalhos liberam aqueles frutos pequenos e pegajosos que causam estragos em certos sistemas de prote\u00e7\u00e3o de calhas. Achamos que isso acontece com muita frequ\u00eancia. Um ponto-chave que tentei enfatizar \u00e9 n\u00e3o ser enganado por uma falsa sensa\u00e7\u00e3o de seguran\u00e7a e negligenciar a inspe\u00e7\u00e3o do sistema junto com outros elementos do seu telhado e sistema de calhas. Os invernos podem danific\u00e1-los, e restos de folhas e sementes ainda podem passar por eles, talvez n\u00e3o tanto, mas podem acumular-se. Como costumo dizer, contrate um profissional para fazer a avalia\u00e7\u00e3o correta e sugerir o produto e a t\u00e9cnica de instala\u00e7\u00e3o.<\/p>\n<p>Obrigado pelo feedback. Por favor, continue assim.<\/p>\n<p><i>Mark Philben \u00e9 o gerente de desenvolvimento de projetos da <\/i><a href=\"http:\/\/www.charlie-allen.com\/\" target=\"_blank\"><i>Renova\u00e7\u00f5es Charlie Allen<\/i><\/a><i>  em Cambridge. Envie suas d\u00favidas para <\/i><a href=\"http:\/\/www.boston.com\/cdn-cgi\/l\/email-protection#cca4a3a1a9bea9bcada5be8caba0a3aea9e2afa3a1\" target=\"_blank\"><i><span class=\"__cf_email__\" data-cfemail=\"b7dfd8dad2c5d2c7d6dec5f7d0dbd8d5d299d4d8da\">[email\u00a0protected]<\/span><\/i><\/a><i>. As perguntas est\u00e3o sujeitas a edi\u00e7\u00e3o. <\/i><\/p>\n<div class=\"m-block m-generic-cta\t m-generic-cta--post-content\t m-generic-cta--dark\t m-generic-cta--homepage\t m-generic-cta--email-signup\t\t m-generic-cta-block-style--default \tt-amp__generic-cta\"><\/p>\n<div class=\"m-generic-cta__wrap\">\n<div class=\"m-generic-cta__content\">\n<h3 class=\"m-generic-cta__title\">Boletim informativo de endere\u00e7o<\/h3>\n<p class=\"m-generic-cta__subtitle\">Receba as \u00faltimas not\u00edcias sobre compra, venda, aluguel, design de casas e muito mais.<\/p>\n<\/p><\/div>\n<\/p><\/div>\n<\/div><\/div>\n<p><script>\n\t\tvar consent=\"grant\";\n\t\t\/* The above code is parsing the JSON data from the local storage and storing it in a variable. *\/\n\t\t\t\t\tconst onetrustStorageConsent = JSON.parse(localStorage.getItem( 'consent_one_trust_bdc' ) );\n\t\t\tif ( ( onetrustStorageConsent !== null ) ) {\n\t\t\t\t\/* Checking to see if the user has consented to the use of cookies.\n\t\t\t\t* If they have not, it is deleting the cookie.\n\t\t\t\t* This will comment for now, until further notice.\n\t\t\t\t*\/\n\t\t\t\t\/\/if ( onetrustStorageConsent.C0002 === false ) {\n\t\t\t\t\/\/\tdocument.cookie=\"_fbp=;expires=Thu, 01 Jan 2010 00:00:00 UTC; path=\/; domain=.boston.com\";\n\t\t\t\t\/\/}\n\t\t\t\t\/* Checking if the user has given consent for the cookie C0002.\n\t\t\t\t* If the user has given consent, the variable consent will be set to 'grant'.\n\t\t\t\t* If the user has not given consent,the variable consent will be set to 'revoke'.\n\t\t\t\t* Documentation https:\/\/developers.facebook.com\/docs\/meta-pixel\/implementation\/gdpr\n\t\t\t\t*\/\n\t\t\t\tif ( onetrustStorageConsent.C0002 !== true ) {\n\t\t\t\t\tconsent=\"revoke\";\n\t\t\t\t}\n\t\t\t}\n\t\t\t\t!function(f,b,e,v,n,t,s)\n\t\t{if(f.fbq)return;n=f.fbq=function(){n.callMethod?\n\t\tn.callMethod.apply(n,arguments):n.queue.push(arguments)};\n\t\tif(!f._fbq)f._fbq=n;n.push=n;n.loaded=!0;n.version='2.0';\n\t\tn.queue=[];t=b.createElement(e);t.async=!0;\n\t\tt.src=v;s=b.getElementsByTagName(e)[0];\n\t\ts.parentNode.insertBefore(t,s)}(window, document,'script',\n\t\t'https:\/\/connect.facebook.net\/en_US\/fbevents.js');\n\t\tfbq('consent', consent);\n\t\tfbq('init', '989222871864976');\n\t\tfbq('track', 'PageView');\n\t<\/script><script type=\"module\">\n\t\tvar consent=\"grant\";\n\t\t\/* The above code is parsing the JSON data from the local storage and storing it in a variable. *\/\n\t\t\tconst onetrustStorageConsent = JSON.parse(localStorage.getItem( 'consent_one_trust_bdc' ) );\n\t\t\t\/* Checking to see if the user has consented to the use of cookies.\n\t\t\t* If they have not, it is deleting the cookie.\n\t\t\t* This will comment for now, until further notice.\n\t\t\t*\/\n\t\t\t\/\/if ( onetrustStorageConsent.C0002 === false ) {\n\t\t\t\/\/\tdocument.cookie=\"_fbp=;expires=Thu, 01 Jan 2010 00:00:00 UTC; path=\/; domain=.boston.com\";\n\t\t\t\/\/}\n\t\t\t\/* Checking if the user has given consent for the cookie C0002.\n\t\t\t* If the user has given consent, the variable consent will be set to 'grant'.\n\t\t\t* If the user has not given consent,the variable consent will be set to 'revoke'.\n\t\t\t* Documentation https:\/\/developers.facebook.com\/docs\/meta-pixel\/implementation\/gdpr\n\t\t\t*\/\n\t\t\tif ( ( onetrustStorageConsent !== null ) && (onetrustStorageConsent.C0002 !== true ) ) {\n\t\t\t\tconsent=\"revoke\";\n\t\t\t}\n\t\t\t\t!function(f,b,e,v,n,t,s){if(f.fbq)return;n=f.fbq=function()\n\t\t{n.callMethod? n.callMethod.apply(n,arguments):n.queue.push(arguments)}\n\t\t;if(!f._fbq)f._fbq=n;\n\t\tn.push=n;n.loaded=!0;n.version='2.0';n.queue=[];t=b.createElement(e);t.async=!0;\n\t\tt.src=v;s=b.getElementsByTagName(e)[0];s.parentNode.insertBefore(t,s)}(window,\n\t\tdocument,'script','https:\/\/connect.facebook.net\/en_US\/fbevents.js');\n\t\tfbq('consent', consent);\n\t\tfbq('init', '813236348753005');\n\t\tfbq('track', \"PageView\");\n\t<\/script><br \/>\n<br \/><br \/>\n<br \/><a href=\"https:\/\/www.boston.com\/real-estate\/home-improvement\/2024\/11\/27\/ask-the-remodeler-should-you-insulate-your-garage-for-a-fridge\/\">Source link <\/a><\/p>","protected":false},"excerpt":{"rendered":"<p>Melhoria da casa Um segundo seria \u00f3timo para armazenar sobras e bebidas de f\u00e9rias, mas ser\u00e1 que consegue suportar temperaturas extremas? Envie suas perguntas sobre melhorias na casa para [email\u00a0protected].&hellip;<\/p>","protected":false},"author":1,"featured_media":66856,"comment_status":"closed","ping_status":"open","sticky":false,"template":"","format":"standard","meta":{"content-type":"","footnotes":""},"categories":[1],"tags":[],"class_list":["post-66855","post","type-post","status-publish","format-standard","has-post-thumbnail","hentry","category-uncategorized"],"_links":{"self":[{"href":"https:\/\/tvbrazilusa.com\/pt\/wp-json\/wp\/v2\/posts\/66855","targetHints":{"allow":["GET"]}}],"collection":[{"href":"https:\/\/tvbrazilusa.com\/pt\/wp-json\/wp\/v2\/posts"}],"about":[{"href":"https:\/\/tvbrazilusa.com\/pt\/wp-json\/wp\/v2\/types\/post"}],"author":[{"embeddable":true,"href":"https:\/\/tvbrazilusa.com\/pt\/wp-json\/wp\/v2\/users\/1"}],"replies":[{"embeddable":true,"href":"https:\/\/tvbrazilusa.com\/pt\/wp-json\/wp\/v2\/comments?post=66855"}],"version-history":[{"count":1,"href":"https:\/\/tvbrazilusa.com\/pt\/wp-json\/wp\/v2\/posts\/66855\/revisions"}],"predecessor-version":[{"id":66857,"href":"https:\/\/tvbrazilusa.com\/pt\/wp-json\/wp\/v2\/posts\/66855\/revisions\/66857"}],"wp:featuredmedia":[{"embeddable":true,"href":"https:\/\/tvbrazilusa.com\/pt\/wp-json\/wp\/v2\/media\/66856"}],"wp:attachment":[{"href":"https:\/\/tvbrazilusa.com\/pt\/wp-json\/wp\/v2\/media?parent=66855"}],"wp:term":[{"taxonomy":"category","embeddable":true,"href":"https:\/\/tvbrazilusa.com\/pt\/wp-json\/wp\/v2\/categories?post=66855"},{"taxonomy":"post_tag","embeddable":true,"href":"https:\/\/tvbrazilusa.com\/pt\/wp-json\/wp\/v2\/tags?post=66855"}],"curies":[{"name":"wp","href":"https:\/\/api.w.org\/{rel}","templated":true}]}}