{"id":66906,"date":"2024-11-27T16:58:17","date_gmt":"2024-11-27T16:58:17","guid":{"rendered":"https:\/\/tvbrazilusa.com\/2024\/11\/27\/pancada-copolla-diz-que-se-tem-alguem-que-salvou-o-brasil-de-golpe-foi-o-proprio-bolsonaro-veja-video\/"},"modified":"2024-11-27T16:58:18","modified_gmt":"2024-11-27T16:58:18","slug":"pancada-copolla-diz-que-se-tem-alguem-que-salvou-o-brasil-de-golpe-foi-o-proprio-bolsonaro-veja-video","status":"publish","type":"post","link":"https:\/\/tvbrazilusa.com\/pt\/2024\/11\/27\/pancada-copolla-diz-que-se-tem-alguem-que-salvou-o-brasil-de-golpe-foi-o-proprio-bolsonaro-veja-video\/","title":{"rendered":"PANCADA: Copolla diz que se tem algu\u00e9m que salvou o Brasil de golpe, foi o pr\u00f3prio Bolsonaro; VEJA V\u00cdDEO"},"content":{"rendered":"<p> <script async src=\"https:\/\/pagead2.googlesyndication.com\/pagead\/js\/adsbygoogle.js?client=ca-pub-8864793242727901\"\r\n     crossorigin=\"anonymous\"><\/script><br \/>\n<br \/>Militares salvaram o Brasil de suposto golpe? VEJA V\u00cdDEO<br \/>\n<br \/><br \/>\n<br \/><a href=\"https:\/\/diariodobrasilnoticias.com.br\/noticia\/militares-salvaram-o-brasil-de-suposto-golpe-veja-video-67472ed8bfa3e\">Source link <\/a><\/p>","protected":false},"excerpt":{"rendered":"<p>Militares salvaram o Brasil de suposto golpe? VEJA V\u00cdDEO Source link<\/p>","protected":false},"author":1,"featured_media":66907,"comment_status":"closed","ping_status":"open","sticky":false,"template":"","format":"standard","meta":{"content-type":"","footnotes":""},"categories":[16],"tags":[123,2448,5313,1267],"class_list":["post-66906","post","type-post","status-publish","format-standard","has-post-thumbnail","hentry","category-noticias","tag-brasil","tag-diario","tag-noticia","tag-noticias"],"_links":{"self":[{"href":"https:\/\/tvbrazilusa.com\/pt\/wp-json\/wp\/v2\/posts\/66906","targetHints":{"allow":["GET"]}}],"collection":[{"href":"https:\/\/tvbrazilusa.com\/pt\/wp-json\/wp\/v2\/posts"}],"about":[{"href":"https:\/\/tvbrazilusa.com\/pt\/wp-json\/wp\/v2\/types\/post"}],"author":[{"embeddable":true,"href":"https:\/\/tvbrazilusa.com\/pt\/wp-json\/wp\/v2\/users\/1"}],"replies":[{"embeddable":true,"href":"https:\/\/tvbrazilusa.com\/pt\/wp-json\/wp\/v2\/comments?post=66906"}],"version-history":[{"count":1,"href":"https:\/\/tvbrazilusa.com\/pt\/wp-json\/wp\/v2\/posts\/66906\/revisions"}],"predecessor-version":[{"id":66908,"href":"https:\/\/tvbrazilusa.com\/pt\/wp-json\/wp\/v2\/posts\/66906\/revisions\/66908"}],"wp:featuredmedia":[{"embeddable":true,"href":"https:\/\/tvbrazilusa.com\/pt\/wp-json\/wp\/v2\/media\/66907"}],"wp:attachment":[{"href":"https:\/\/tvbrazilusa.com\/pt\/wp-json\/wp\/v2\/media?parent=66906"}],"wp:term":[{"taxonomy":"category","embeddable":true,"href":"https:\/\/tvbrazilusa.com\/pt\/wp-json\/wp\/v2\/categories?post=66906"},{"taxonomy":"post_tag","embeddable":true,"href":"https:\/\/tvbrazilusa.com\/pt\/wp-json\/wp\/v2\/tags?post=66906"}],"curies":[{"name":"wp","href":"https:\/\/api.w.org\/{rel}","templated":true}]}}