{"id":66912,"date":"2024-11-27T17:03:19","date_gmt":"2024-11-27T17:03:19","guid":{"rendered":"https:\/\/tvbrazilusa.com\/2024\/11\/27\/parte-deste-aterro-sanitario-em-nj-sera-coberta-para-ajudar-a-impedir-a-propagacao-do-cheiro-de-ovo-podre\/"},"modified":"2024-11-27T17:09:17","modified_gmt":"2024-11-27T17:09:17","slug":"parte-deste-aterro-sanitario-em-nj-sera-coberta-para-ajudar-a-impedir-a-propagacao-do-cheiro-de-ovo-podre","status":"publish","type":"post","link":"https:\/\/tvbrazilusa.com\/pt\/2024\/11\/27\/parte-deste-aterro-sanitario-em-nj-sera-coberta-para-ajudar-a-impedir-a-propagacao-do-cheiro-de-ovo-podre\/","title":{"rendered":"Parte deste aterro sanit\u00e1rio em NJ ser\u00e1 coberta para ajudar a impedir a propaga\u00e7\u00e3o do cheiro de ovo podre"},"content":{"rendered":"<p> <script async src=\"https:\/\/pagead2.googlesyndication.com\/pagead\/js\/adsbygoogle.js?client=ca-pub-8864793242727901\"\r\n     crossorigin=\"anonymous\"><\/script><br \/>\n<\/p>\n<p>Um coletor de lixo de Nova Jersey come\u00e7ar\u00e1 a cobrir uma parte maior de seu aterro sanit\u00e1rio no Condado de Atlantic no in\u00edcio do pr\u00f3ximo ano, tentando controlar os odores que incomodam os moradores e se tornam <a href=\"https:\/\/www.nj.com\/atlantic\/2024\/05\/the-smell-of-rotting-eggs-is-so-bad-for-these-jersey-shore-residents-that-they-filed-a-federal-lawsuit.html\" target=\"_blank\">objeto de a\u00e7\u00e3o federal.<\/a><\/p>\n<p><br \/>\n<br \/><a href=\"https:\/\/www.nj.com\/atlantic\/2024\/11\/part-of-this-nj-landfill-will-be-covered-to-help-stop-the-spread-of-a-rotten-egg-smell.html\">Source link <\/a><\/p>","protected":false},"excerpt":{"rendered":"<p>Um coletor de lixo de Nova Jersey come\u00e7ar\u00e1 a cobrir uma parte maior de seu aterro sanit\u00e1rio no Condado de Atlantic no in\u00edcio do pr\u00f3ximo ano, tentando controlar os odores&hellip;<\/p>","protected":false},"author":1,"featured_media":66913,"comment_status":"closed","ping_status":"open","sticky":false,"template":"","format":"standard","meta":{"content-type":"","footnotes":""},"categories":[1],"tags":[],"class_list":["post-66912","post","type-post","status-publish","format-standard","has-post-thumbnail","hentry","category-uncategorized"],"_links":{"self":[{"href":"https:\/\/tvbrazilusa.com\/pt\/wp-json\/wp\/v2\/posts\/66912","targetHints":{"allow":["GET"]}}],"collection":[{"href":"https:\/\/tvbrazilusa.com\/pt\/wp-json\/wp\/v2\/posts"}],"about":[{"href":"https:\/\/tvbrazilusa.com\/pt\/wp-json\/wp\/v2\/types\/post"}],"author":[{"embeddable":true,"href":"https:\/\/tvbrazilusa.com\/pt\/wp-json\/wp\/v2\/users\/1"}],"replies":[{"embeddable":true,"href":"https:\/\/tvbrazilusa.com\/pt\/wp-json\/wp\/v2\/comments?post=66912"}],"version-history":[{"count":1,"href":"https:\/\/tvbrazilusa.com\/pt\/wp-json\/wp\/v2\/posts\/66912\/revisions"}],"predecessor-version":[{"id":66914,"href":"https:\/\/tvbrazilusa.com\/pt\/wp-json\/wp\/v2\/posts\/66912\/revisions\/66914"}],"wp:featuredmedia":[{"embeddable":true,"href":"https:\/\/tvbrazilusa.com\/pt\/wp-json\/wp\/v2\/media\/66913"}],"wp:attachment":[{"href":"https:\/\/tvbrazilusa.com\/pt\/wp-json\/wp\/v2\/media?parent=66912"}],"wp:term":[{"taxonomy":"category","embeddable":true,"href":"https:\/\/tvbrazilusa.com\/pt\/wp-json\/wp\/v2\/categories?post=66912"},{"taxonomy":"post_tag","embeddable":true,"href":"https:\/\/tvbrazilusa.com\/pt\/wp-json\/wp\/v2\/tags?post=66912"}],"curies":[{"name":"wp","href":"https:\/\/api.w.org\/{rel}","templated":true}]}}