{"id":66918,"date":"2024-11-27T16:57:01","date_gmt":"2024-11-27T16:57:01","guid":{"rendered":"https:\/\/tvbrazilusa.com\/2024\/11\/27\/museu-cummer-reabrira-jardins-na-sexta-feira-jacksonville-hoje\/"},"modified":"2024-11-27T17:19:57","modified_gmt":"2024-11-27T17:19:57","slug":"museu-cummer-reabrira-jardins-na-sexta-feira-jacksonville-hoje","status":"publish","type":"post","link":"https:\/\/tvbrazilusa.com\/pt\/2024\/11\/27\/museu-cummer-reabrira-jardins-na-sexta-feira-jacksonville-hoje\/","title":{"rendered":"Museu Cummer reabrir\u00e1 jardins na sexta-feira | Jacksonville hoje"},"content":{"rendered":"<p> <script async src=\"https:\/\/pagead2.googlesyndication.com\/pagead\/js\/adsbygoogle.js?client=ca-pub-8864793242727901\"\r\n     crossorigin=\"anonymous\"><\/script><br \/>\n<\/p>\n<div>\n<p>Os jardins do <a href=\"https:\/\/www.cummermuseum.org\/\" rel=\"nofollow noopener\" target=\"_blank\">Museu de Arte e Jardins Cummer<\/a> reabrir\u00e1 \u00e0s 11h de sexta-feira.<\/p>\n<p>Os jardins <a href=\"https:\/\/jaxtoday.org\/2024\/11\/18\/cummer-gardens-closed\/\">foram fechados<\/a> desde que sofreu danos causados \u200b\u200bpor tr\u00eas furac\u00f5es consecutivos &#8211; <a href=\"https:\/\/jaxtoday.org\/2024\/10\/17\/hurricane-milton-numbers\/\">mais recentemente Milton<\/a>.<\/p>\n<div class=\"code-block code-block-26\">\n<style><![CDATA[<![CDATA[ .m16oe-0.x-section{margin-top:0px;margin-right:0px;margin-bottom:0px;margin-left:0px;border-top-width:0;border-right-width:0;border-bottom-width:0;border-left-width:0;padding-top:0px;padding-right:0px;padding-bottom:0px;padding-left:0px;z-index:auto;}.m16oe-1.x-tabs{max-width:340px;margin-top:0rem;margin-right:0rem;margin-bottom:2rem;margin-left:0rem;border-top-width:0;border-right-width:0;border-bottom-width:0;border-left-width:0;font-size:1em;}.m16oe-1 > .x-tabs-list{margin-top:0px;margin-right:0px;margin-bottom:-1px;margin-left:0px;border-top-width:0;border-right-width:0;border-bottom-width:0;border-left-width:0;}.m16oe-1 > .x-tabs-list ul{justify-content:center;padding-top:1em;padding-right:0em;padding-bottom:0em;padding-left:0em;}.m16oe-1 > .x-tabs-list button{margin-top:0rem;margin-right:.5rem;margin-bottom:0rem;margin-left:.5rem;border-top-width:1px;border-right-width:1px;border-bottom-width:1px;border-left-width:1px;border-top-style:solid;border-right-style:solid;border-bottom-style:solid;border-left-style:solid;border-top-color:rgba(0,0,0,0.2);border-right-color:rgba(0,0,0,0.2);border-bottom-color:rgba(0,0,0,0.2);border-left-color:rgba(0,0,0,0.2);border-top-left-radius:16px;border-top-right-radius:16px;border-bottom-right-radius:0px;border-bottom-left-radius:0px;padding-top:.75rem;padding-right:1.5rem;padding-bottom:0.75rem;padding-left:1.5rem;font-family:\"proxima-nova\",sans-serif;font-size:1.2rem;font-style:normal;font-weight:800;line-height:1;letter-spacing:0.15em;text-transform:uppercase;color:#76cbea;background-color:rgb(255,255,255);box-shadow:0rem 0rem 1rem .25rem rgba(0,0,0,0.15);}.m16oe-1 > .x-tabs-list button span{margin-right:calc(0.15em * -1);}.m16oe-1 > .x-tabs-list button:hover,.m16oe-1 > .x-tabs-list button[class*=\"active\"]{color:#EE4036;border-top-left-radius:16px;border-top-right-radius:16px;border-bottom-right-radius:0px;border-bottom-left-radius:0px;}.m16oe- 1 > .x-tabs-panels > .x-tabs-panel{largura superior da borda: 1px; largura da borda direita: 1px; largura da borda inferior: 1px; largura da borda esquerda: 1px; estilo superior da borda: s\u00f3lido; borda direita -estilo: s\u00f3lido;bor estilo inferior: s\u00f3lido; estilo da borda esquerda: s\u00f3lido; cor superior da borda: rgba (0,0,0,0,15); cor da borda direita: rgba (0,0,0,0,15); cor da borda inferior:rgba(0,0,0,0,15);bo rder-left-color:rgba(0,0,0,0.15);border-top-left-radius:16px;border-top-right-radius:16px;border-bottom-right-radius:16px;border-bottom -raio esquerdo: 16px;fon fam\u00edlia t: herdar; tamanho da fonte: 1em; estilo da fonte: normal; peso da fonte: herdar; altura da linha: 1,4; cor: rgba (0,0,0,1); cor de fundo: rgba (255.255.255 ,1);box-shadow:0em 0,25em 2em 0em rgba(0,0,0,0.15);}@media tela e (max-width:1199,98px){.m16oe-1.x-tabs{max-width:100%;}}@media tela e (largura m\u00e1xima: 766,98px){.m16oe-1 > .x-tabs-list bot\u00e3o{margem-direita:0rem;margem-esquerda:0rem;espa\u00e7amento entre letras:0,1rem;}.m16oe-1 > bot\u00e3o .x-tabs-list span{margem-direita:calc(0,1rem * -1);} }]]]]><![CDATA[>]]><\/style>\n<style><![CDATA[[CDATA[<![CDATA[ .e55310-e3 button[class*=\"active\"]{border-bottom:none;}.give_error:before,.give_notice:before{border-top-right-radius:10px !important;border-bottom-right-radius:10px !important;width:104% !important;height:50px !important;margin-bottom:10px !important;}]]]]><![CDATA[>]]><\/style>\n<style><![CDATA[<![CDATA[.left-sidebar-donation-form a{font-family:var(--primary-font);}@media only screen and (min-width:1430px){.code-block-26{position:absolute;left:-380px;top:155px;max-width:340px;}}]]]]><![CDATA[>]]><\/style>\n<\/div>\n<p>Al\u00e9m dos furac\u00f5es, o in\u00edcio do outono muito chuvoso e os n\u00edveis dos rios acima do normal criaram outro conjunto de desafios.<\/p>\n<\/div>\n<p><br \/>\n<br \/><a href=\"https:\/\/jaxtoday.org\/2024\/11\/27\/cummer-gardens-reopen\/\">Source link <\/a><\/p>","protected":false},"excerpt":{"rendered":"<p>Os jardins do Museu de Arte e Jardins Cummer reabrir\u00e1 \u00e0s 11h de sexta-feira. Os jardins foram fechados desde que sofreu danos causados \u200b\u200bpor tr\u00eas furac\u00f5es consecutivos &#8211; mais recentemente&hellip;<\/p>","protected":false},"author":1,"featured_media":66919,"comment_status":"closed","ping_status":"open","sticky":false,"template":"","format":"standard","meta":{"content-type":"","footnotes":""},"categories":[1],"tags":[],"class_list":["post-66918","post","type-post","status-publish","format-standard","has-post-thumbnail","hentry","category-uncategorized"],"_links":{"self":[{"href":"https:\/\/tvbrazilusa.com\/pt\/wp-json\/wp\/v2\/posts\/66918","targetHints":{"allow":["GET"]}}],"collection":[{"href":"https:\/\/tvbrazilusa.com\/pt\/wp-json\/wp\/v2\/posts"}],"about":[{"href":"https:\/\/tvbrazilusa.com\/pt\/wp-json\/wp\/v2\/types\/post"}],"author":[{"embeddable":true,"href":"https:\/\/tvbrazilusa.com\/pt\/wp-json\/wp\/v2\/users\/1"}],"replies":[{"embeddable":true,"href":"https:\/\/tvbrazilusa.com\/pt\/wp-json\/wp\/v2\/comments?post=66918"}],"version-history":[{"count":1,"href":"https:\/\/tvbrazilusa.com\/pt\/wp-json\/wp\/v2\/posts\/66918\/revisions"}],"predecessor-version":[{"id":66920,"href":"https:\/\/tvbrazilusa.com\/pt\/wp-json\/wp\/v2\/posts\/66918\/revisions\/66920"}],"wp:featuredmedia":[{"embeddable":true,"href":"https:\/\/tvbrazilusa.com\/pt\/wp-json\/wp\/v2\/media\/66919"}],"wp:attachment":[{"href":"https:\/\/tvbrazilusa.com\/pt\/wp-json\/wp\/v2\/media?parent=66918"}],"wp:term":[{"taxonomy":"category","embeddable":true,"href":"https:\/\/tvbrazilusa.com\/pt\/wp-json\/wp\/v2\/categories?post=66918"},{"taxonomy":"post_tag","embeddable":true,"href":"https:\/\/tvbrazilusa.com\/pt\/wp-json\/wp\/v2\/tags?post=66918"}],"curies":[{"name":"wp","href":"https:\/\/api.w.org\/{rel}","templated":true}]}}