{"id":66921,"date":"2024-11-27T17:29:19","date_gmt":"2024-11-27T17:29:19","guid":{"rendered":"https:\/\/tvbrazilusa.com\/2024\/11\/27\/mais-um-deputado-e-indiciado-pela-pf-por-discurso-na-camara\/"},"modified":"2024-11-27T17:29:20","modified_gmt":"2024-11-27T17:29:20","slug":"mais-um-deputado-e-indiciado-pela-pf-por-discurso-na-camara","status":"publish","type":"post","link":"https:\/\/tvbrazilusa.com\/pt\/2024\/11\/27\/mais-um-deputado-e-indiciado-pela-pf-por-discurso-na-camara\/","title":{"rendered":"Mais um deputado \u00e9 indiciado pela PF por discurso na C\u00e2mara"},"content":{"rendered":"<p> <script async src=\"https:\/\/pagead2.googlesyndication.com\/pagead\/js\/adsbygoogle.js?client=ca-pub-8864793242727901\"\r\n     crossorigin=\"anonymous\"><\/script><br \/>\n<\/p>\n<div id=\"taboola-read-more\" style=\"display:block; width:100%\">\n<p>A Pol\u00edcia Federal indiciou o deputado Cabo Gilberto Silva (PL-PB), nesta ter\u00e7a-feira (26\/11), por discursos do parlamentar na tribuna da C\u00e2mara. Na v\u00e9spera, a PF indiciou outro congressista de oposi\u00e7\u00e3o, Marcel Van Hattem (Novo-RS).\n<\/p>\n<p>\u201cFui indiciado pela Pol\u00edcia Federal do presidente Lula. Roubei? Matei? Trafiquei drogas? Pratiquei corrup\u00e7\u00e3o? N\u00e3o! Apenas cumpri com o meu dever; fiz den\u00fancias na tribuna da C\u00e2mara dos deputados sobre a conduta do delegado F\u00e1bio, que est\u00e1 \u00e0 frente de v\u00e1rios inqu\u00e9ritos ilegais contra inocentes brasileiros\u201d, disse Gilberto Silva.<\/p>\n<p>Ele se refere ao delegado da PF F\u00e1bio Alvarez Shor. O agente atua com o ministro Alexandre de Moraes (STF) em inqu\u00e9ritos que miram o ex-presidente Jair Bolsonaro, al\u00e9m de pol\u00edticos e militantes da oposi\u00e7\u00e3o.\n<\/p>\n<p>Gilberto Silva \u00e9 deputado federal em primeiro mandato e tem forte atua\u00e7\u00e3o na C\u00e2mara na \u00e1rea de seguran\u00e7a p\u00fablica. O seu indiciamento gerou reclama\u00e7\u00f5es no plen\u00e1rio por parte de colegas bolsonaristas.\n<\/p>\n<p>L\u00edder da Minoria, a deputada Bia Kicis (PL-DF) criticou: \u201cEm vez de investigarem o abuso denunciado, a Pol\u00edcia Federal resolveu ir ainda mais fundo no seu abuso de autoridade e indiciar dois parlamentares pelas suas falas na tribuna\u201d.\n<\/p>\n<p>At\u00e9 mesmo parlamentares de esquerda reclamaram sobre o indiciamento. \u201cAbrir um inqu\u00e9rito na Pol\u00edcia Federal contra manifesta\u00e7\u00e3o verbal, na tribuna, contra colega nosso, at\u00e9 onde sei, \u00e9 abuso de poder, e isso n\u00f3s n\u00e3o aceitamos\u201d, disse Chico Alencar (PSol-RJ).\n<\/p>\n<p>Fonte: Metr\u00f3poles              <\/p>\n<\/div>\n<p><br \/>\n<br \/><a href=\"https:\/\/diariodobrasilnoticias.com.br\/noticia\/mais-um-deputado-e-indiciado-pela-pf-por-discurso-na-camara-674750debe4f3\">Source link <\/a><\/p>","protected":false},"excerpt":{"rendered":"<p>A Pol\u00edcia Federal indiciou o deputado Cabo Gilberto Silva (PL-PB), nesta ter\u00e7a-feira (26\/11), por discursos do parlamentar na tribuna da C\u00e2mara. Na v\u00e9spera, a PF indiciou outro congressista de oposi\u00e7\u00e3o,&hellip;<\/p>","protected":false},"author":1,"featured_media":66922,"comment_status":"closed","ping_status":"open","sticky":false,"template":"","format":"standard","meta":{"content-type":"","footnotes":""},"categories":[16],"tags":[123,2448,5313,1267],"class_list":["post-66921","post","type-post","status-publish","format-standard","has-post-thumbnail","hentry","category-noticias","tag-brasil","tag-diario","tag-noticia","tag-noticias"],"_links":{"self":[{"href":"https:\/\/tvbrazilusa.com\/pt\/wp-json\/wp\/v2\/posts\/66921","targetHints":{"allow":["GET"]}}],"collection":[{"href":"https:\/\/tvbrazilusa.com\/pt\/wp-json\/wp\/v2\/posts"}],"about":[{"href":"https:\/\/tvbrazilusa.com\/pt\/wp-json\/wp\/v2\/types\/post"}],"author":[{"embeddable":true,"href":"https:\/\/tvbrazilusa.com\/pt\/wp-json\/wp\/v2\/users\/1"}],"replies":[{"embeddable":true,"href":"https:\/\/tvbrazilusa.com\/pt\/wp-json\/wp\/v2\/comments?post=66921"}],"version-history":[{"count":1,"href":"https:\/\/tvbrazilusa.com\/pt\/wp-json\/wp\/v2\/posts\/66921\/revisions"}],"predecessor-version":[{"id":66923,"href":"https:\/\/tvbrazilusa.com\/pt\/wp-json\/wp\/v2\/posts\/66921\/revisions\/66923"}],"wp:featuredmedia":[{"embeddable":true,"href":"https:\/\/tvbrazilusa.com\/pt\/wp-json\/wp\/v2\/media\/66922"}],"wp:attachment":[{"href":"https:\/\/tvbrazilusa.com\/pt\/wp-json\/wp\/v2\/media?parent=66921"}],"wp:term":[{"taxonomy":"category","embeddable":true,"href":"https:\/\/tvbrazilusa.com\/pt\/wp-json\/wp\/v2\/categories?post=66921"},{"taxonomy":"post_tag","embeddable":true,"href":"https:\/\/tvbrazilusa.com\/pt\/wp-json\/wp\/v2\/tags?post=66921"}],"curies":[{"name":"wp","href":"https:\/\/api.w.org\/{rel}","templated":true}]}}