{"id":66924,"date":"2024-11-27T17:28:22","date_gmt":"2024-11-27T17:28:22","guid":{"rendered":"https:\/\/tvbrazilusa.com\/2024\/11\/27\/fhp-investiga-morte-de-menino-de-14-anos-atropelado-por-carro-em-cutler-bay-wsvn-7news-noticias-de-miami-clima-esportes-fort-lauderdale\/"},"modified":"2024-11-27T17:33:37","modified_gmt":"2024-11-27T17:33:37","slug":"fhp-investiga-morte-de-menino-de-14-anos-atropelado-por-carro-em-cutler-bay-wsvn-7news-noticias-de-miami-clima-esportes-fort-lauderdale","status":"publish","type":"post","link":"https:\/\/tvbrazilusa.com\/pt\/2024\/11\/27\/fhp-investiga-morte-de-menino-de-14-anos-atropelado-por-carro-em-cutler-bay-wsvn-7news-noticias-de-miami-clima-esportes-fort-lauderdale\/","title":{"rendered":"FHP investiga morte de menino de 14 anos atropelado por carro em Cutler Bay &#8211; WSVN 7News | Not\u00edcias de Miami, clima, esportes | Fort Lauderdale"},"content":{"rendered":"<p> <script async src=\"https:\/\/pagead2.googlesyndication.com\/pagead\/js\/adsbygoogle.js?client=ca-pub-8864793242727901\"\r\n     crossorigin=\"anonymous\"><\/script><br \/>\n<\/p>\n<div itemprop=\"articleBody\">\n<p>SUDOESTE DE MIAMI-DADE, FLA. (WSVN) &#8211; A Patrulha Rodovi\u00e1ria da Fl\u00f3rida est\u00e1 investigando a morte de um menino de 14 anos atropelado por um carro em Cutler Bay poucos dias antes do Dia de A\u00e7\u00e3o de Gra\u00e7as.<\/p>\n<p>Os investigadores dizem que um Audi preto se dirigia para o norte na Southwest 112 Avenue, perto da Southwest 232nd Street, quando o menino tentou atravessar a estrada de quatro pistas e foi atingido. Ele foi declarado morto no local.<\/p>\n<p>O motorista do Audi permaneceu no local.<\/p>\n<p>A not\u00edcia do acidente se espalhou rapidamente nas redes sociais, com amigos e companheiros de equipe identificando a v\u00edtima como L\u00e1zaro, de 14 anos. Muitos o homenagearam compartilhando v\u00eddeos e fotos do tempo que passaram juntos.<\/p>\n<p>Kathy Pruitt, cujo filho jogava futebol com Lazaro, falou ao 7News.<\/p>\n<p>\u201cQuando descobri exatamente quem era, fiquei tipo, meu Deus. Ele era um bom garoto\u201d, disse Pruitt.<\/p>\n<p>Pruitt instou a comunidade a se unir para evitar trag\u00e9dias semelhantes na movimentada estrada.<\/p>\n<p>\u201cEsta \u00e9 uma estrada movimentada. 112 Allapatah \u00e9 uma estrada movimentada. Se moram nesta \u00e1rea, sabem como \u00e9 o excesso de velocidade\u201d, disse ela. \u201cComo voc\u00ea pode ver, caminh\u00f5es em alta velocidade, passaram por n\u00f3s. Voc\u00ea v\u00ea os carros o dia todo. Isso \u00e9 perigoso e precisa parar.\u201d<\/p>\n<p>Ainda n\u00e3o est\u00e1 claro se o motorista enfrentar\u00e1 acusa\u00e7\u00f5es.<\/p>\n<p><em>Copyright 2024 Sunbeam Television Corp. Todos os direitos reservados. Este material n\u00e3o pode ser publicado, transmitido, reescrito ou redistribu\u00eddo.<\/em><\/p>\n<div class=\"wp-block-newsletter\">\n\t<strong class=\"wp-block-newsletter__title\">Cadastre-se em nosso boletim informativo para receber as \u00faltimas not\u00edcias diretamente na sua caixa de entrada<\/strong><\/p>\n<\/div><\/div>\n<p><br \/>\n<br \/><a href=\"https:\/\/wsvn.com\/news\/local\/miami-dade\/fhp-investigates-death-of-14-year-old-boy-struck-by-car-in-cutler-bay\/\">Source link <\/a><\/p>","protected":false},"excerpt":{"rendered":"<p>SUDOESTE DE MIAMI-DADE, FLA. (WSVN) &#8211; A Patrulha Rodovi\u00e1ria da Fl\u00f3rida est\u00e1 investigando a morte de um menino de 14 anos atropelado por um carro em Cutler Bay poucos dias&hellip;<\/p>","protected":false},"author":1,"featured_media":66925,"comment_status":"closed","ping_status":"open","sticky":false,"template":"","format":"standard","meta":{"content-type":"","footnotes":""},"categories":[1],"tags":[],"class_list":["post-66924","post","type-post","status-publish","format-standard","has-post-thumbnail","hentry","category-uncategorized"],"_links":{"self":[{"href":"https:\/\/tvbrazilusa.com\/pt\/wp-json\/wp\/v2\/posts\/66924","targetHints":{"allow":["GET"]}}],"collection":[{"href":"https:\/\/tvbrazilusa.com\/pt\/wp-json\/wp\/v2\/posts"}],"about":[{"href":"https:\/\/tvbrazilusa.com\/pt\/wp-json\/wp\/v2\/types\/post"}],"author":[{"embeddable":true,"href":"https:\/\/tvbrazilusa.com\/pt\/wp-json\/wp\/v2\/users\/1"}],"replies":[{"embeddable":true,"href":"https:\/\/tvbrazilusa.com\/pt\/wp-json\/wp\/v2\/comments?post=66924"}],"version-history":[{"count":1,"href":"https:\/\/tvbrazilusa.com\/pt\/wp-json\/wp\/v2\/posts\/66924\/revisions"}],"predecessor-version":[{"id":66926,"href":"https:\/\/tvbrazilusa.com\/pt\/wp-json\/wp\/v2\/posts\/66924\/revisions\/66926"}],"wp:featuredmedia":[{"embeddable":true,"href":"https:\/\/tvbrazilusa.com\/pt\/wp-json\/wp\/v2\/media\/66925"}],"wp:attachment":[{"href":"https:\/\/tvbrazilusa.com\/pt\/wp-json\/wp\/v2\/media?parent=66924"}],"wp:term":[{"taxonomy":"category","embeddable":true,"href":"https:\/\/tvbrazilusa.com\/pt\/wp-json\/wp\/v2\/categories?post=66924"},{"taxonomy":"post_tag","embeddable":true,"href":"https:\/\/tvbrazilusa.com\/pt\/wp-json\/wp\/v2\/tags?post=66924"}],"curies":[{"name":"wp","href":"https:\/\/api.w.org\/{rel}","templated":true}]}}