{"id":66948,"date":"2024-11-27T18:14:02","date_gmt":"2024-11-27T18:14:02","guid":{"rendered":"https:\/\/tvbrazilusa.com\/2024\/11\/27\/defensores-lgbtq-dizem-que-moulton-nao-pediu-desculpas-apos-comentarios-sobre-atletas-trans\/"},"modified":"2024-11-27T18:29:36","modified_gmt":"2024-11-27T18:29:36","slug":"defensores-lgbtq-dizem-que-moulton-nao-pediu-desculpas-apos-comentarios-sobre-atletas-trans","status":"publish","type":"post","link":"https:\/\/tvbrazilusa.com\/pt\/2024\/11\/27\/defensores-lgbtq-dizem-que-moulton-nao-pediu-desculpas-apos-comentarios-sobre-atletas-trans\/","title":{"rendered":"Defensores LGBTQ dizem que Moulton n\u00e3o pediu desculpas ap\u00f3s coment\u00e1rios sobre atletas trans"},"content":{"rendered":"<p> <script async src=\"https:\/\/pagead2.googlesyndication.com\/pagead\/js\/adsbygoogle.js?client=ca-pub-8864793242727901\"\r\n     crossorigin=\"anonymous\"><\/script><br \/>\n<\/p>\n<div id=\"\">\n<header class=\"m-article-header m-article-header--standard\">\n\t\t\t\t\t\t\t\t\t\t\t\t<span id=\"article-header-primary-term\"><br \/>\n\t\t\t\t\t\t\t\t<a class=\"a-term a-term--primary\" href=\"https:\/\/www.boston.com\/tag\/local-news\/\"><\/p>\n<p>\t\t\t\t\t\t\t\tNot\u00edcias locais\t\t\t\t\t\t\t\t<\/a><br \/>\n\t\t\t\t\t\t\t<\/span><\/p>\n<h2 class=\"m-article-header__sub-headline\">O deputado Seth Moulton enfrentou rea\u00e7\u00e3o negativa depois de dizer que os democratas t\u00eam medo de abordar quest\u00f5es como atletas transg\u00eaneros competindo em esportes escolares.<\/h2>\n<figure class=\"a-photo m-article-header__photo\"><figcaption class=\"a-photo__caption\">\n<p>\tRepresentante Seth Moulton. <em> Jacob Kepler\/Bloomberg<\/em>\t<\/figcaption><\/figure>\n<\/header>\n<p>Os defensores LGBTQ+ e a m\u00e3e de uma crian\u00e7a transg\u00eanero est\u00e3o dizendo publicamente que conversaram com o deputado Seth Moulton alguns dias ap\u00f3s a elei\u00e7\u00e3o sobre <a href=\"https:\/\/www.boston.com\/news\/local-news\/2024\/11\/08\/seth-moulton-transgender-comments-after-dems-election-loss\/\">seus coment\u00e1rios<\/a> sobre atletas transexuais e ficaram desapontados com a resposta do congressista \u00e0s suas preocupa\u00e7\u00f5es. <\/p>\n<p>Moulton, um democrata que representa grande parte do North Shore, tem enfrentado rea\u00e7\u00f5es adversas desde que fez coment\u00e1rios a <a href=\"https:\/\/www.nytimes.com\/2024\/11\/07\/us\/politics\/democrats-kamala-harris.html\"><em>O jornal New York Times<\/em><\/a>  imediatamente ap\u00f3s a elei\u00e7\u00e3o sobre como os democratas est\u00e3o demasiado preocupados em \u201ctentar n\u00e3o ofender ningu\u00e9m\u201d. <\/p>\n<p>\u201cTenho duas meninas, n\u00e3o quero que sejam atropeladas no campo de jogo por um atleta do sexo masculino ou ex-atleta, mas como democrata devo ter medo de dizer isso\u201d, disse ele ao jornal. <em>Tempos<\/em>. <\/p>\n<p>Em 8 de novembro, Moulton reuniu-se virtualmente com l\u00edderes locais que queriam manifestar a sua oposi\u00e7\u00e3o aos seus coment\u00e1rios. Durante essa conversa, relatada por <a href=\"https:\/\/www.bostonglobe.com\/2024\/11\/26\/metro\/moulton-lgbtq-trans-athlete-election-democrats\/\"><em>O Globo de Boston<\/em><\/a>  esta semana, os defensores, os l\u00edderes e os pais esperavam um pedido de desculpas. Embora Moulton tenha admitido n\u00e3o usar as palavras perfeitas para defender seu ponto de vista, ele n\u00e3o apresentou um pedido de desculpas veemente, disseram eles.<\/p>\n<p>\u201cDurante a nossa reuni\u00e3o, compartilhei a ansiedade e o medo coletivos que tomam conta da nossa comunidade. No entanto, o deputado Moulton deixou claro que n\u00e3o se arrependia de suas declara\u00e7\u00f5es e n\u00e3o pediu desculpas\u201d, Nina Selvaggio, diretora executiva do <a href=\"https:\/\/www.gbpflag.org\/\">Grande Boston PFLAG<\/a>disse em comunicado ao Boston.com. <\/p>\n<p>Selvaggio foi acompanhado por Tanya Neslusan, diretora executiva da MassEquality, e m\u00e3e de uma crian\u00e7a transg\u00eanero que mora no distrito congressional de Moulton e falou com o <em>Globo<\/em> sob condi\u00e7\u00e3o de anonimato. <\/p>\n<p>Moulton, membro do <a href=\"https:\/\/equality.house.gov\/about-cec\/membership\">Conven\u00e7\u00e3o de Igualdade no Congresso<\/a>participou da Parada do Orgulho de North Shore e foi endossado por defensores LGBTQ + no passado. <\/p>\n<p>\u201c[Moulton] tem um hist\u00f3rico de vota\u00e7\u00e3o incontest\u00e1vel em quest\u00f5es LGBTQ+ e continuar\u00e1 a defender os direitos de todos os americanos\u201d, disse um porta-voz do congressista em comunicado. \u201cEle tem conversado e ouvido uma grande variedade de pessoas sobre esse assunto nas \u00faltimas semanas. N\u00e3o esperamos que todos concordem com ele, mas muitas dessas conversas t\u00eam apoiado o que ele est\u00e1 tentando fazer: que \u00e9 pressionar os democratas a abrirem espa\u00e7o para os eleitores que perdemos.\u201d<\/p>\n<p>Selvaggio disse que est\u00e1 vendo pais e cuidadores de pessoas LGBTQ+ \u201cem p\u00e2nico e assustados\u201d sobre como eles podem ser impactados pela pr\u00f3xima administra\u00e7\u00e3o Trump. O presidente eleito alimentou o sentimento anti-transg\u00eanero como parte central de sua campanha, gastando US$ 215 milh\u00f5es em \u201can\u00fancios anti-trans\u201d, disse ela. <\/p>\n<p>Os participantes da teleconfer\u00eancia se esfor\u00e7aram para deixar claro que as quest\u00f5es transg\u00eanero, e especificamente o tema dos atletas transg\u00eaneros nos esportes escolares, n\u00e3o s\u00e3o os enormes problemas culturais que alguns consideram que s\u00e3o, de acordo com o <em>Globo<\/em>. Eles salientaram a Moulton que as pessoas trans representam apenas cerca de 1% da popula\u00e7\u00e3o dos EUA, e apenas uma fra\u00e7\u00e3o dessas pessoas s\u00e3o jovens transexuais que praticam desporto juvenil. <\/p>\n<p>Moulton tem <a href=\"https:\/\/www.boston.com\/news\/politics\/2024\/11\/10\/seth-moulton-defends-his-transgender-comments-after-protests-at-his-salem-office\/\">manteve suas observa\u00e7\u00f5es<\/a>dizendo que os democratas frequentemente optam por \u201cpregar aqueles de quem discordamos\u201d em vez de ter \u201cconversas reais e honestas sobre quest\u00f5es dif\u00edceis\u201d.<\/p>\n<p>\u201cInfelizmente, a rea\u00e7\u00e3o serviu apenas para refor\u00e7ar meu ponto original\u201d, <a href=\"https:\/\/www.facebook.com\/SethMoulton\/posts\/pfbid035oJ8UuVGD7ajYWhBuBNVfAf7phMpM4tpn1UdVG9CmJjFBnqMwqeiDBmjRWPqi62ul?__cft__%5B0%5D=AZWnHtWrcrBkOsBibS997AC6tZsWWQU-gYUMGq9KyKRaqNI0B_clwGRhoXfQp-B2HT7sUv1fxv3_SyOjjP-DigQw4MfIBfbmbYDIL3GcfMTOEpETlGi6qQN5pfDSXZ1-WhyZaWBjujDb_CeI2YaFrUuV5JfOj5TlcVxZPE_QYazsBA&#038;__tn__=%2CO%2CP-R\">ele disse<\/a> em uma postagem de acompanhamento na m\u00eddia social. <\/p>\n<p>A m\u00e3e assistiu \u00e0s apari\u00e7\u00f5es de Moulton na m\u00eddia ap\u00f3s a liga\u00e7\u00e3o para ver se seu tom mudaria, mas ficou desapontada. <\/p>\n<p>\u201cEle n\u00e3o fez nenhuma pergunta sobre o assunto. Ele n\u00e3o fez nenhuma pergunta sobre como meus filhos estavam\u201d, disse ela ao <em>Globo<\/em>. \u201cN\u00e3o senti empatia.\u201d<\/p>\n<p>Ainda n\u00e3o est\u00e1 claro como esta saga poder\u00e1 impactar o futuro pol\u00edtico de Moulton. O Comit\u00e9 da Cidade Democr\u00e1tica de Salem votou recentemente a favor de uma carta condenando os seus coment\u00e1rios e disse que estava a trabalhar activamente para <a href=\"https:\/\/www.boston.com\/news\/politics\/2024\/11\/15\/salem-dems-reportedly-working-to-find-moulton-challenger\/\">encontre um desafiante <\/a>para concorrer contra ele nas prim\u00e1rias democratas de 2026.<\/p>\n<p>Selvaggio deu seguimento \u00e0 chamada partilhando \u201cdados e pesquisas para fornecer um contexto mais aprofundado\u201d, disse ela. Esse e-mail n\u00e3o foi respondido pelo escrit\u00f3rio de Moulton, disse ela. <\/p>\n<p>\u201cEu esperava que o deputado Moulton estivesse aberto ao aprendizado e escolhesse liderar a partir de um lugar de amor e cuidado para esta popula\u00e7\u00e3o incrivelmente vulner\u00e1vel\u201d, disse Selvaggio. \u201cContinuo a ter esperan\u00e7a de que ele esteja \u00e0 altura desse desafio.\u201d<\/p>\n<div class=\"o-author-single no-avatar\">\n<header class=\"m-author-card\">\n<div class=\"m-author-card__text\">\n<h3 class=\"m-author-card__title\"><a href=\"https:\/\/www.boston.com\/author\/ross.cristantiello\">Ross Cristantiello<\/a><\/h3>\n<p><span class=\"m-author-card__subtitle\">Redator da equipe<\/span>\t<\/div>\n<\/header>\n<section class=\"author-info\">\n<hr class=\"m-author__section--hr\"\/>\n<div class=\"m-author__section\">\n<p>Ross Cristantiello, rep\u00f3rter de not\u00edcias gerais do Boston.com desde 2022, cobre pol\u00edtica local, crime, meio ambiente e muito mais.<\/p>\n<\/div>\n<hr class=\"m-author__section--hr\"\/>\t<\/section>\n<\/div>\n<div class=\"m-block m-generic-cta\t m-generic-cta--post-content\t m-generic-cta--dark\t m-generic-cta--homepage\t m-generic-cta--email-signup\t\t m-generic-cta-block-style--default \tt-amp__generic-cta\"><\/p>\n<div class=\"m-generic-cta__wrap\">\n<div class=\"m-generic-cta__content\">\n<h3 class=\"m-generic-cta__title\">Boston.com hoje<\/h3>\n<p class=\"m-generic-cta__subtitle\">Inscreva-se para receber as \u00faltimas manchetes em sua caixa de entrada todas as manh\u00e3s.<\/p>\n<\/p><\/div>\n<\/p><\/div>\n<\/div><\/div>\n<p><script>\n\t\tvar consent=\"grant\";\n\t\t\/* The above code is parsing the JSON data from the local storage and storing it in a variable. *\/\n\t\t\t\t\tconst onetrustStorageConsent = JSON.parse(localStorage.getItem( 'consent_one_trust_bdc' ) );\n\t\t\tif ( ( onetrustStorageConsent !== null ) ) {\n\t\t\t\t\/* Checking to see if the user has consented to the use of cookies.\n\t\t\t\t* If they have not, it is deleting the cookie.\n\t\t\t\t* This will comment for now, until further notice.\n\t\t\t\t*\/\n\t\t\t\t\/\/if ( onetrustStorageConsent.C0002 === false ) {\n\t\t\t\t\/\/\tdocument.cookie=\"_fbp=;expires=Thu, 01 Jan 2010 00:00:00 UTC; path=\/; domain=.boston.com\";\n\t\t\t\t\/\/}\n\t\t\t\t\/* Checking if the user has given consent for the cookie C0002.\n\t\t\t\t* If the user has given consent, the variable consent will be set to 'grant'.\n\t\t\t\t* If the user has not given consent,the variable consent will be set to 'revoke'.\n\t\t\t\t* Documentation https:\/\/developers.facebook.com\/docs\/meta-pixel\/implementation\/gdpr\n\t\t\t\t*\/\n\t\t\t\tif ( onetrustStorageConsent.C0002 !== true ) {\n\t\t\t\t\tconsent=\"revoke\";\n\t\t\t\t}\n\t\t\t}\n\t\t\t\t!function(f,b,e,v,n,t,s)\n\t\t{if(f.fbq)return;n=f.fbq=function(){n.callMethod?\n\t\tn.callMethod.apply(n,arguments):n.queue.push(arguments)};\n\t\tif(!f._fbq)f._fbq=n;n.push=n;n.loaded=!0;n.version='2.0';\n\t\tn.queue=[];t=b.createElement(e);t.async=!0;\n\t\tt.src=v;s=b.getElementsByTagName(e)[0];\n\t\ts.parentNode.insertBefore(t,s)}(window, document,'script',\n\t\t'https:\/\/connect.facebook.net\/en_US\/fbevents.js');\n\t\tfbq('consent', consent);\n\t\tfbq('init', '989222871864976');\n\t\tfbq('track', 'PageView');\n\t<\/script><script type=\"module\">\n\t\tvar consent=\"grant\";\n\t\t\/* The above code is parsing the JSON data from the local storage and storing it in a variable. *\/\n\t\t\tconst onetrustStorageConsent = JSON.parse(localStorage.getItem( 'consent_one_trust_bdc' ) );\n\t\t\t\/* Checking to see if the user has consented to the use of cookies.\n\t\t\t* If they have not, it is deleting the cookie.\n\t\t\t* This will comment for now, until further notice.\n\t\t\t*\/\n\t\t\t\/\/if ( onetrustStorageConsent.C0002 === false ) {\n\t\t\t\/\/\tdocument.cookie=\"_fbp=;expires=Thu, 01 Jan 2010 00:00:00 UTC; path=\/; domain=.boston.com\";\n\t\t\t\/\/}\n\t\t\t\/* Checking if the user has given consent for the cookie C0002.\n\t\t\t* If the user has given consent, the variable consent will be set to 'grant'.\n\t\t\t* If the user has not given consent,the variable consent will be set to 'revoke'.\n\t\t\t* Documentation https:\/\/developers.facebook.com\/docs\/meta-pixel\/implementation\/gdpr\n\t\t\t*\/\n\t\t\tif ( ( onetrustStorageConsent !== null ) && (onetrustStorageConsent.C0002 !== true ) ) {\n\t\t\t\tconsent=\"revoke\";\n\t\t\t}\n\t\t\t\t!function(f,b,e,v,n,t,s){if(f.fbq)return;n=f.fbq=function()\n\t\t{n.callMethod? n.callMethod.apply(n,arguments):n.queue.push(arguments)}\n\t\t;if(!f._fbq)f._fbq=n;\n\t\tn.push=n;n.loaded=!0;n.version='2.0';n.queue=[];t=b.createElement(e);t.async=!0;\n\t\tt.src=v;s=b.getElementsByTagName(e)[0];s.parentNode.insertBefore(t,s)}(window,\n\t\tdocument,'script','https:\/\/connect.facebook.net\/en_US\/fbevents.js');\n\t\tfbq('consent', consent);\n\t\tfbq('init', '813236348753005');\n\t\tfbq('track', \"PageView\");\n\t<\/script><br \/>\n<br \/><br \/>\n<br \/><a href=\"https:\/\/www.boston.com\/news\/local-news\/2024\/11\/27\/lgbtq-advocates-say-moulton-offered-no-apology-after-comments-on-trans-athletes\/\">Source link <\/a><\/p>","protected":false},"excerpt":{"rendered":"<p>Not\u00edcias locais O deputado Seth Moulton enfrentou rea\u00e7\u00e3o negativa depois de dizer que os democratas t\u00eam medo de abordar quest\u00f5es como atletas transg\u00eaneros competindo em esportes escolares. Representante Seth Moulton.&hellip;<\/p>","protected":false},"author":1,"featured_media":66949,"comment_status":"closed","ping_status":"open","sticky":false,"template":"","format":"standard","meta":{"content-type":"","footnotes":""},"categories":[1],"tags":[],"class_list":["post-66948","post","type-post","status-publish","format-standard","has-post-thumbnail","hentry","category-uncategorized"],"_links":{"self":[{"href":"https:\/\/tvbrazilusa.com\/pt\/wp-json\/wp\/v2\/posts\/66948","targetHints":{"allow":["GET"]}}],"collection":[{"href":"https:\/\/tvbrazilusa.com\/pt\/wp-json\/wp\/v2\/posts"}],"about":[{"href":"https:\/\/tvbrazilusa.com\/pt\/wp-json\/wp\/v2\/types\/post"}],"author":[{"embeddable":true,"href":"https:\/\/tvbrazilusa.com\/pt\/wp-json\/wp\/v2\/users\/1"}],"replies":[{"embeddable":true,"href":"https:\/\/tvbrazilusa.com\/pt\/wp-json\/wp\/v2\/comments?post=66948"}],"version-history":[{"count":1,"href":"https:\/\/tvbrazilusa.com\/pt\/wp-json\/wp\/v2\/posts\/66948\/revisions"}],"predecessor-version":[{"id":66950,"href":"https:\/\/tvbrazilusa.com\/pt\/wp-json\/wp\/v2\/posts\/66948\/revisions\/66950"}],"wp:featuredmedia":[{"embeddable":true,"href":"https:\/\/tvbrazilusa.com\/pt\/wp-json\/wp\/v2\/media\/66949"}],"wp:attachment":[{"href":"https:\/\/tvbrazilusa.com\/pt\/wp-json\/wp\/v2\/media?parent=66948"}],"wp:term":[{"taxonomy":"category","embeddable":true,"href":"https:\/\/tvbrazilusa.com\/pt\/wp-json\/wp\/v2\/categories?post=66948"},{"taxonomy":"post_tag","embeddable":true,"href":"https:\/\/tvbrazilusa.com\/pt\/wp-json\/wp\/v2\/tags?post=66948"}],"curies":[{"name":"wp","href":"https:\/\/api.w.org\/{rel}","templated":true}]}}