{"id":66951,"date":"2024-11-27T18:36:14","date_gmt":"2024-11-27T18:36:14","guid":{"rendered":"https:\/\/tvbrazilusa.com\/2024\/11\/27\/criminosos-abordaram-o-carro-blindado-uma-bmw-do-pastor-silas-e-o-obrigaram-a-baixar-o-vidro-veja-video\/"},"modified":"2024-11-27T18:36:15","modified_gmt":"2024-11-27T18:36:15","slug":"criminosos-abordaram-o-carro-blindado-uma-bmw-do-pastor-silas-e-o-obrigaram-a-baixar-o-vidro-veja-video","status":"publish","type":"post","link":"https:\/\/tvbrazilusa.com\/pt\/2024\/11\/27\/criminosos-abordaram-o-carro-blindado-uma-bmw-do-pastor-silas-e-o-obrigaram-a-baixar-o-vidro-veja-video\/","title":{"rendered":"Criminosos abordaram o carro blindado, uma BMW do pastor Silas, e o obrigaram a baixar o vidro; VEJA V\u00cdDEO"},"content":{"rendered":"<p> <script async src=\"https:\/\/pagead2.googlesyndication.com\/pagead\/js\/adsbygoogle.js?client=ca-pub-8864793242727901\"\r\n     crossorigin=\"anonymous\"><\/script><br \/>\n<\/p>\n<div id=\"taboola-read-more\" style=\"display:block; width:100%\">\n<p>O pastor Silas Malafaia, l\u00edder da Assembleia de Deus Vit\u00f3ria em Cristo, sofreu uma tentativa de assalto na tarde desta ter\u00e7a-feira (26) em Olaria, na Zona Norte do Rio de Janeiro. Homens que faziam sua escolta reagiram e trocaram tiros com os criminosos (veja v\u00eddeo acima).\n<\/p>\n<p>Malafaia estava a caminho da sede de sua igreja, na Penha, e n\u00e3o chegou a ser atingido pelos disparos nem sofreu qualquer ferimento. Os criminosos fugiram sem levar nada. Horas depois, um dos suspeitos foi preso, ap\u00f3s ser internado em um hospital.<\/p>\n<p>Uma c\u00e2mera instalada na rua onde o crime ocorreu mostra a a\u00e7\u00e3o dos criminosos. No v\u00eddeo, \u00e9 poss\u00edvel ver que eles estavam em um carro que aparece em frente ao BMW onde Malafaia estava. Ao menos tr\u00eas homens, que aparentam estar com os rostos cobertos, correm em dire\u00e7\u00e3o ao ve\u00edculo. Dois deles tentam abrir a porta e batem no vidro.\n<\/p>\n<p>As imagens tamb\u00e9m mostram que, neste momento, pedestres em volta come\u00e7am a correr pela rua. Os seguran\u00e7as, que estavam logo atr\u00e1s, descem de outro carro, um Corolla, e um deles aponta a arma em dire\u00e7\u00e3o aos criminosos, que j\u00e1 n\u00e3o aparecem mais no v\u00eddeo. \u00c9 poss\u00edvel ver a fuma\u00e7a dos disparos.\n<\/p>\n<p>O carro dos criminosos, ent\u00e3o, avan\u00e7a, seguido pelo BMW, que chega a encostar no Corolla ao dar r\u00e9 para arrancar.\n<\/p>\n<p>A tentativa de assalto ocorreu na Rua Professor Pl\u00ednio Bastos, por volta das 18h. Os criminosos abordaram o BMW onde Silas estava e exigiram que o pastor abaixasse o vidro. Ele n\u00e3o obedeceu \u2014 o ve\u00edculo \u00e9 blindado.\n<\/p>\n<p>Os seguran\u00e7as do pastor intervieram assim que perceberam a abordagem. Um deles estava com uma arma de grosso calibre. Houve confronto.\n<\/p>\n<p>Em nota, a Pol\u00edcia Militar informou que foi acionada ap\u00f3s o crime e que as v\u00edtimas da tentativa de assalto eram tr\u00eas policiais militares de folga. Eles contaram que reagiram e que os ladr\u00f5es fugiram.\n<\/p>\n<p>Mais tarde, um dos suspeitos foi encontrado internado em um hospital particular, onde foi preso. Um ve\u00edculo roubado foi recuperado.\n<\/p>\n<p><strong>ASSISTA:<\/strong>\n<\/p>\n<p>Fonte: g1              <\/p>\n<\/div>\n<p><br \/>\n<br \/><a href=\"https:\/\/diariodobrasilnoticias.com.br\/noticia\/agora-silas-malafaia-sofre-tentativa-de-assalto-e-segurancas-trocam-tiros-com-bandidos-67473b0e670ee\">Source link <\/a><\/p>","protected":false},"excerpt":{"rendered":"<p>O pastor Silas Malafaia, l\u00edder da Assembleia de Deus Vit\u00f3ria em Cristo, sofreu uma tentativa de assalto na tarde desta ter\u00e7a-feira (26) em Olaria, na Zona Norte do Rio de&hellip;<\/p>","protected":false},"author":1,"featured_media":66952,"comment_status":"closed","ping_status":"open","sticky":false,"template":"","format":"standard","meta":{"content-type":"","footnotes":""},"categories":[16],"tags":[123,2448,5313,1267],"class_list":["post-66951","post","type-post","status-publish","format-standard","has-post-thumbnail","hentry","category-noticias","tag-brasil","tag-diario","tag-noticia","tag-noticias"],"_links":{"self":[{"href":"https:\/\/tvbrazilusa.com\/pt\/wp-json\/wp\/v2\/posts\/66951","targetHints":{"allow":["GET"]}}],"collection":[{"href":"https:\/\/tvbrazilusa.com\/pt\/wp-json\/wp\/v2\/posts"}],"about":[{"href":"https:\/\/tvbrazilusa.com\/pt\/wp-json\/wp\/v2\/types\/post"}],"author":[{"embeddable":true,"href":"https:\/\/tvbrazilusa.com\/pt\/wp-json\/wp\/v2\/users\/1"}],"replies":[{"embeddable":true,"href":"https:\/\/tvbrazilusa.com\/pt\/wp-json\/wp\/v2\/comments?post=66951"}],"version-history":[{"count":1,"href":"https:\/\/tvbrazilusa.com\/pt\/wp-json\/wp\/v2\/posts\/66951\/revisions"}],"predecessor-version":[{"id":66953,"href":"https:\/\/tvbrazilusa.com\/pt\/wp-json\/wp\/v2\/posts\/66951\/revisions\/66953"}],"wp:featuredmedia":[{"embeddable":true,"href":"https:\/\/tvbrazilusa.com\/pt\/wp-json\/wp\/v2\/media\/66952"}],"wp:attachment":[{"href":"https:\/\/tvbrazilusa.com\/pt\/wp-json\/wp\/v2\/media?parent=66951"}],"wp:term":[{"taxonomy":"category","embeddable":true,"href":"https:\/\/tvbrazilusa.com\/pt\/wp-json\/wp\/v2\/categories?post=66951"},{"taxonomy":"post_tag","embeddable":true,"href":"https:\/\/tvbrazilusa.com\/pt\/wp-json\/wp\/v2\/tags?post=66951"}],"curies":[{"name":"wp","href":"https:\/\/api.w.org\/{rel}","templated":true}]}}