{"id":66954,"date":"2024-11-27T18:48:31","date_gmt":"2024-11-27T18:48:31","guid":{"rendered":"https:\/\/tvbrazilusa.com\/2024\/11\/27\/padre-e-indiciado-pela-pf-por-fazer-oracao-por-militares-e-ministro-da-defesa\/"},"modified":"2024-11-27T18:48:32","modified_gmt":"2024-11-27T18:48:32","slug":"padre-e-indiciado-pela-pf-por-fazer-oracao-por-militares-e-ministro-da-defesa","status":"publish","type":"post","link":"https:\/\/tvbrazilusa.com\/pt\/2024\/11\/27\/padre-e-indiciado-pela-pf-por-fazer-oracao-por-militares-e-ministro-da-defesa\/","title":{"rendered":"Padre \u00e9 indiciado pela PF por fazer ora\u00e7\u00e3o por militares e ministro da defesa"},"content":{"rendered":"<p> <script async src=\"https:\/\/pagead2.googlesyndication.com\/pagead\/js\/adsbygoogle.js?client=ca-pub-8864793242727901\"\r\n     crossorigin=\"anonymous\"><\/script><br \/>\n<\/p>\n<p>O padre Jos\u00e9 Eduardo de Oliveira e Silva foi citado no relat\u00f3rio final da Pol\u00edcia Federal (PF) que investigou a tentativa de golpe de Estado envolvendo o ex-presidente Jair Bolsonaro e aliados.\n<\/p>\n<div id=\"mid2\" data-google-query-id=\"CLGy8ND3_IkDFRNQuAQdJ4ECVQ\">\n<p>De acordo com mensagens de WhatsApp analisadas pela PF, Jos\u00e9 Eduardo de Oliveira encaminhou uma \u201cora\u00e7\u00e3o ao golpe\u201d a Gilson da Silva Pupo Azevedo, com o contato salvo como \u201cFrei Gilson\u201d.<\/p>\n<p>O texto, compartilhado no dia 3 de novembro de 2023, pedia que todos os brasileiros, cat\u00f3licos e evang\u00e9licos, inclu\u00edssem os nomes o ent\u00e3o Ministro da Defesa, general Paulo S\u00e9rgio Nogueira, e outros 16 generais quatro estrelas \u2013 esses \u00faltimos pertencentes \u00e0 mais alta patente militar do Ex\u00e9rcito \u2013 em suas ora\u00e7\u00f5es.\n<\/p>\n<p>\u201cSegue abaixo uma lista com o nome do ministro da Defesa e de outros dezesseis Generais 4 estrelas para que todos os brasileiros, cat\u00f3licos e evang\u00e9licos, os incluam em suas ora\u00e7\u00f5es, pedindo a Deus lhes d\u00ea a coragem de salvar o Brasil, lhes ajude a vencer a covardia e os estimule a agir com consci\u00eancia hist\u00f3rica e n\u00e3o apenas como funcion\u00e1rios p\u00fablico de farda\u201d, compartilha o padre na mensagem.\n<\/p>\n<p>Segundo a PF, \u201ca mensagem demonstra que Jose Eduardo, logo ap\u00f3s a derrota de Jair Bolsonaro nas elei\u00e7\u00f5es presidenciais, j\u00e1 disseminava a ideia de um golpe de Estado apoiado pelas For\u00e7as Armadas\u201d.\n<\/p>\n<p>Segundo a PF, a ora\u00e7\u00e3o foi enviada com o objetivo de \u201cmanter o ent\u00e3o presidente no poder e impedir a posse do governo eleito\u201d.\n<\/p>\n<p>\u201cFrei Gilson, passe apenas para pessoas de estrita confian\u00e7a!\u201d, escreveu o padre Jos\u00e9 Eduardo ap\u00f3s o envio da mensagem.\n<\/p>\n<p><strong>O que diz o padre<\/strong><br \/>A defesa do padre, por meio das redes sociais dele, disse que \u201co relat\u00f3rio n\u00e3o traz nenhuma prova s\u00e9ria, concreta, de participa\u00e7\u00e3o do padre em qualquer ato que visasse a quebra do Estado democr\u00e1tico\u201d.\n<\/p>\n<p>Quem \u00e9 Jos\u00e9 Eduardo de Oliveira<br \/>Com mais de 431 mil seguidores nas redes sociais, o padre cat\u00f3lico Jos\u00e9 Eduardo de Oliveira e Silva nasceu em Piracicaba (SP).\n<\/p>\n<p>Em 2006, foi ordenado sacerdote da Diocese de Osasco, localizada na regi\u00e3o metropolitana de S\u00e3o Paulo.\n<\/p>\n<p>O sacerdote tamb\u00e9m comp\u00f5e a lista dos 37 indiciados pela Pol\u00edcia Federal (PF) pelos crimes de aboli\u00e7\u00e3o violenta do Estado Democr\u00e1tico de Direito, organiza\u00e7\u00e3o criminosa e golpe de Estado.\n<\/p>\n<p>Como apurou a CNN no in\u00edcio do m\u00eas de novembro, o padre relatou \u00e0 PF que conversou com investigados pelos ataques de 8 de janeiro apenas para prestar \u201capoio espiritual\u201d e que n\u00e3o tem nenhuma liga\u00e7\u00e3o com a tentativa de golpe.\n<\/p>\n<p>Fonte: CNN Brasil\n<\/p>\n<\/div>\n<p><br \/>\n<br \/><a href=\"https:\/\/diariodobrasilnoticias.com.br\/noticia\/padre-e-indiciado-pela-pf-por-fazer-oracao-por-militares-e-ministro-da-defesa-6747499ea3b83\">Source link <\/a><\/p>","protected":false},"excerpt":{"rendered":"<p>O padre Jos\u00e9 Eduardo de Oliveira e Silva foi citado no relat\u00f3rio final da Pol\u00edcia Federal (PF) que investigou a tentativa de golpe de Estado envolvendo o ex-presidente Jair Bolsonaro&hellip;<\/p>","protected":false},"author":1,"featured_media":66955,"comment_status":"closed","ping_status":"open","sticky":false,"template":"","format":"standard","meta":{"content-type":"","footnotes":""},"categories":[16],"tags":[123,2448,5313,1267],"class_list":["post-66954","post","type-post","status-publish","format-standard","has-post-thumbnail","hentry","category-noticias","tag-brasil","tag-diario","tag-noticia","tag-noticias"],"_links":{"self":[{"href":"https:\/\/tvbrazilusa.com\/pt\/wp-json\/wp\/v2\/posts\/66954","targetHints":{"allow":["GET"]}}],"collection":[{"href":"https:\/\/tvbrazilusa.com\/pt\/wp-json\/wp\/v2\/posts"}],"about":[{"href":"https:\/\/tvbrazilusa.com\/pt\/wp-json\/wp\/v2\/types\/post"}],"author":[{"embeddable":true,"href":"https:\/\/tvbrazilusa.com\/pt\/wp-json\/wp\/v2\/users\/1"}],"replies":[{"embeddable":true,"href":"https:\/\/tvbrazilusa.com\/pt\/wp-json\/wp\/v2\/comments?post=66954"}],"version-history":[{"count":1,"href":"https:\/\/tvbrazilusa.com\/pt\/wp-json\/wp\/v2\/posts\/66954\/revisions"}],"predecessor-version":[{"id":66956,"href":"https:\/\/tvbrazilusa.com\/pt\/wp-json\/wp\/v2\/posts\/66954\/revisions\/66956"}],"wp:featuredmedia":[{"embeddable":true,"href":"https:\/\/tvbrazilusa.com\/pt\/wp-json\/wp\/v2\/media\/66955"}],"wp:attachment":[{"href":"https:\/\/tvbrazilusa.com\/pt\/wp-json\/wp\/v2\/media?parent=66954"}],"wp:term":[{"taxonomy":"category","embeddable":true,"href":"https:\/\/tvbrazilusa.com\/pt\/wp-json\/wp\/v2\/categories?post=66954"},{"taxonomy":"post_tag","embeddable":true,"href":"https:\/\/tvbrazilusa.com\/pt\/wp-json\/wp\/v2\/tags?post=66954"}],"curies":[{"name":"wp","href":"https:\/\/api.w.org\/{rel}","templated":true}]}}