{"id":66957,"date":"2024-11-27T18:44:59","date_gmt":"2024-11-27T18:44:59","guid":{"rendered":"https:\/\/tvbrazilusa.com\/2024\/11\/27\/a-medida-que-a-faculdade-gratuita-aumenta-as-matriculas-os-professores-das-faculdades-comunitarias-querem-aumentos\/"},"modified":"2024-11-27T18:54:21","modified_gmt":"2024-11-27T18:54:21","slug":"a-medida-que-a-faculdade-gratuita-aumenta-as-matriculas-os-professores-das-faculdades-comunitarias-querem-aumentos","status":"publish","type":"post","link":"https:\/\/tvbrazilusa.com\/pt\/2024\/11\/27\/a-medida-que-a-faculdade-gratuita-aumenta-as-matriculas-os-professores-das-faculdades-comunitarias-querem-aumentos\/","title":{"rendered":"\u00c0 medida que a faculdade gratuita aumenta as matr\u00edculas, os professores das faculdades comunit\u00e1rias querem aumentos"},"content":{"rendered":"<p> <script async src=\"https:\/\/pagead2.googlesyndication.com\/pagead\/js\/adsbygoogle.js?client=ca-pub-8864793242727901\"\r\n     crossorigin=\"anonymous\"><\/script><br \/>\n<\/p>\n<div id=\"\">\n<header class=\"m-article-header m-article-header--standard\">\n\t\t\t\t\t\t\t\t\t\t\t\t<span id=\"article-header-primary-term\"><br \/>\n\t\t\t\t\t\t\t\t<a class=\"a-term a-term--primary\" href=\"https:\/\/www.boston.com\/tag\/local-news\/\"><\/p>\n<p>\t\t\t\t\t\t\t\tNot\u00edcias locais\t\t\t\t\t\t\t\t<\/a><br \/>\n\t\t\t\t\t\t\t<\/span><\/p>\n<h2 class=\"m-article-header__sub-headline\">Os professores dizem que os sal\u00e1rios de Massachusetts est\u00e3o atr\u00e1s dos de seus pares e de outros estados pr\u00f3ximos.<\/h2>\n<figure class=\"a-photo m-article-header__photo\"><figcaption class=\"a-photo__caption\">\n<p>\tFaculdade Comunit\u00e1ria da Ba\u00eda de Massachusetts. \u00c0 medida que as universidades gratuitas aumentam as matr\u00edculas, os professores das faculdades comunit\u00e1rias exigem que os funcion\u00e1rios resolvam a escassez de pessoal e ofere\u00e7am sal\u00e1rios mais elevados.<br \/>\n<em> Suzanne Kreiter\/Equipe da Globo<\/em>\t<\/figcaption><\/figure>\n<\/header>\n<p>Laurie Ann Carlson trabalha no sistema de faculdades comunit\u00e1rias de Massachusetts h\u00e1 13 anos.<\/p>\n<p>Quando Carlson come\u00e7ou a lecionar, ela teve que pedir dinheiro emprestado para pagar o aluguel. <\/p>\n<p>\u201cAchei que as coisas acabariam melhorando quando eu me preparasse para me tornar professor titular, mas s\u00f3 piorou\u201d, disse Carlson em comunicado.<\/p>\n<p>Quando seus g\u00eameos nasceram, h\u00e1 cinco anos, o dinheiro ficou ainda mais escasso.<\/p>\n<p>Carlson disse que ministra pelo menos um curso extra por semestre no North Shore Community College, enquanto trabalha como adjunta em duas outras faculdades.<\/p>\n<p>Ela tamb\u00e9m trabalha durante o ver\u00e3o.<\/p>\n<p>\u201cPara poder sustentar meus filhos, trabalho tanto que muitas vezes n\u00e3o h\u00e1 tempo suficiente para aproveit\u00e1-los\u201d, disse Carlson. \u201cSe algo n\u00e3o mudar logo, precisarei deixar o sistema do Massachusetts Community College.\u201d<\/p>\n<p>Entretanto, o sistema regista grandes aumentos na popula\u00e7\u00e3o estudantil, atribu\u00eddos em parte ao MassEducate \u2014 o novo programa do estado<a href=\"https:\/\/www.mass.edu\/osfa\/programs\/masseducate.asp\"> programa de faculdade comunit\u00e1ria gratuito<\/a>. Ent\u00e3o, onde est\u00e1 a desconex\u00e3o?<\/p>\n<h2 class=\"wp-block-heading\" id=\"h-salaries-and-staffing-both-at-issue\"><strong>Sal\u00e1rios<\/strong> e pessoal ambos em quest\u00e3o<\/h2>\n<p>O sal\u00e1rio inicial atual para professores em tempo integral nas 15 faculdades comunit\u00e1rias de Massachusetts \u00e9 de US$ 61.696, de acordo com Joseph Nardoni, vice-presidente da<a href=\"https:\/\/mccc-union.org\/\"> Conselho da faculdade comunit\u00e1ria de Massachusetts<\/a>. Esse n\u00famero \u00e9 menor do que muitos estados pares e outros pr\u00f3ximos, disse Nardoni.<\/p>\n<p>\u201cNossas faculdades comunit\u00e1rias de Massachusetts merecem coisa melhor\u201d, disse Nardoni ao Boston.com. \u201cN\u00e3o podemos esperar atrair as melhores contrata\u00e7\u00f5es de todo o pa\u00eds quando os nossos sal\u00e1rios n\u00e3o s\u00e3o competitivos e exigem que os novos contratados trabalhem em mais de um emprego.\u201d<\/p>\n<figure class=\"wp-block-image size-full\"><img decoding=\"async\" src=\"https:\/\/bdc2020.o0bc.com\/wp-content\/uploads\/2024\/11\/Screenshot-2024-11-27-at-11.55.19%E2%80%AFAM-67474f0d74546.png\" alt=\"\" class=\"wp-image-32416026\"\/><figcaption class=\"wp-element-caption\"><em>Cortesia de Joseph Nardoni<\/em><\/figcaption><\/figure>\n<p>Enquanto isso, entre o outono de 2023 e 2024, as matr\u00edculas cresceram em quase 10.000 alunos nas 15 faculdades comunit\u00e1rias do estado, de acordo com o diretor executivo da Associa\u00e7\u00e3o de Faculdades Comunit\u00e1rias de Massachusetts (MACC), Nate Mackinnon.<\/p>\n<p>Desde a implementa\u00e7\u00e3o do programa MassEducate, o MassBay Community College relatou 2.672 alunos em tempo integral matriculados no semestre do outono de 2024 \u2013 um aumento de 36,6% em rela\u00e7\u00e3o \u00e0s matr\u00edculas no outono de 2022,<a href=\"https:\/\/www.mass.gov\/news\/healey-driscoll-administration-celebrates-one-of-the-most-comprehensive-free-community-college-programs-in-the-country\"> de acordo com o gabinete do governador<\/a>. O Holyoke Community College teve mais 650 alunos matriculados durante o mesmo per\u00edodo, de acordo com dados da faculdade obtidos pelo Boston.com.<\/p>\n<p>A plataforma de negocia\u00e7\u00e3o do conselho afirma que \u201cembora o lan\u00e7amento do MassEducate v\u00e1, sem d\u00favida, expandir o acesso e criar novas oportunidades para estudantes que de outra forma n\u00e3o poderiam pagar uma educa\u00e7\u00e3o universit\u00e1ria, temos s\u00e9rias preocupa\u00e7\u00f5es sobre a nossa capacidade de satisfazer as exig\u00eancias de uma crescente popula\u00e7\u00e3o estudantil\u201d.<\/p>\n<p>O conselho continuou, afirmando que a implementa\u00e7\u00e3o do MassEducate no estado foi \u201capressada e subfinanciada, for\u00e7ando os nossos membros a faz\u00ea-lo funcionar sob press\u00e3o significativa\u201d.<\/p>\n<p>N\u00fameros mais elevados de matr\u00edculas e sal\u00e1rios comparativamente baixos levaram a uma \u201cfalta cr\u00f3nica de pessoal\u201d, de acordo com Nardoni.<\/p>\n<p>No entanto, Mackinnon do MACC disse que n\u00e3o est\u00e1 ciente das preocupa\u00e7\u00f5es com a falta de pessoal.<\/p>\n<p>\u201cTodas as faculdades comunit\u00e1rias t\u00eam trabalhado para contratar mais professores e funcion\u00e1rios para apoiar o crescimento dos alunos\u201d, disse Mackinnon, que dirige as 15 faculdades comunit\u00e1rias do estado, ao Boston.com. \u201cTemos conseguido acompanhar a demanda at\u00e9 agora.\u201d<\/p>\n<h2 class=\"wp-block-heading\" id=\"h-union-demands\"><strong>Exig\u00eancias sindicais<\/strong><\/h2>\n<p>Para estar no mesmo n\u00edvel dos estados pares, Nardoni diz que o Massachusetts Community College Council est\u00e1 exigindo um aumento salarial de 70% para os professores \u2013 incluindo instrutores adjuntos de meio per\u00edodo e outros funcion\u00e1rios.<\/p>\n<p>\u201cVamos buscar o mesmo ajuste de equidade salarial para nossa equipe profissional, como consultores e conselheiros de ajuda financeira, e para nossa equipe profissional de meio per\u00edodo e nosso corpo docente de meio per\u00edodo\u201d, disse Nordoni.<\/p>\n<p>O conselho tamb\u00e9m deseja ver melhorias na carga de trabalho e aumento do pessoal em tempo integral para \u201cencorajar a reten\u00e7\u00e3o diante do aumento da demanda e das necessidades n\u00e3o atendidas dos alunos\u201d.<\/p>\n<p>\u201cNossos sal\u00e1rios est\u00e3o seriamente desequilibrados\u201d, disse Nardoni. \u201c\u00c9 realmente uma crise salarial, que passou despercebida pelo radar e n\u00e3o queremos mais que passe despercebida.\u201d<\/p>\n<p>Enquanto isso, Mackinnon disse que os presidentes das faculdades comunit\u00e1rias de Massachusetts \u201ccompartilham a preocupa\u00e7\u00e3o de que o n\u00edvel geral de remunera\u00e7\u00e3o \u00e9 um desafio quando se trata de atrair e reter professores de alta qualidade para atender \u00e0s necessidades de nossos alunos\u201d.<\/p>\n<p>Os regulamentos de negocia\u00e7\u00e3o coletiva do estado estabelecem os par\u00e2metros de como os sal\u00e1rios s\u00e3o pagos aos membros dos sindicatos de funcion\u00e1rios p\u00fablicos do estado, impactando diretamente os sal\u00e1rios que as faculdades podem oferecer aos seus funcion\u00e1rios. <\/p>\n<p>Nardoni disse que seu sindicato, juntamente com v\u00e1rios outros, pedem ajustes nos par\u00e2metros.<\/p>\n<p>\u201cN\u00f3s nos comprometemos a trabalhar com a lideran\u00e7a sindical do corpo docente para resolver isso, e trabalhar com os l\u00edderes estaduais para descobrir se h\u00e1 alguma maneira de resolver o problema em quest\u00e3o\u201d, disse Mackinnon.<\/p>\n<div class=\"o-author-single has-avatar\">\n<header class=\"m-author-card\">\n<div class=\"a-image a-image--square m-author-card__image\">\n\t\t<img decoding=\"async\" class=\"\" src=\"https:\/\/www.boston.com\/wp-content\/uploads\/2024\/09\/cropped-1708366528224-66f6a3bb1db19-66f6a3c33f251.jpg\" alt=\"Imagem do perfil de Lindsay Shachnow\"\/>\t<\/div>\n<\/header>\n<section class=\"author-info\">\n<hr class=\"m-author__section--hr\"\/>\n<div class=\"m-author__section\">\n<p>Lindsay Shachnow cobre not\u00edcias de atribui\u00e7\u00f5es gerais para <a href=\"http:\/\/boston.com\/\">Boston.com<\/a>reportando as \u00faltimas not\u00edcias, crimes e pol\u00edtica em toda a Nova Inglaterra.<\/p>\n<\/div>\n<hr class=\"m-author__section--hr\"\/>\t<\/section>\n<\/div>\n<div class=\"m-block m-generic-cta\t m-generic-cta--post-content\t m-generic-cta--dark\t m-generic-cta--homepage\t m-generic-cta--email-signup\t\t m-generic-cta-block-style--default \tt-amp__generic-cta\"><\/p>\n<div class=\"m-generic-cta__wrap\">\n<div class=\"m-generic-cta__content\">\n<h3 class=\"m-generic-cta__title\">Boston.com hoje<\/h3>\n<p class=\"m-generic-cta__subtitle\">Inscreva-se para receber as \u00faltimas manchetes em sua caixa de entrada todas as manh\u00e3s.<\/p>\n<\/p><\/div>\n<\/p><\/div>\n<\/div><\/div>\n<p><script>\n\t\tvar consent=\"grant\";\n\t\t\/* The above code is parsing the JSON data from the local storage and storing it in a variable. *\/\n\t\t\t\t\tconst onetrustStorageConsent = JSON.parse(localStorage.getItem( 'consent_one_trust_bdc' ) );\n\t\t\tif ( ( onetrustStorageConsent !== null ) ) {\n\t\t\t\t\/* Checking to see if the user has consented to the use of cookies.\n\t\t\t\t* If they have not, it is deleting the cookie.\n\t\t\t\t* This will comment for now, until further notice.\n\t\t\t\t*\/\n\t\t\t\t\/\/if ( onetrustStorageConsent.C0002 === false ) {\n\t\t\t\t\/\/\tdocument.cookie=\"_fbp=;expires=Thu, 01 Jan 2010 00:00:00 UTC; path=\/; domain=.boston.com\";\n\t\t\t\t\/\/}\n\t\t\t\t\/* Checking if the user has given consent for the cookie C0002.\n\t\t\t\t* If the user has given consent, the variable consent will be set to 'grant'.\n\t\t\t\t* If the user has not given consent,the variable consent will be set to 'revoke'.\n\t\t\t\t* Documentation https:\/\/developers.facebook.com\/docs\/meta-pixel\/implementation\/gdpr\n\t\t\t\t*\/\n\t\t\t\tif ( onetrustStorageConsent.C0002 !== true ) {\n\t\t\t\t\tconsent=\"revoke\";\n\t\t\t\t}\n\t\t\t}\n\t\t\t\t!function(f,b,e,v,n,t,s)\n\t\t{if(f.fbq)return;n=f.fbq=function(){n.callMethod?\n\t\tn.callMethod.apply(n,arguments):n.queue.push(arguments)};\n\t\tif(!f._fbq)f._fbq=n;n.push=n;n.loaded=!0;n.version='2.0';\n\t\tn.queue=[];t=b.createElement(e);t.async=!0;\n\t\tt.src=v;s=b.getElementsByTagName(e)[0];\n\t\ts.parentNode.insertBefore(t,s)}(window, document,'script',\n\t\t'https:\/\/connect.facebook.net\/en_US\/fbevents.js');\n\t\tfbq('consent', consent);\n\t\tfbq('init', '989222871864976');\n\t\tfbq('track', 'PageView');\n\t<\/script><script type=\"module\">\n\t\tvar consent=\"grant\";\n\t\t\/* The above code is parsing the JSON data from the local storage and storing it in a variable. *\/\n\t\t\tconst onetrustStorageConsent = JSON.parse(localStorage.getItem( 'consent_one_trust_bdc' ) );\n\t\t\t\/* Checking to see if the user has consented to the use of cookies.\n\t\t\t* If they have not, it is deleting the cookie.\n\t\t\t* This will comment for now, until further notice.\n\t\t\t*\/\n\t\t\t\/\/if ( onetrustStorageConsent.C0002 === false ) {\n\t\t\t\/\/\tdocument.cookie=\"_fbp=;expires=Thu, 01 Jan 2010 00:00:00 UTC; path=\/; domain=.boston.com\";\n\t\t\t\/\/}\n\t\t\t\/* Checking if the user has given consent for the cookie C0002.\n\t\t\t* If the user has given consent, the variable consent will be set to 'grant'.\n\t\t\t* If the user has not given consent,the variable consent will be set to 'revoke'.\n\t\t\t* Documentation https:\/\/developers.facebook.com\/docs\/meta-pixel\/implementation\/gdpr\n\t\t\t*\/\n\t\t\tif ( ( onetrustStorageConsent !== null ) && (onetrustStorageConsent.C0002 !== true ) ) {\n\t\t\t\tconsent=\"revoke\";\n\t\t\t}\n\t\t\t\t!function(f,b,e,v,n,t,s){if(f.fbq)return;n=f.fbq=function()\n\t\t{n.callMethod? n.callMethod.apply(n,arguments):n.queue.push(arguments)}\n\t\t;if(!f._fbq)f._fbq=n;\n\t\tn.push=n;n.loaded=!0;n.version='2.0';n.queue=[];t=b.createElement(e);t.async=!0;\n\t\tt.src=v;s=b.getElementsByTagName(e)[0];s.parentNode.insertBefore(t,s)}(window,\n\t\tdocument,'script','https:\/\/connect.facebook.net\/en_US\/fbevents.js');\n\t\tfbq('consent', consent);\n\t\tfbq('init', '813236348753005');\n\t\tfbq('track', \"PageView\");\n\t<\/script><br \/>\n<br \/><br \/>\n<br \/><a href=\"https:\/\/www.boston.com\/news\/local-news\/2024\/11\/27\/as-free-college-drives-up-enrollment-community-college-professors-want-raises\/\">Source link <\/a><\/p>","protected":false},"excerpt":{"rendered":"<p>Not\u00edcias locais Os professores dizem que os sal\u00e1rios de Massachusetts est\u00e3o atr\u00e1s dos de seus pares e de outros estados pr\u00f3ximos. Faculdade Comunit\u00e1ria da Ba\u00eda de Massachusetts. \u00c0 medida que&hellip;<\/p>","protected":false},"author":1,"featured_media":66958,"comment_status":"closed","ping_status":"open","sticky":false,"template":"","format":"standard","meta":{"content-type":"","footnotes":""},"categories":[1],"tags":[],"class_list":["post-66957","post","type-post","status-publish","format-standard","has-post-thumbnail","hentry","category-uncategorized"],"_links":{"self":[{"href":"https:\/\/tvbrazilusa.com\/pt\/wp-json\/wp\/v2\/posts\/66957","targetHints":{"allow":["GET"]}}],"collection":[{"href":"https:\/\/tvbrazilusa.com\/pt\/wp-json\/wp\/v2\/posts"}],"about":[{"href":"https:\/\/tvbrazilusa.com\/pt\/wp-json\/wp\/v2\/types\/post"}],"author":[{"embeddable":true,"href":"https:\/\/tvbrazilusa.com\/pt\/wp-json\/wp\/v2\/users\/1"}],"replies":[{"embeddable":true,"href":"https:\/\/tvbrazilusa.com\/pt\/wp-json\/wp\/v2\/comments?post=66957"}],"version-history":[{"count":1,"href":"https:\/\/tvbrazilusa.com\/pt\/wp-json\/wp\/v2\/posts\/66957\/revisions"}],"predecessor-version":[{"id":66959,"href":"https:\/\/tvbrazilusa.com\/pt\/wp-json\/wp\/v2\/posts\/66957\/revisions\/66959"}],"wp:featuredmedia":[{"embeddable":true,"href":"https:\/\/tvbrazilusa.com\/pt\/wp-json\/wp\/v2\/media\/66958"}],"wp:attachment":[{"href":"https:\/\/tvbrazilusa.com\/pt\/wp-json\/wp\/v2\/media?parent=66957"}],"wp:term":[{"taxonomy":"category","embeddable":true,"href":"https:\/\/tvbrazilusa.com\/pt\/wp-json\/wp\/v2\/categories?post=66957"},{"taxonomy":"post_tag","embeddable":true,"href":"https:\/\/tvbrazilusa.com\/pt\/wp-json\/wp\/v2\/tags?post=66957"}],"curies":[{"name":"wp","href":"https:\/\/api.w.org\/{rel}","templated":true}]}}