{"id":66960,"date":"2024-11-27T18:59:46","date_gmt":"2024-11-27T18:59:46","guid":{"rendered":"https:\/\/tvbrazilusa.com\/2024\/11\/27\/novos-exames-mostrarao-se-homem-dos-fogos-de-artificio-estava-sob-efeito-de-drogas\/"},"modified":"2024-11-27T18:59:47","modified_gmt":"2024-11-27T18:59:47","slug":"novos-exames-mostrarao-se-homem-dos-fogos-de-artificio-estava-sob-efeito-de-drogas","status":"publish","type":"post","link":"https:\/\/tvbrazilusa.com\/pt\/2024\/11\/27\/novos-exames-mostrarao-se-homem-dos-fogos-de-artificio-estava-sob-efeito-de-drogas\/","title":{"rendered":"Novos exames mostrar\u00e3o se homem dos fogos de artif\u00edcio estava sob efeito de drogas"},"content":{"rendered":"<p> <script async src=\"https:\/\/pagead2.googlesyndication.com\/pagead\/js\/adsbygoogle.js?client=ca-pub-8864793242727901\"\r\n     crossorigin=\"anonymous\"><\/script><br \/>\n<\/p>\n<div>\n<p>A tomografia mostra uma les\u00e3o severa no polo encef\u00e1lico de Francisco, o que confirmou os danos causados pela explos\u00e3o. Al\u00e9m disso, ele sofreu queimadura na face.\n<\/p>\n<p><strong>Confira:<\/strong>\n<\/p>\n<p>O laudo exclui que ele tenha sido atingido por qualquer proj\u00e9til de arma de fogo. \u201cDurante o exame, n\u00e3o se constatou nenhum estojo de muni\u00e7\u00e3o que sugerisse ter havido disparo nem qualquer proj\u00e9til alojado nas circunjac\u00eancias da Pra\u00e7a dos Tr\u00eas Poderes\u201d, afirma o documento.\n<\/p>\n<p>Efeito domin\u00f3<br \/>Francisco Wanderley, conhecido como Ti\u00fc Fran\u00e7a, teria a inten\u00e7\u00e3o de provocar \u201cefeito domin\u00f3\u201d. De acordo com o laudo pericial, Francisco utilizava uma blusa com estampa de domin\u00f3s no dia do atentado, al\u00e9m do palet\u00f3 com estampa de naipes de cartas de baralho.\n<\/p>\n<p>Para os legistas, o homem \u201cn\u00e3o considerava a pr\u00f3pria morte como um ato isolado, mas sim dentro de um contexto e conectada a uma s\u00e9rie de eventos futuros\u201d.\n<\/p>\n<p>Os legistas conclu\u00edram que o homem queria que os atos dele em 13 de novembro fossem \u201cdesencadeando uma s\u00e9rie de eventos\u201d.\n<\/p>\n<p>\u201cOu seja, provavelmente, a v\u00edtima se enxergava como o pequeno homem na ilustra\u00e7\u00e3o, cujo papel seria servir como gatilho e, atrav\u00e9s da pr\u00f3pria morte, deflagrar uma rea\u00e7\u00e3o em cadeia que levaria a um todo maior\u201d, diz o documento ao qual a reportagem teve acesso.\n<\/p>\n<p>O laudo destaca que o palet\u00f3 de Francisco aponta para uma identifica\u00e7\u00e3o com o personagem Coringa, arqui-inimigo do Batman. \u201c\u00c9 ineg\u00e1vel que remete, num primeiro momento, ao personagem fict\u00edcio do Coringa, indicando provavelmente que, de alguma forma, a v\u00edtima se identificava com essa figura, seja por quais motivos for.\u201d\n<\/p>\n<p><strong>Atentado ao STF<\/strong><br \/>Segundo o apurado, Francisco usou bombas improvisadas, fabricadas com materiais semelhantes aos usados em fogos de artif\u00edcio, para o ataque \u00e0 Pra\u00e7a dos Tr\u00eas Poderes.\n<\/p>\n<p>O objetivo dele, segundo informa\u00e7\u00f5es preliminares das investiga\u00e7\u00f5es, era destruir a est\u00e1tua da Justi\u00e7a em frente ao STF, invadir o plen\u00e1rio da Corte e assassinar ministros. O alvo principal era Alexandre de Moraes.<\/p>\n<p>Fonte: Metr\u00f3poles\n<\/p>\n<\/div>\n<p><br \/>\n<br \/><a href=\"https:\/\/diariodobrasilnoticias.com.br\/noticia\/novos-exames-mostrarao-se-homem-dos-fogos-de-artificio-estava-sob-efeito-de-drogas-67474aef1802f\">Source link <\/a><\/p>","protected":false},"excerpt":{"rendered":"<p>A tomografia mostra uma les\u00e3o severa no polo encef\u00e1lico de Francisco, o que confirmou os danos causados pela explos\u00e3o. Al\u00e9m disso, ele sofreu queimadura na face. Confira: O laudo exclui&hellip;<\/p>","protected":false},"author":1,"featured_media":66961,"comment_status":"closed","ping_status":"open","sticky":false,"template":"","format":"standard","meta":{"content-type":"","footnotes":""},"categories":[16],"tags":[123,2448,5313,1267],"class_list":["post-66960","post","type-post","status-publish","format-standard","has-post-thumbnail","hentry","category-noticias","tag-brasil","tag-diario","tag-noticia","tag-noticias"],"_links":{"self":[{"href":"https:\/\/tvbrazilusa.com\/pt\/wp-json\/wp\/v2\/posts\/66960","targetHints":{"allow":["GET"]}}],"collection":[{"href":"https:\/\/tvbrazilusa.com\/pt\/wp-json\/wp\/v2\/posts"}],"about":[{"href":"https:\/\/tvbrazilusa.com\/pt\/wp-json\/wp\/v2\/types\/post"}],"author":[{"embeddable":true,"href":"https:\/\/tvbrazilusa.com\/pt\/wp-json\/wp\/v2\/users\/1"}],"replies":[{"embeddable":true,"href":"https:\/\/tvbrazilusa.com\/pt\/wp-json\/wp\/v2\/comments?post=66960"}],"version-history":[{"count":1,"href":"https:\/\/tvbrazilusa.com\/pt\/wp-json\/wp\/v2\/posts\/66960\/revisions"}],"predecessor-version":[{"id":66962,"href":"https:\/\/tvbrazilusa.com\/pt\/wp-json\/wp\/v2\/posts\/66960\/revisions\/66962"}],"wp:featuredmedia":[{"embeddable":true,"href":"https:\/\/tvbrazilusa.com\/pt\/wp-json\/wp\/v2\/media\/66961"}],"wp:attachment":[{"href":"https:\/\/tvbrazilusa.com\/pt\/wp-json\/wp\/v2\/media?parent=66960"}],"wp:term":[{"taxonomy":"category","embeddable":true,"href":"https:\/\/tvbrazilusa.com\/pt\/wp-json\/wp\/v2\/categories?post=66960"},{"taxonomy":"post_tag","embeddable":true,"href":"https:\/\/tvbrazilusa.com\/pt\/wp-json\/wp\/v2\/tags?post=66960"}],"curies":[{"name":"wp","href":"https:\/\/api.w.org\/{rel}","templated":true}]}}