{"id":66963,"date":"2024-11-27T19:00:29","date_gmt":"2024-11-27T19:00:29","guid":{"rendered":"https:\/\/tvbrazilusa.com\/2024\/11\/27\/somerville-mantem-o-status-de-cidade-santuario-reafirma-se-como-uma-comunidade-acolhedora\/"},"modified":"2024-11-27T19:05:23","modified_gmt":"2024-11-27T19:05:23","slug":"somerville-mantem-o-status-de-cidade-santuario-reafirma-se-como-uma-comunidade-acolhedora","status":"publish","type":"post","link":"https:\/\/tvbrazilusa.com\/pt\/2024\/11\/27\/somerville-mantem-o-status-de-cidade-santuario-reafirma-se-como-uma-comunidade-acolhedora\/","title":{"rendered":"Somerville mant\u00e9m o status de cidade santu\u00e1rio, reafirma-se como uma &#8216;comunidade acolhedora&#8217;"},"content":{"rendered":"<p> <script async src=\"https:\/\/pagead2.googlesyndication.com\/pagead\/js\/adsbygoogle.js?client=ca-pub-8864793242727901\"\r\n     crossorigin=\"anonymous\"><\/script><br \/>\n<\/p>\n<div id=\"\">\n<header class=\"m-article-header m-article-header--standard\">\n\t\t\t\t\t\t\t\t\t\t\t\t<span id=\"article-header-primary-term\"><br \/>\n\t\t\t\t\t\t\t\t<a class=\"a-term a-term--primary\" href=\"https:\/\/www.boston.com\/tag\/local-news\/\"><\/p>\n<p>\t\t\t\t\t\t\t\tNot\u00edcias locais\t\t\t\t\t\t\t\t<\/a><br \/>\n\t\t\t\t\t\t\t<\/span><\/p>\n<h2 class=\"m-article-header__sub-headline\">A resolu\u00e7\u00e3o promete \u201cproteger a seguran\u00e7a, a dignidade e os direitos dos imigrantes, migrantes, requerentes de asilo, asilados e refugiados residentes em Somerville\u201d.<\/h2>\n<figure class=\"a-photo m-article-header__photo\"><figcaption class=\"a-photo__caption\">\n<p>\tAs pessoas se reuniram em Somerville para mostrar apoio \u00e0 designa\u00e7\u00e3o de &#8220;cidade santu\u00e1rio&#8221; em 2017.<em> Craig F. Walker\/Equipe do Boston Globe<\/em>\t<\/figcaption><\/figure>\n<\/header>\n<p>\u00c0 medida que o segundo mandato do presidente eleito Donald Trump se aproxima \u2013 juntamente com as suas promessas de <a href=\"https:\/\/www.boston.com\/news\/local-news\/2024\/11\/22\/this-is-how-local-immigrant-advocates-and-lawyers-are-preparing-for-trumps-mass-deportation-plans\/\" target=\"_blank\" rel=\"noreferrer noopener\">deporta\u00e7\u00e3o em massa<\/a> \u2014 A C\u00e2mara Municipal de Somerville est\u00e1 reafirmando o status da cidade como <a href=\"https:\/\/mcclibraryfunctions.azurewebsites.us\/api\/ordinanceDownload\/11580\/966221\/pdf\" target=\"_blank\" rel=\"noreferrer noopener\">\u201ccomunidade acolhedora\u201d<\/a> para os imigrantes. <\/p>\n<p>\u201cO clima pol\u00edtico nacional continua cada vez mais hostil em rela\u00e7\u00e3o aos imigrantes e refugiados\u201d, disse um <a href=\"https:\/\/somervillema.legistar.com\/LegislationDetail.aspx?ID=7033336&#038;GUID=5C0013B5-E3D6-46B8-8752-5FF11D269B18\" target=\"_blank\" rel=\"noreferrer noopener\">resolu\u00e7\u00e3o<\/a> notas aprovadas de ter\u00e7a-feira. O regresso de Trump \u00e0 Casa Branca tamb\u00e9m \u201ctraz riscos acrescidos para as comunidades imigrantes em todo o pa\u00eds, incluindo em Somerville\u201d, afirma o documento.<\/p>\n<p>A resolu\u00e7\u00e3o de ter\u00e7a-feira apresentou algumas pequenas altera\u00e7\u00f5es em rela\u00e7\u00e3o a uma vers\u00e3o discutida em uma reuni\u00e3o da C\u00e2mara Municipal <a href=\"https:\/\/www.boston.com\/news\/local-news\/2024\/11\/15\/somerville-works-to-reaffirm-its-sanctuary-city-status\/\" target=\"_blank\" rel=\"noreferrer noopener\">no in\u00edcio deste m\u00eas<\/a>que apelou aos l\u00edderes da cidade para reafirmarem o status de d\u00e9cadas de Somerville como um <a href=\"https:\/\/www.somervillema.gov\/sanctuary\" target=\"_blank\" rel=\"noreferrer noopener\">\u201ccidade santu\u00e1rio\u201d.<\/a> Somerville j\u00e1 se reafirmou como uma cidade santu\u00e1rio ap\u00f3s a elei\u00e7\u00e3o de Trump em 2016. <\/p>\n<p>A nova resolu\u00e7\u00e3o promete \u201cproteger a seguran\u00e7a, a dignidade e os direitos dos imigrantes, migrantes, requerentes de asilo, asilados e refugiados residentes em Somerville\u201d. Enfatiza tamb\u00e9m o compromisso de apoiar e financiar recursos para imigrantes, incluindo assist\u00eancia jur\u00eddica para residentes que enfrentam deporta\u00e7\u00e3o ou remo\u00e7\u00e3o. <\/p>\n<p>A C\u00e2mara Municipal apelou ainda ao Departamento de Pol\u00edcia de Somerville para manter o compromisso de evitar a coopera\u00e7\u00e3o com ag\u00eancias externas de aplica\u00e7\u00e3o da lei em quest\u00f5es relacionadas com a deten\u00e7\u00e3o de imigrantes.<\/p>\n<p>\u201cIndependentemente das press\u00f5es externas ou dos desafios enfrentados pelas cidades-santu\u00e1rio, a C\u00e2mara Municipal de Somerville continua comprometida com os seus valores de inclus\u00e3o, equidade e justi\u00e7a, e n\u00e3o hesitar\u00e1 em apoiar os nossos vizinhos imigrantes, que s\u00e3o essenciais para a for\u00e7a e diversidade da nossa comunidade. \u201d, afirma a resolu\u00e7\u00e3o. <\/p>\n<p>O conselho aprovou a resolu\u00e7\u00e3o revisada ap\u00f3s uma breve discuss\u00e3o, com c\u00f3pia enviada \u00e0 Comiss\u00e3o de Assuntos Legislativos para acompanhamento.<\/p>\n<div class=\"o-author-single has-avatar\">\n<header class=\"m-author-card\">\n<div class=\"a-image a-image--square m-author-card__image\">\n\t\t<img decoding=\"async\" class=\"\" src=\"https:\/\/www.boston.com\/wp-content\/uploads\/2024\/10\/cropped-Patkin-Headshot-66fea67b66dd2-scaled-1-66fea6a1c6f25.jpg\" alt=\"Imagem do perfil de Abby Patkin\"\/>\t<\/div>\n<\/header>\n<section class=\"author-info\">\n<hr class=\"m-author__section--hr\"\/>\n<div class=\"m-author__section\">\n<p>Abby Patkin \u00e9 uma rep\u00f3rter de not\u00edcias gerais cujo trabalho aborda transporte p\u00fablico, crime, sa\u00fade e tudo mais.<\/p>\n<\/div>\n<hr class=\"m-author__section--hr\"\/>\t<\/section>\n<\/div>\n<div class=\"m-block m-generic-cta\t m-generic-cta--post-content\t m-generic-cta--dark\t m-generic-cta--homepage\t m-generic-cta--email-signup\t\t m-generic-cta-block-style--default \tt-amp__generic-cta\"><\/p>\n<div class=\"m-generic-cta__wrap\">\n<div class=\"m-generic-cta__content\">\n<h3 class=\"m-generic-cta__title\">Boston.com hoje<\/h3>\n<p class=\"m-generic-cta__subtitle\">Inscreva-se para receber as \u00faltimas manchetes em sua caixa de entrada todas as manh\u00e3s.<\/p>\n<\/p><\/div>\n<\/p><\/div>\n<\/div><\/div>\n<p><script>\n\t\tvar consent=\"grant\";\n\t\t\/* The above code is parsing the JSON data from the local storage and storing it in a variable. *\/\n\t\t\t\t\tconst onetrustStorageConsent = JSON.parse(localStorage.getItem( 'consent_one_trust_bdc' ) );\n\t\t\tif ( ( onetrustStorageConsent !== null ) ) {\n\t\t\t\t\/* Checking to see if the user has consented to the use of cookies.\n\t\t\t\t* If they have not, it is deleting the cookie.\n\t\t\t\t* This will comment for now, until further notice.\n\t\t\t\t*\/\n\t\t\t\t\/\/if ( onetrustStorageConsent.C0002 === false ) {\n\t\t\t\t\/\/\tdocument.cookie=\"_fbp=;expires=Thu, 01 Jan 2010 00:00:00 UTC; path=\/; domain=.boston.com\";\n\t\t\t\t\/\/}\n\t\t\t\t\/* Checking if the user has given consent for the cookie C0002.\n\t\t\t\t* If the user has given consent, the variable consent will be set to 'grant'.\n\t\t\t\t* If the user has not given consent,the variable consent will be set to 'revoke'.\n\t\t\t\t* Documentation https:\/\/developers.facebook.com\/docs\/meta-pixel\/implementation\/gdpr\n\t\t\t\t*\/\n\t\t\t\tif ( onetrustStorageConsent.C0002 !== true ) {\n\t\t\t\t\tconsent=\"revoke\";\n\t\t\t\t}\n\t\t\t}\n\t\t\t\t!function(f,b,e,v,n,t,s)\n\t\t{if(f.fbq)return;n=f.fbq=function(){n.callMethod?\n\t\tn.callMethod.apply(n,arguments):n.queue.push(arguments)};\n\t\tif(!f._fbq)f._fbq=n;n.push=n;n.loaded=!0;n.version='2.0';\n\t\tn.queue=[];t=b.createElement(e);t.async=!0;\n\t\tt.src=v;s=b.getElementsByTagName(e)[0];\n\t\ts.parentNode.insertBefore(t,s)}(window, document,'script',\n\t\t'https:\/\/connect.facebook.net\/en_US\/fbevents.js');\n\t\tfbq('consent', consent);\n\t\tfbq('init', '989222871864976');\n\t\tfbq('track', 'PageView');\n\t<\/script><script type=\"module\">\n\t\tvar consent=\"grant\";\n\t\t\/* The above code is parsing the JSON data from the local storage and storing it in a variable. *\/\n\t\t\tconst onetrustStorageConsent = JSON.parse(localStorage.getItem( 'consent_one_trust_bdc' ) );\n\t\t\t\/* Checking to see if the user has consented to the use of cookies.\n\t\t\t* If they have not, it is deleting the cookie.\n\t\t\t* This will comment for now, until further notice.\n\t\t\t*\/\n\t\t\t\/\/if ( onetrustStorageConsent.C0002 === false ) {\n\t\t\t\/\/\tdocument.cookie=\"_fbp=;expires=Thu, 01 Jan 2010 00:00:00 UTC; path=\/; domain=.boston.com\";\n\t\t\t\/\/}\n\t\t\t\/* Checking if the user has given consent for the cookie C0002.\n\t\t\t* If the user has given consent, the variable consent will be set to 'grant'.\n\t\t\t* If the user has not given consent,the variable consent will be set to 'revoke'.\n\t\t\t* Documentation https:\/\/developers.facebook.com\/docs\/meta-pixel\/implementation\/gdpr\n\t\t\t*\/\n\t\t\tif ( ( onetrustStorageConsent !== null ) && (onetrustStorageConsent.C0002 !== true ) ) {\n\t\t\t\tconsent=\"revoke\";\n\t\t\t}\n\t\t\t\t!function(f,b,e,v,n,t,s){if(f.fbq)return;n=f.fbq=function()\n\t\t{n.callMethod? n.callMethod.apply(n,arguments):n.queue.push(arguments)}\n\t\t;if(!f._fbq)f._fbq=n;\n\t\tn.push=n;n.loaded=!0;n.version='2.0';n.queue=[];t=b.createElement(e);t.async=!0;\n\t\tt.src=v;s=b.getElementsByTagName(e)[0];s.parentNode.insertBefore(t,s)}(window,\n\t\tdocument,'script','https:\/\/connect.facebook.net\/en_US\/fbevents.js');\n\t\tfbq('consent', consent);\n\t\tfbq('init', '813236348753005');\n\t\tfbq('track', \"PageView\");\n\t<\/script><br \/>\n<br \/><br \/>\n<br \/><a href=\"https:\/\/www.boston.com\/news\/local-news\/2024\/11\/27\/somerville-upholds-sanctuary-city-status-reaffirms-welcoming-community\/\">Source link <\/a><\/p>","protected":false},"excerpt":{"rendered":"<p>Not\u00edcias locais A resolu\u00e7\u00e3o promete \u201cproteger a seguran\u00e7a, a dignidade e os direitos dos imigrantes, migrantes, requerentes de asilo, asilados e refugiados residentes em Somerville\u201d. As pessoas se reuniram em&hellip;<\/p>","protected":false},"author":1,"featured_media":66964,"comment_status":"closed","ping_status":"open","sticky":false,"template":"","format":"standard","meta":{"content-type":"","footnotes":""},"categories":[1],"tags":[],"class_list":["post-66963","post","type-post","status-publish","format-standard","has-post-thumbnail","hentry","category-uncategorized"],"_links":{"self":[{"href":"https:\/\/tvbrazilusa.com\/pt\/wp-json\/wp\/v2\/posts\/66963","targetHints":{"allow":["GET"]}}],"collection":[{"href":"https:\/\/tvbrazilusa.com\/pt\/wp-json\/wp\/v2\/posts"}],"about":[{"href":"https:\/\/tvbrazilusa.com\/pt\/wp-json\/wp\/v2\/types\/post"}],"author":[{"embeddable":true,"href":"https:\/\/tvbrazilusa.com\/pt\/wp-json\/wp\/v2\/users\/1"}],"replies":[{"embeddable":true,"href":"https:\/\/tvbrazilusa.com\/pt\/wp-json\/wp\/v2\/comments?post=66963"}],"version-history":[{"count":1,"href":"https:\/\/tvbrazilusa.com\/pt\/wp-json\/wp\/v2\/posts\/66963\/revisions"}],"predecessor-version":[{"id":66965,"href":"https:\/\/tvbrazilusa.com\/pt\/wp-json\/wp\/v2\/posts\/66963\/revisions\/66965"}],"wp:featuredmedia":[{"embeddable":true,"href":"https:\/\/tvbrazilusa.com\/pt\/wp-json\/wp\/v2\/media\/66964"}],"wp:attachment":[{"href":"https:\/\/tvbrazilusa.com\/pt\/wp-json\/wp\/v2\/media?parent=66963"}],"wp:term":[{"taxonomy":"category","embeddable":true,"href":"https:\/\/tvbrazilusa.com\/pt\/wp-json\/wp\/v2\/categories?post=66963"},{"taxonomy":"post_tag","embeddable":true,"href":"https:\/\/tvbrazilusa.com\/pt\/wp-json\/wp\/v2\/tags?post=66963"}],"curies":[{"name":"wp","href":"https:\/\/api.w.org\/{rel}","templated":true}]}}