{"id":66969,"date":"2024-11-27T19:13:51","date_gmt":"2024-11-27T19:13:51","guid":{"rendered":"https:\/\/tvbrazilusa.com\/2024\/11\/27\/olive-garden-em-dorchester-recebe-visita-surpresa-de-guaxinim-em-video-viral\/"},"modified":"2024-11-27T19:18:12","modified_gmt":"2024-11-27T19:18:12","slug":"olive-garden-em-dorchester-recebe-visita-surpresa-de-guaxinim-em-video-viral","status":"publish","type":"post","link":"https:\/\/tvbrazilusa.com\/pt\/2024\/11\/27\/olive-garden-em-dorchester-recebe-visita-surpresa-de-guaxinim-em-video-viral\/","title":{"rendered":"Olive Garden em Dorchester recebe visita surpresa de guaxinim em v\u00eddeo viral"},"content":{"rendered":"<p> <script async src=\"https:\/\/pagead2.googlesyndication.com\/pagead\/js\/adsbygoogle.js?client=ca-pub-8864793242727901\"\r\n     crossorigin=\"anonymous\"><\/script><br \/>\n<\/p>\n<div id=\"\">\n<header class=\"m-article-header m-article-header--standard\">\n\t\t\t\t\t\t\t\t\t\t\t\t<span id=\"article-header-primary-term\"><br \/>\n\t\t\t\t\t\t\t\t<a class=\"a-term a-term--primary\" href=\"https:\/\/www.boston.com\/tag\/restaurants\/\"><\/p>\n<p>\t\t\t\t\t\t\t\tRestaurantes\t\t\t\t\t\t\t\t<\/a><br \/>\n\t\t\t\t\t\t\t<\/span><\/p>\n<h2 class=\"m-article-header__sub-headline\">O v\u00eddeo compartilhado online mostrava um guaxinim saindo de uma parte do teto que estava quebrada dentro do restaurante.<\/h2>\n<figure class=\"a-photo m-article-header__photo\"><figcaption class=\"a-photo__caption\">\n<p>\tUm guaxinim foi capturado em v\u00eddeo saindo de uma parte do teto quebrado dentro do Olive Garden em Dorchester, n\u00e3o retratado aqui. <em> AP Foto\/Steven Senne<\/em>\t<\/figcaption><\/figure>\n<\/header>\n<p>Aparentemente, a not\u00edcia dos baguetes ilimitados e gratuitos do Olive Garden e das entradas para levar para casa por US$ 6 chegou \u00e0 comunidade de guaxinins de Boston, com um guaxinim parando no <a href=\"https:\/\/www.olivegarden.com\/locations\/ma\/dorchester\/dorchester-south-bay-plaza\/1674\">Localiza\u00e7\u00e3o de Dorchester<\/a> da rede de restaurantes italiana. <\/p>\n<p>UM <a href=\"https:\/\/x.com\/OnlyInBOS\/status\/1861198180521533734\">o v\u00eddeo se tornou viral<\/a> de um <a href=\"https:\/\/www.boston.com\/news\/wickedpedia\/2024\/11\/26\/calvin-coolidge-raccoon-thanksgiving-pardon\/\">guaxinim<\/a> colocando a cabe\u00e7a para fora de uma parte quebrada do teto dentro do restaurante, diretamente acima do bar. <\/p>\n<p>\u201cEu gostaria de ser o controle de pragas, porque assim poderia cuidar disso rapidamente\u201d, algu\u00e9m pode ser ouvido dizendo no v\u00eddeo.<\/p>\n<figure class=\"wp-block-embed is-type-rich is-provider-twitter wp-block-embed-twitter\"\/>\n<p>Autoridades municipais confirmaram que o incidente ocorreu em algum momento do fim de semana em South Bay Center. Segundo os Servi\u00e7os de Inspe\u00e7\u00e3o, eles tomaram conhecimento do incidente esta semana quando receberam um link para o v\u00eddeo.<\/p>\n<p>Tanto um inspetor de sa\u00fade quanto um oficial de cuidado e controle de animais visitaram o restaurante, momento em que foram \u201cinformados que Olive Garden contratou uma empresa de controle de pragas no s\u00e1bado e reparou a \u00e1rea por onde o guaxinim conseguiu entrar no pr\u00e9dio\u201d, segundo para Servi\u00e7os Inspecionais. <\/p>\n<p>Um <a href=\"https:\/\/www.olivegarden.com\/home\">Jardim de oliveiras<\/a> O gerente confirmou que a situa\u00e7\u00e3o foi resolvida e que ningu\u00e9m ficou ferido como resultado do incidente. <\/p>\n<div class=\"o-author-single has-avatar\">\n<header class=\"m-author-card\">\n<div class=\"a-image a-image--square m-author-card__image\">\n\t\t<img decoding=\"async\" class=\"\" src=\"https:\/\/www.boston.com\/wp-content\/uploads\/2024\/10\/cropped-katelyn-headshot-67040a1173a1e-67040a380710a.jpeg\" alt=\"Imagem do perfil de Katelyn Umholtz\"\/>\t<\/div>\n<div class=\"m-author-card__text\">\n<h3 class=\"m-author-card__title\"><a href=\"https:\/\/www.boston.com\/author\/katelyn-umholtz\">Katelyn Umholtz<\/a><\/h3>\n<p><span class=\"m-author-card__subtitle\">Rep\u00f3rter de Alimentos e Restaurantes<\/span>\t<\/div>\n<\/header>\n<section class=\"author-info\">\n<hr class=\"m-author__section--hr\"\/>\n<div class=\"m-author__section\">\n<p>Katelyn Umholtz cobre comida e restaurantes para Boston.com. Katelyn tamb\u00e9m \u00e9 autora de The Dish, um seman\u00e1rio <a href=\"https:\/\/www.boston.com\/newsletter-signup\/\">boletim informativo sobre alimenta\u00e7\u00e3o<\/a>.<\/p>\n<\/div>\n<hr class=\"m-author__section--hr\"\/>\t<\/section>\n<\/div>\n<div class=\"m-block m-generic-cta\t m-generic-cta--post-content\t m-generic-cta--dark\t m-generic-cta--homepage\t m-generic-cta--email-signup\t\t m-generic-cta-block-style--default \tt-amp__generic-cta\"><\/p>\n<div class=\"m-generic-cta__wrap\">\n<div class=\"m-generic-cta__content\">\n<h3 class=\"m-generic-cta__title\">Inscreva-se no prato<\/h3>\n<p class=\"m-generic-cta__subtitle\">Mantenha-se atualizado sobre as \u00faltimas not\u00edcias sobre comida e bebida do Boston.com.<\/p>\n<\/p><\/div>\n<\/p><\/div>\n<\/div><\/div>\n<p><script>\n\t\tvar consent=\"grant\";\n\t\t\/* The above code is parsing the JSON data from the local storage and storing it in a variable. *\/\n\t\t\t\t\tconst onetrustStorageConsent = JSON.parse(localStorage.getItem( 'consent_one_trust_bdc' ) );\n\t\t\tif ( ( onetrustStorageConsent !== null ) ) {\n\t\t\t\t\/* Checking to see if the user has consented to the use of cookies.\n\t\t\t\t* If they have not, it is deleting the cookie.\n\t\t\t\t* This will comment for now, until further notice.\n\t\t\t\t*\/\n\t\t\t\t\/\/if ( onetrustStorageConsent.C0002 === false ) {\n\t\t\t\t\/\/\tdocument.cookie=\"_fbp=;expires=Thu, 01 Jan 2010 00:00:00 UTC; path=\/; domain=.boston.com\";\n\t\t\t\t\/\/}\n\t\t\t\t\/* Checking if the user has given consent for the cookie C0002.\n\t\t\t\t* If the user has given consent, the variable consent will be set to 'grant'.\n\t\t\t\t* If the user has not given consent,the variable consent will be set to 'revoke'.\n\t\t\t\t* Documentation https:\/\/developers.facebook.com\/docs\/meta-pixel\/implementation\/gdpr\n\t\t\t\t*\/\n\t\t\t\tif ( onetrustStorageConsent.C0002 !== true ) {\n\t\t\t\t\tconsent=\"revoke\";\n\t\t\t\t}\n\t\t\t}\n\t\t\t\t!function(f,b,e,v,n,t,s)\n\t\t{if(f.fbq)return;n=f.fbq=function(){n.callMethod?\n\t\tn.callMethod.apply(n,arguments):n.queue.push(arguments)};\n\t\tif(!f._fbq)f._fbq=n;n.push=n;n.loaded=!0;n.version='2.0';\n\t\tn.queue=[];t=b.createElement(e);t.async=!0;\n\t\tt.src=v;s=b.getElementsByTagName(e)[0];\n\t\ts.parentNode.insertBefore(t,s)}(window, document,'script',\n\t\t'https:\/\/connect.facebook.net\/en_US\/fbevents.js');\n\t\tfbq('consent', consent);\n\t\tfbq('init', '989222871864976');\n\t\tfbq('track', 'PageView');\n\t<\/script><script type=\"module\">\n\t\tvar consent=\"grant\";\n\t\t\/* The above code is parsing the JSON data from the local storage and storing it in a variable. *\/\n\t\t\tconst onetrustStorageConsent = JSON.parse(localStorage.getItem( 'consent_one_trust_bdc' ) );\n\t\t\t\/* Checking to see if the user has consented to the use of cookies.\n\t\t\t* If they have not, it is deleting the cookie.\n\t\t\t* This will comment for now, until further notice.\n\t\t\t*\/\n\t\t\t\/\/if ( onetrustStorageConsent.C0002 === false ) {\n\t\t\t\/\/\tdocument.cookie=\"_fbp=;expires=Thu, 01 Jan 2010 00:00:00 UTC; path=\/; domain=.boston.com\";\n\t\t\t\/\/}\n\t\t\t\/* Checking if the user has given consent for the cookie C0002.\n\t\t\t* If the user has given consent, the variable consent will be set to 'grant'.\n\t\t\t* If the user has not given consent,the variable consent will be set to 'revoke'.\n\t\t\t* Documentation https:\/\/developers.facebook.com\/docs\/meta-pixel\/implementation\/gdpr\n\t\t\t*\/\n\t\t\tif ( ( onetrustStorageConsent !== null ) && (onetrustStorageConsent.C0002 !== true ) ) {\n\t\t\t\tconsent=\"revoke\";\n\t\t\t}\n\t\t\t\t!function(f,b,e,v,n,t,s){if(f.fbq)return;n=f.fbq=function()\n\t\t{n.callMethod? n.callMethod.apply(n,arguments):n.queue.push(arguments)}\n\t\t;if(!f._fbq)f._fbq=n;\n\t\tn.push=n;n.loaded=!0;n.version='2.0';n.queue=[];t=b.createElement(e);t.async=!0;\n\t\tt.src=v;s=b.getElementsByTagName(e)[0];s.parentNode.insertBefore(t,s)}(window,\n\t\tdocument,'script','https:\/\/connect.facebook.net\/en_US\/fbevents.js');\n\t\tfbq('consent', consent);\n\t\tfbq('init', '813236348753005');\n\t\tfbq('track', \"PageView\");\n\t<\/script><br \/>\n<br \/><br \/>\n<br \/><a href=\"https:\/\/www.boston.com\/food\/restaurants\/2024\/11\/27\/olive-garden-dorchester-raccoon\/\">Source link <\/a><\/p>","protected":false},"excerpt":{"rendered":"<p>Restaurantes O v\u00eddeo compartilhado online mostrava um guaxinim saindo de uma parte do teto que estava quebrada dentro do restaurante. Um guaxinim foi capturado em v\u00eddeo saindo de uma parte&hellip;<\/p>","protected":false},"author":1,"featured_media":66970,"comment_status":"closed","ping_status":"open","sticky":false,"template":"","format":"standard","meta":{"content-type":"","footnotes":""},"categories":[1],"tags":[],"class_list":["post-66969","post","type-post","status-publish","format-standard","has-post-thumbnail","hentry","category-uncategorized"],"_links":{"self":[{"href":"https:\/\/tvbrazilusa.com\/pt\/wp-json\/wp\/v2\/posts\/66969","targetHints":{"allow":["GET"]}}],"collection":[{"href":"https:\/\/tvbrazilusa.com\/pt\/wp-json\/wp\/v2\/posts"}],"about":[{"href":"https:\/\/tvbrazilusa.com\/pt\/wp-json\/wp\/v2\/types\/post"}],"author":[{"embeddable":true,"href":"https:\/\/tvbrazilusa.com\/pt\/wp-json\/wp\/v2\/users\/1"}],"replies":[{"embeddable":true,"href":"https:\/\/tvbrazilusa.com\/pt\/wp-json\/wp\/v2\/comments?post=66969"}],"version-history":[{"count":1,"href":"https:\/\/tvbrazilusa.com\/pt\/wp-json\/wp\/v2\/posts\/66969\/revisions"}],"predecessor-version":[{"id":66971,"href":"https:\/\/tvbrazilusa.com\/pt\/wp-json\/wp\/v2\/posts\/66969\/revisions\/66971"}],"wp:featuredmedia":[{"embeddable":true,"href":"https:\/\/tvbrazilusa.com\/pt\/wp-json\/wp\/v2\/media\/66970"}],"wp:attachment":[{"href":"https:\/\/tvbrazilusa.com\/pt\/wp-json\/wp\/v2\/media?parent=66969"}],"wp:term":[{"taxonomy":"category","embeddable":true,"href":"https:\/\/tvbrazilusa.com\/pt\/wp-json\/wp\/v2\/categories?post=66969"},{"taxonomy":"post_tag","embeddable":true,"href":"https:\/\/tvbrazilusa.com\/pt\/wp-json\/wp\/v2\/tags?post=66969"}],"curies":[{"name":"wp","href":"https:\/\/api.w.org\/{rel}","templated":true}]}}