{"id":66975,"date":"2024-11-27T19:30:30","date_gmt":"2024-11-27T19:30:30","guid":{"rendered":"https:\/\/tvbrazilusa.com\/2024\/11\/27\/nova-regra-sobre-retrovisores-passa-a-valer-em-todo-o-territorio-brasileiro\/"},"modified":"2024-11-27T19:30:31","modified_gmt":"2024-11-27T19:30:31","slug":"nova-regra-sobre-retrovisores-passa-a-valer-em-todo-o-territorio-brasileiro","status":"publish","type":"post","link":"https:\/\/tvbrazilusa.com\/pt\/2024\/11\/27\/nova-regra-sobre-retrovisores-passa-a-valer-em-todo-o-territorio-brasileiro\/","title":{"rendered":"Nova regra sobre retrovisores passa a valer em todo o territ\u00f3rio brasileiro"},"content":{"rendered":"<p> <script async src=\"https:\/\/pagead2.googlesyndication.com\/pagead\/js\/adsbygoogle.js?client=ca-pub-8864793242727901\"\r\n     crossorigin=\"anonymous\"><\/script><br \/>\n<\/p>\n<div id=\"taboola-read-more\" style=\"display:block; width:100%\">\n<p>O Conselho Nacional de Tr\u00e2nsito (Contran) anunciou recentemente atualiza\u00e7\u00f5es importantes nas regulamenta\u00e7\u00f5es sobre o uso dos retrovisores em ve\u00edculos, incluindo aqueles utilizados para transporte escolar, como vans e micro-\u00f4nibus. Essas mudan\u00e7as visam aumentar a seguran\u00e7a nas estradas, especialmente para crian\u00e7as, adaptando os equipamentos para reduzir pontos cegos que podem comprometer a seguran\u00e7a dos passageiros.\n<\/p>\n<p>De acordo com as novas diretrizes, os retrovisores devem ser ajust\u00e1veis para permitir uma vis\u00e3o mais ampla e clara ao redor dos ve\u00edculos escolares. Esta medida tem a inten\u00e7\u00e3o de garantir que o campo de vis\u00e3o do motorista inclua adequadamente a altura das crian\u00e7as, proporcionando um controle mais eficaz da seguran\u00e7a durante o transporte.<\/p>\n<p>Qual \u00e9 o Impacto das Novas Especifica\u00e7\u00f5es para os Retrovisores?\n<\/p>\n<p>Para\u00a0<strong>atender \u00e0s novas regulamenta\u00e7\u00f5es<\/strong>, os retrovisores em ve\u00edculos escolares precisam atender a dimens\u00f5es espec\u00edficas. A \u00e1rea m\u00ednima dos espelhos deve ser de 69 cm\u00b2, enquanto os espelhos maiores devem\u00a0<strong>acomodar um c\u00edrculo de 7,8 cm de di\u00e2metro<\/strong>. Estes requisitos buscam assegurar que o motorista tenha uma vis\u00e3o abrangente da \u00e1rea ao redor do ve\u00edculo, fundamental para prevenir acidentes e aumentar a vigil\u00e2ncia em \u00e1reas com grande movimenta\u00e7\u00e3o de crian\u00e7as.\n<\/p>\n<p>\u00a0<\/p>\n<p>Al\u00e9m disso, \u00e9 imperativo que os dispositivos de vis\u00e3o indireta, como espelhos, sejam instalados de forma fixa, impedindo qualquer movimento que altere o campo de vis\u00e3o do condutor. Essa<strong>\u00a0estabilidade \u00e9 crucial para manter a seguran\u00e7a durante\u00a0<\/strong>as manobras e em situa\u00e7\u00f5es de tr\u00e1fego intenso.\n<\/p>\n<h2 class=\"wp-block-heading\"><strong>Ampliando a Discuss\u00e3o sobre Seguran\u00e7a Veicular<\/strong><\/h2>\n<p>\u00a0<\/p>\n<p>Desde o in\u00edcio de 2024, a legisla\u00e7\u00e3o tamb\u00e9m passou a exigir uma s\u00e9rie de novos itens de seguran\u00e7a para ve\u00edculos 0 km. Elementos como controle de estabilidade, luzes diurnas e alertas de cinto de seguran\u00e7a no painel se tornaram indispens\u00e1veis em carros novos, refor\u00e7ando a seguran\u00e7a em condi\u00e7\u00f5es variadas de dire\u00e7\u00e3o.\n<\/p>\n<p>\u00a0<\/p>\n<p>No caso espec\u00edfico de vans, \u00f4nibus e caminh\u00f5es, a obrigatoriedade para a instala\u00e7\u00e3o de controle de estabilidade se aplicar\u00e1 a partir de 1\u00ba de janeiro de 2025. Este componente \u00e9 fundamental para garantir mais seguran\u00e7a em viagens, especialmente em condi\u00e7\u00f5es clim\u00e1ticas adversas ou em superf\u00edcies escorregadias.\n<\/p>\n<p>Al\u00e9m dos itens j\u00e1 mencionados, como controle de estabilidade, luzes diurnas e alertas de cinto de seguran\u00e7a, outras tecnologias est\u00e3o sendo gradualmente incorporadas aos ve\u00edculos novos, com o objetivo de oferecer ainda mais prote\u00e7\u00e3o aos ocupantes:\n<\/p>\n<p>\u00a0<\/p>\n<h3 class=\"wp-block-heading\"><strong>Itens de Seguran\u00e7a Emergentes:<\/strong><\/h3>\n<ul>\n<li><strong>Frenagem aut\u00f4noma de emerg\u00eancia:<\/strong>\u00a0Essa tecnologia utiliza sensores para detectar obst\u00e1culos \u00e0 frente do ve\u00edculo e, caso o motorista n\u00e3o reaja a tempo, o sistema aplica os freios automaticamente, evitando ou mitigando colis\u00f5es.<\/li>\n<li><strong>Alerta de colis\u00e3o frontal:<\/strong>\u00a0Um sistema que emite um aviso sonoro ou visual ao motorista quando h\u00e1 risco de colis\u00e3o com o ve\u00edculo \u00e0 frente.<\/li>\n<li><strong>Assistente de manuten\u00e7\u00e3o de faixa:<\/strong>\u00a0Atrav\u00e9s de sensores, o ve\u00edculo detecta quando o carro est\u00e1 saindo involuntariamente da faixa de rolamento e emite um alerta ou corrige a dire\u00e7\u00e3o automaticamente.<\/li>\n<li><strong>Monitoramento de ponto cego:<\/strong>\u00a0Sensores ou c\u00e2meras auxiliam o motorista a identificar ve\u00edculos em seus pontos cegos, reduzindo o risco de colis\u00f5es em manobras.<\/li>\n<li><strong>Airbags laterais e de cortina:<\/strong>\u00a0Al\u00e9m dos airbags frontais, os airbags laterais e de cortina oferecem prote\u00e7\u00e3o adicional aos ocupantes em caso de impacto lateral.<\/li>\n<li><strong>ISOFIX:<\/strong>\u00a0Um sistema de fixa\u00e7\u00e3o para cadeirinhas infantis que garante a seguran\u00e7a das crian\u00e7as durante o transporte.<\/li>\n<\/ul>\n<p><strong>Outros aspectos importantes a serem considerados:<\/strong>\n<\/p>\n<ul>\n<li><strong>Padroniza\u00e7\u00e3o dos testes de colis\u00e3o:<\/strong>\u00a0A realiza\u00e7\u00e3o de testes de colis\u00e3o mais rigorosos e padronizados \u00e9 fundamental para garantir a seguran\u00e7a dos ve\u00edculos.<\/li>\n<li><strong>Infraestrutura vi\u00e1ria:<\/strong>\u00a0A seguran\u00e7a nas ruas tamb\u00e9m depende de uma boa infraestrutura vi\u00e1ria, com sinaliza\u00e7\u00e3o adequada, ilumina\u00e7\u00e3o e manuten\u00e7\u00e3o regular das vias.<\/li>\n<li><strong>Educa\u00e7\u00e3o para o tr\u00e2nsito:<\/strong>\u00a0Investir em educa\u00e7\u00e3o para o tr\u00e2nsito desde a inf\u00e2ncia \u00e9 essencial para formar condutores mais conscientes e respons\u00e1veis.<\/li>\n<li><strong>Fiscaliza\u00e7\u00e3o:<\/strong>\u00a0A fiscaliza\u00e7\u00e3o rigorosa das leis de tr\u00e2nsito \u00e9 fundamental para garantir que os motoristas respeitem as normas e utilizem os equipamentos de seguran\u00e7a obrigat\u00f3rios.<\/li>\n<\/ul>\n<p><strong>Em rela\u00e7\u00e3o \u00e0s vans, \u00f4nibus e caminh\u00f5es, al\u00e9m do controle de estabilidade, outras medidas podem contribuir para aumentar a seguran\u00e7a:<\/strong>\n<\/p>\n<ul>\n<li><strong>Limitadores de velocidade:<\/strong>\u00a0A instala\u00e7\u00e3o de limitadores de velocidade pode ajudar a evitar excessos e reduzir o risco de acidentes.<\/li>\n<li><strong>C\u00e2meras de monitoramento:<\/strong>\u00a0A instala\u00e7\u00e3o de c\u00e2meras pode auxiliar o motorista a ter uma vis\u00e3o mais ampla do entorno do ve\u00edculo, especialmente em manobras.<\/li>\n<li><strong>Sistemas de monitoramento da fadiga do motorista:<\/strong>\u00a0Esses sistemas podem detectar sinais de fadiga e alertar o motorista para que ele fa\u00e7a uma pausa.<\/li>\n<\/ul>\n<p>\u00c9 importante ressaltar que a tecnologia \u00e9 uma aliada importante na busca por um tr\u00e2nsito mais seguro, mas n\u00e3o \u00e9 a \u00fanica solu\u00e7\u00e3o. A combina\u00e7\u00e3o de tecnologia, infraestrutura adequada e educa\u00e7\u00e3o para o tr\u00e2nsito \u00e9 fundamental para reduzir o n\u00famero de acidentes e salvar vidas.\n<\/p>\n<p>\u00a0<\/p>\n<h2 class=\"wp-block-heading\">O que Esperar no Futuro em Termos de Seguran\u00e7a Veicular?<\/h2>\n<p>Os avan\u00e7os na tecnologia de seguran\u00e7a veicular indicam uma tend\u00eancia cont\u00ednua de integra\u00e7\u00e3o de caracter\u00edsticas que visam proteger melhor todos os passageiros. Para ve\u00edculos produzidos a partir de 2024, algumas das exig\u00eancias incluem luzes de frenagem de emerg\u00eancia e indicadores de frenagem brusca, que servem para alertar outros condutores em situa\u00e7\u00f5es potencialmente perigosas.\n<\/p>\n<p>Al\u00e9m disso, a adi\u00e7\u00e3o de luzes repetidoras laterais nos retrovisores ou para-lamas ajuda a melhorar a visibilidade do motorista para outros ve\u00edculos nas estradas, prevenindo acidentes e mantendo um fluxo de tr\u00e1fego mais seguro e eficiente.\n<\/p>\n<p>\u00a0<\/p>\n<h2 class=\"wp-block-heading\">A Nova Legisla\u00e7\u00e3o vai Melhorar a Seguran\u00e7a nas Estradas?<\/h2>\n<p>A implementa\u00e7\u00e3o dessas novas regras busca um objetivo claro: aumentar consideravelmente a seguran\u00e7a de motoristas e passageiros. Com a introdu\u00e7\u00e3o de retrovisores espec\u00edficos para ve\u00edculos escolares e outros itens obrigat\u00f3rios, os reguladores esperam reduzir o n\u00famero de acidentes envolvendo crian\u00e7as em tr\u00e2nsito.\n<\/p>\n<p>Com regulamentos mais rigorosos, cada aspecto dos equipamentos de seguran\u00e7a \u00e9 aprimorado para cobrir as necessidades di\u00e1rias do tr\u00e1fego escolar. Isso n\u00e3o s\u00f3 protege as crian\u00e7as, mas tamb\u00e9m prepara o caminho para tecnologias de seguran\u00e7a ainda mais avan\u00e7adas no futuro, estabelecendo um padr\u00e3o elevado para todas as formas de transporte rodovi\u00e1rio.<\/p>\n<p>Fonte: Monitor do Mercado              <\/p>\n<\/div>\n<p><br \/>\n<br \/><a href=\"https:\/\/diariodobrasilnoticias.com.br\/noticia\/nova-regra-sobre-retrovisores-passa-a-valer-em-todo-o-territorio-brasileiro-67475175bdddc\">Source link <\/a><\/p>","protected":false},"excerpt":{"rendered":"<p>O Conselho Nacional de Tr\u00e2nsito (Contran) anunciou recentemente atualiza\u00e7\u00f5es importantes nas regulamenta\u00e7\u00f5es sobre o uso dos retrovisores em ve\u00edculos, incluindo aqueles utilizados para transporte escolar, como vans e micro-\u00f4nibus. Essas&hellip;<\/p>","protected":false},"author":1,"featured_media":66976,"comment_status":"closed","ping_status":"open","sticky":false,"template":"","format":"standard","meta":{"content-type":"","footnotes":""},"categories":[16],"tags":[123,2448,5313,1267],"class_list":["post-66975","post","type-post","status-publish","format-standard","has-post-thumbnail","hentry","category-noticias","tag-brasil","tag-diario","tag-noticia","tag-noticias"],"_links":{"self":[{"href":"https:\/\/tvbrazilusa.com\/pt\/wp-json\/wp\/v2\/posts\/66975","targetHints":{"allow":["GET"]}}],"collection":[{"href":"https:\/\/tvbrazilusa.com\/pt\/wp-json\/wp\/v2\/posts"}],"about":[{"href":"https:\/\/tvbrazilusa.com\/pt\/wp-json\/wp\/v2\/types\/post"}],"author":[{"embeddable":true,"href":"https:\/\/tvbrazilusa.com\/pt\/wp-json\/wp\/v2\/users\/1"}],"replies":[{"embeddable":true,"href":"https:\/\/tvbrazilusa.com\/pt\/wp-json\/wp\/v2\/comments?post=66975"}],"version-history":[{"count":1,"href":"https:\/\/tvbrazilusa.com\/pt\/wp-json\/wp\/v2\/posts\/66975\/revisions"}],"predecessor-version":[{"id":66977,"href":"https:\/\/tvbrazilusa.com\/pt\/wp-json\/wp\/v2\/posts\/66975\/revisions\/66977"}],"wp:featuredmedia":[{"embeddable":true,"href":"https:\/\/tvbrazilusa.com\/pt\/wp-json\/wp\/v2\/media\/66976"}],"wp:attachment":[{"href":"https:\/\/tvbrazilusa.com\/pt\/wp-json\/wp\/v2\/media?parent=66975"}],"wp:term":[{"taxonomy":"category","embeddable":true,"href":"https:\/\/tvbrazilusa.com\/pt\/wp-json\/wp\/v2\/categories?post=66975"},{"taxonomy":"post_tag","embeddable":true,"href":"https:\/\/tvbrazilusa.com\/pt\/wp-json\/wp\/v2\/tags?post=66975"}],"curies":[{"name":"wp","href":"https:\/\/api.w.org\/{rel}","templated":true}]}}