{"id":66981,"date":"2024-11-27T19:23:32","date_gmt":"2024-11-27T19:23:32","guid":{"rendered":"https:\/\/tvbrazilusa.com\/2024\/11\/27\/publix-aldi-quais-redes-de-supermercados-da-fl-estao-abertas-no-dia-de-acao-de-gracas\/"},"modified":"2024-11-27T19:38:36","modified_gmt":"2024-11-27T19:38:36","slug":"publix-aldi-quais-redes-de-supermercados-da-fl-estao-abertas-no-dia-de-acao-de-gracas","status":"publish","type":"post","link":"https:\/\/tvbrazilusa.com\/pt\/2024\/11\/27\/publix-aldi-quais-redes-de-supermercados-da-fl-estao-abertas-no-dia-de-acao-de-gracas\/","title":{"rendered":"Publix, Aldi: Quais redes de supermercados da FL est\u00e3o abertas no Dia de A\u00e7\u00e3o de Gra\u00e7as?"},"content":{"rendered":"<p> <script async src=\"https:\/\/pagead2.googlesyndication.com\/pagead\/js\/adsbygoogle.js?client=ca-pub-8864793242727901\"\r\n     crossorigin=\"anonymous\"><\/script><br \/>\n<\/p>\n<div>\n<p>FL\u00d3RIDA \u2013 Muitas redes de supermercados nacionais e regionais com mercearias na Fl\u00f3rida estar\u00e3o abertas pelo menos parte do Dia de A\u00e7\u00e3o de Gra\u00e7as para atender \u00e0s necessidades de compras de \u00faltima hora de pessoas que se esqueceram de comprar molho de cranberry ou ficaram sem manteiga.<\/p>\n<\/div>\n<div>\n<p>O hor\u00e1rio de funcionamento da loja pode variar de acordo com o local, portanto, como sempre, \u00e9 uma boa ideia ligar com anteced\u00eancia para n\u00e3o desperdi\u00e7ar uma viagem. Este relat\u00f3rio foi selecionado a partir de sites de lojas, e-mails para <a href=\"https:\/\/patch.com\/\" target=\"_blank\">Corre\u00e7\u00e3o<\/a>, <a href=\"https:\/\/www.delish.com\/food-news\/a24745721\/grocery-stores-open-on-thanksgiving\/\" target=\"_blank\" rel=\"nofollow\">delicioso<\/a>, <a href=\"https:\/\/www.tasteofhome.com\/article\/stores-open-on-thanksgiving\/?srsltid=AfmBOoqltSs0VFbJHUrPVQWvQR5DCB_Fu3HpQO0wphXBgUafti31ipoi\" target=\"_blank\" rel=\"nofollow\">Sabor de Casa<\/a>e <a href=\"https:\/\/www.yahoo.com\/lifestyle\/grocery-stores-open-thanksgiving-2024-002530941.html\" target=\"_blank\" rel=\"nofollow\">Yahoo! Estilo de vida<\/a>.<\/p>\n<p><a href=\"https:\/\/www.albertsons.com\/\" target=\"_blank\" rel=\"nofollow\">Albertsons<\/a>: A maioria das lojas estar\u00e1 aberta das 6h \u00e0s 15h<\/p>\n<\/div>\n<div>\n<p><a href=\"https:\/\/www.aldi.us\/\" target=\"_blank\" rel=\"nofollow\">Aldi<\/a>: Todas as lojas estar\u00e3o fechadas.<\/p>\n<p><a href=\"https:\/\/www.costco.com\/\" target=\"_blank\" rel=\"nofollow\">Costco<\/a>: Todas as lojas estar\u00e3o fechadas, pois ocorre em todos os feriados nacionais.<\/p>\n<\/div>\n<div>\n<p><a href=\"https:\/\/www.meijer.com\/\" target=\"_blank\" rel=\"nofollow\">Meijer<\/a>: As lojas estar\u00e3o abertas das 6h \u00e0s 17h<\/p>\n<p><a href=\"https:\/\/www.publix.com\/\" target=\"_blank\" rel=\"nofollow\">Publix<\/a>: Todas as lojas estar\u00e3o fechadas.<\/p>\n<\/div>\n<div>\n<p><a href=\"https:\/\/www.walmart.com\/\" target=\"_blank\" rel=\"nofollow\">Wal-Mart<\/a>: Todas as lojas estar\u00e3o fechadas.<\/p>\n<p><a href=\"https:\/\/www.wawa.com\/\" target=\"_blank\" rel=\"nofollow\">Wawa<\/a>: A maioria das lojas estar\u00e1 aberta.<\/p>\n<p><a href=\"https:\/\/www.wholefoodsmarket.com\/\" target=\"_blank\" rel=\"nofollow\">Alimentos integrais<\/a>: As lojas estar\u00e3o abertas mas com hor\u00e1rio modificado.<\/p>\n<p><a href=\"https:\/\/www.winndixie.com\/\" target=\"_blank\" rel=\"nofollow\">Winn-Dixie<\/a>: Todas as lojas estar\u00e3o fechadas.<\/p>\n<\/div>\n<p><br \/>\n<br \/><a href=\"http:\/\/patch.com\/florida\/sarasota\/publix-aldi-what-fl-grocery-store-chains-are-open-thanksgiving?utm_source=article-mostrecent&#038;utm_medium=rss&#038;utm_term=seasonal%20%26%20holidays&#038;utm_campaign=recirc&#038;utm_content=aol\">Source link <\/a><\/p>","protected":false},"excerpt":{"rendered":"<p>FL\u00d3RIDA \u2013 Muitas redes de supermercados nacionais e regionais com mercearias na Fl\u00f3rida estar\u00e3o abertas pelo menos parte do Dia de A\u00e7\u00e3o de Gra\u00e7as para atender \u00e0s necessidades de compras&hellip;<\/p>","protected":false},"author":1,"featured_media":66982,"comment_status":"closed","ping_status":"open","sticky":false,"template":"","format":"standard","meta":{"content-type":"","footnotes":""},"categories":[1],"tags":[],"class_list":["post-66981","post","type-post","status-publish","format-standard","has-post-thumbnail","hentry","category-uncategorized"],"_links":{"self":[{"href":"https:\/\/tvbrazilusa.com\/pt\/wp-json\/wp\/v2\/posts\/66981","targetHints":{"allow":["GET"]}}],"collection":[{"href":"https:\/\/tvbrazilusa.com\/pt\/wp-json\/wp\/v2\/posts"}],"about":[{"href":"https:\/\/tvbrazilusa.com\/pt\/wp-json\/wp\/v2\/types\/post"}],"author":[{"embeddable":true,"href":"https:\/\/tvbrazilusa.com\/pt\/wp-json\/wp\/v2\/users\/1"}],"replies":[{"embeddable":true,"href":"https:\/\/tvbrazilusa.com\/pt\/wp-json\/wp\/v2\/comments?post=66981"}],"version-history":[{"count":1,"href":"https:\/\/tvbrazilusa.com\/pt\/wp-json\/wp\/v2\/posts\/66981\/revisions"}],"predecessor-version":[{"id":66983,"href":"https:\/\/tvbrazilusa.com\/pt\/wp-json\/wp\/v2\/posts\/66981\/revisions\/66983"}],"wp:featuredmedia":[{"embeddable":true,"href":"https:\/\/tvbrazilusa.com\/pt\/wp-json\/wp\/v2\/media\/66982"}],"wp:attachment":[{"href":"https:\/\/tvbrazilusa.com\/pt\/wp-json\/wp\/v2\/media?parent=66981"}],"wp:term":[{"taxonomy":"category","embeddable":true,"href":"https:\/\/tvbrazilusa.com\/pt\/wp-json\/wp\/v2\/categories?post=66981"},{"taxonomy":"post_tag","embeddable":true,"href":"https:\/\/tvbrazilusa.com\/pt\/wp-json\/wp\/v2\/tags?post=66981"}],"curies":[{"name":"wp","href":"https:\/\/api.w.org\/{rel}","templated":true}]}}