{"id":66993,"date":"2024-11-27T19:52:19","date_gmt":"2024-11-27T19:52:19","guid":{"rendered":"https:\/\/tvbrazilusa.com\/2024\/11\/27\/casa-da-semana-um-condominio-de-tres-quartos-no-coracao-de-framingham-por-menos-de-us-600-mil\/"},"modified":"2024-11-27T20:00:57","modified_gmt":"2024-11-27T20:00:57","slug":"casa-da-semana-um-condominio-de-tres-quartos-no-coracao-de-framingham-por-menos-de-us-600-mil","status":"publish","type":"post","link":"https:\/\/tvbrazilusa.com\/pt\/2024\/11\/27\/casa-da-semana-um-condominio-de-tres-quartos-no-coracao-de-framingham-por-menos-de-us-600-mil\/","title":{"rendered":"Casa da Semana: Um condom\u00ednio de tr\u00eas quartos no cora\u00e7\u00e3o de Framingham por menos de US$ 600 mil"},"content":{"rendered":"<p> <script async src=\"https:\/\/pagead2.googlesyndication.com\/pagead\/js\/adsbygoogle.js?client=ca-pub-8864793242727901\"\r\n     crossorigin=\"anonymous\"><\/script><br \/>\n<\/p>\n<div id=\"\">\n<header class=\"m-article-header m-article-header--standard\">\n\t\t\t\t\t\t\t\t\t\t\t\t<span id=\"article-header-primary-term\"><br \/>\n\t\t\t\t\t\t\t\t<a class=\"a-term a-term--primary\" href=\"https:\/\/www.boston.com\/tag\/home-of-the-week\/\"><\/p>\n<p>\t\t\t\t\t\t\t\tCasa da semana\t\t\t\t\t\t\t\t<\/a><br \/>\n\t\t\t\t\t\t\t<\/span><\/p>\n<h2 class=\"m-article-header__sub-headline\">A propriedade vem com arrecada\u00e7\u00e3o na cave, estacionamento, m\u00e1quina de lavar e secar roupa na unidade e novos sistemas de canaliza\u00e7\u00e3o, eletricidade, aquecimento e ar condicionado.<\/h2>\n<figure class=\"a-photo m-article-header__photo\"><figcaption class=\"a-photo__caption\">\n<p>\tA \u00e1rea de estar possui lareira a g\u00e1s.<em> Est\u00fadio fotogr\u00e1fico iluminado<\/em>\t<\/figcaption><\/figure>\n<div class=\"m-article-header__meta\">\n<div class=\"m-article-header__byline\">\n<p class=\"m-article-header__author\">\n<p>\t\t\t\t\t\t\t\tPor John R. Ellement, The Boston Globe\t\t\t\t\t\t\t<\/p>\n<p>\t\t\t\t\t\t\t\t\t\t\t\t\t\t\t<time class=\"m-article-header__date\"><\/p>\n<p>\t\t\t\t\t\t\t\t\t27 de novembro de 2024 | 14h52\t\t\t\t\t\t\t\t<\/time><\/p><\/div>\n<\/p><\/div>\n<\/header>\n<h3 class=\"wp-block-heading\" id=\"h-599-000\"><b>US$ 599.000<\/b><\/h3>\n<p><b>Estilo <\/b>Condom\u00ednio<\/p>\n<p><b>Ano constru\u00eddo <\/b>1914\/renovado em 2014\/sendo convertido<\/p>\n<p><b>P\u00e9s quadrados <\/b>1.202<\/p>\n<p><b>Quartos <\/b>3<\/p>\n<p><b>Banhos <\/b>2 cheio<\/p>\n<p><b>Esgoto\/\u00c1gua <\/b>P\u00fablico<\/p>\n<p><b>Taxa <\/b>$ 200 por m\u00eas<\/p>\n<p><b>Impostos <\/b>US$ 3.700 (2024)<\/p>\n<p>Fica a cerca de 250 metros da porta da frente deste condom\u00ednio de duas unidades recentemente convertido em <a href=\"https:\/\/framinghamma.myrec.com\/info\/facilities\/details.aspx?FacilityID=14870\" target=\"_blank\">Parque Gallagher<\/a> e <a href=\"https:\/\/www.mapquest.com\/us\/massachusetts\/gleason-pond-439910441\" target=\"_blank\">Lagoa Gleason<\/a> em Framingham e a cerca de um quil\u00f4metro e meio do <a href=\"https:\/\/www.mbta.com\/schedules\/CR-Worcester\" target=\"_blank\">esta\u00e7\u00e3o ferrovi\u00e1ria suburbana<\/a> que conecta este sub\u00farbio de Metrowest a Boston e Worcester.<\/p>\n<figure class=\"wp-block-image\"><img loading=\"lazy\" decoding=\"async\" width=\"1800\" height=\"1200\" src=\"https:\/\/bdc2020.o0bc.com\/wp-content\/uploads\/2024\/11\/2WSHRXHDZNDM7MYGCPTNRWRQUA-67476ec01f131.jpg\" alt=\"    Framingham\" class=\"wp-image-32416735\" srcset=\"https:\/\/bdc2020.o0bc.com\/wp-content\/uploads\/2024\/11\/2WSHRXHDZNDM7MYGCPTNRWRQUA-67476ec01f131.jpg?width=200 200w, https:\/\/bdc2020.o0bc.com\/wp-content\/uploads\/2024\/11\/2WSHRXHDZNDM7MYGCPTNRWRQUA-67476ec01f131.jpg?width=300 300w, https:\/\/bdc2020.o0bc.com\/wp-content\/uploads\/2024\/11\/2WSHRXHDZNDM7MYGCPTNRWRQUA-67476ec01f131.jpg?width=400 400w, https:\/\/bdc2020.o0bc.com\/wp-content\/uploads\/2024\/11\/2WSHRXHDZNDM7MYGCPTNRWRQUA-67476ec01f131.jpg?width=500 500w, https:\/\/bdc2020.o0bc.com\/wp-content\/uploads\/2024\/11\/2WSHRXHDZNDM7MYGCPTNRWRQUA-67476ec01f131.jpg?width=600 600w, https:\/\/bdc2020.o0bc.com\/wp-content\/uploads\/2024\/11\/2WSHRXHDZNDM7MYGCPTNRWRQUA-67476ec01f131.jpg?width=700 700w, https:\/\/bdc2020.o0bc.com\/wp-content\/uploads\/2024\/11\/2WSHRXHDZNDM7MYGCPTNRWRQUA-67476ec01f131.jpg?width=800 800w, https:\/\/bdc2020.o0bc.com\/wp-content\/uploads\/2024\/11\/2WSHRXHDZNDM7MYGCPTNRWRQUA-67476ec01f131.jpg?width=900 900w\" sizes=\"auto, (max-width: 1800px) 100vw, 1800px\"\/><figcaption class=\"wp-element-caption\">O edif\u00edcio fica perto do Parque Gallagher e do Lago Gleason.<i> \u2013 Est\u00fadio de Fotografia Lightshed<\/i><\/figcaption><\/figure>\n<figure class=\"wp-block-image\"><img loading=\"lazy\" decoding=\"async\" width=\"1800\" height=\"1200\" src=\"https:\/\/bdc2020.o0bc.com\/wp-content\/uploads\/2024\/11\/I4RT5RT2A5AJZC6DMTY334I4TY-67476ec81da52.jpg\" alt=\"        Framingham\" class=\"wp-image-32416743\" srcset=\"https:\/\/bdc2020.o0bc.com\/wp-content\/uploads\/2024\/11\/I4RT5RT2A5AJZC6DMTY334I4TY-67476ec81da52.jpg?width=200 200w, https:\/\/bdc2020.o0bc.com\/wp-content\/uploads\/2024\/11\/I4RT5RT2A5AJZC6DMTY334I4TY-67476ec81da52.jpg?width=300 300w, https:\/\/bdc2020.o0bc.com\/wp-content\/uploads\/2024\/11\/I4RT5RT2A5AJZC6DMTY334I4TY-67476ec81da52.jpg?width=400 400w, https:\/\/bdc2020.o0bc.com\/wp-content\/uploads\/2024\/11\/I4RT5RT2A5AJZC6DMTY334I4TY-67476ec81da52.jpg?width=500 500w, https:\/\/bdc2020.o0bc.com\/wp-content\/uploads\/2024\/11\/I4RT5RT2A5AJZC6DMTY334I4TY-67476ec81da52.jpg?width=600 600w, https:\/\/bdc2020.o0bc.com\/wp-content\/uploads\/2024\/11\/I4RT5RT2A5AJZC6DMTY334I4TY-67476ec81da52.jpg?width=700 700w, https:\/\/bdc2020.o0bc.com\/wp-content\/uploads\/2024\/11\/I4RT5RT2A5AJZC6DMTY334I4TY-67476ec81da52.jpg?width=800 800w, https:\/\/bdc2020.o0bc.com\/wp-content\/uploads\/2024\/11\/I4RT5RT2A5AJZC6DMTY334I4TY-67476ec81da52.jpg?width=900 900w\" sizes=\"auto, (max-width: 1800px) 100vw, 1800px\"\/><figcaption class=\"wp-element-caption\">O edif\u00edcio foi convertido recentemente em dois condom\u00ednios.<i> \u2013 Est\u00fadio de Fotografia Lightshed<\/i><\/figcaption><\/figure>\n<p>Da cal\u00e7ada, uma passarela liga a varanda frontal e as portas das duas unidades. A escada de acesso ao segundo andar sobe at\u00e9 terminar em um patamar com arm\u00e1rio pr\u00f3prio. A porta da frente revela uma planta aberta de quase 500 p\u00e9s quadrados que abrange a cozinha e as \u00e1reas de estar e jantar. Luzes embutidas e piso laminado que parece madeira unem os tr\u00eas espa\u00e7os.<\/p>\n<p>A sala de estar de 299 p\u00e9s quadrados tem tr\u00eas janelas e termina em uma lareira a g\u00e1s aninhada em uma parede branca com embutidos. A parede preta acima \u00e9 o local perfeito para uma televis\u00e3o.<\/p>\n<figure class=\"wp-block-image\"><img loading=\"lazy\" decoding=\"async\" width=\"1800\" height=\"1200\" src=\"https:\/\/bdc2020.o0bc.com\/wp-content\/uploads\/2024\/11\/TN6L6O6FWJEVFPLAO63MCKCYWA-67476ed07c45d.jpg\" alt=\"        Framingham\" class=\"wp-image-32416747\" srcset=\"https:\/\/bdc2020.o0bc.com\/wp-content\/uploads\/2024\/11\/TN6L6O6FWJEVFPLAO63MCKCYWA-67476ed07c45d.jpg?width=200 200w, https:\/\/bdc2020.o0bc.com\/wp-content\/uploads\/2024\/11\/TN6L6O6FWJEVFPLAO63MCKCYWA-67476ed07c45d.jpg?width=300 300w, https:\/\/bdc2020.o0bc.com\/wp-content\/uploads\/2024\/11\/TN6L6O6FWJEVFPLAO63MCKCYWA-67476ed07c45d.jpg?width=400 400w, https:\/\/bdc2020.o0bc.com\/wp-content\/uploads\/2024\/11\/TN6L6O6FWJEVFPLAO63MCKCYWA-67476ed07c45d.jpg?width=500 500w, https:\/\/bdc2020.o0bc.com\/wp-content\/uploads\/2024\/11\/TN6L6O6FWJEVFPLAO63MCKCYWA-67476ed07c45d.jpg?width=600 600w, https:\/\/bdc2020.o0bc.com\/wp-content\/uploads\/2024\/11\/TN6L6O6FWJEVFPLAO63MCKCYWA-67476ed07c45d.jpg?width=700 700w, https:\/\/bdc2020.o0bc.com\/wp-content\/uploads\/2024\/11\/TN6L6O6FWJEVFPLAO63MCKCYWA-67476ed07c45d.jpg?width=800 800w, https:\/\/bdc2020.o0bc.com\/wp-content\/uploads\/2024\/11\/TN6L6O6FWJEVFPLAO63MCKCYWA-67476ed07c45d.jpg?width=900 900w\" sizes=\"auto, (max-width: 1800px) 100vw, 1800px\"\/><figcaption class=\"wp-element-caption\">O sof\u00e1 est\u00e1 aninhado em uma sali\u00eancia na \u00e1rea de estar.<i> \u2013 Est\u00fadio de Fotografia Lightshed<\/i><\/figcaption><\/figure>\n<p>A \u00e1rea de jantar fica em frente \u00e0 janela e atualmente abriga uma mesa retangular para quatro pessoas estacionada contra a parede. Voc\u00ea encontrar\u00e1 uma segunda mesa, uma barra de caf\u00e9 da manh\u00e3, logo depois da lareira na cozinha.<\/p>\n<p>O espa\u00e7o (154 p\u00e9s quadrados) possui eletrodom\u00e9sticos de a\u00e7o inoxid\u00e1vel, backsplash de m\u00e1rmore, prateleiras abertas e uma pia sob um par de janelas sem travessas. As bancadas de granito preto e os arm\u00e1rios brancos estilo Shaker formam um L encimado pela geladeira e pelas prateleiras abertas.<\/p>\n<p>Logo depois da cozinha h\u00e1 uma lavanderia com espa\u00e7o para a lavadora e secadora empilhada, que estar\u00e1 inclu\u00edda na venda.<\/p>\n<figure class=\"wp-block-image\"><img loading=\"lazy\" decoding=\"async\" width=\"1800\" height=\"1200\" src=\"https:\/\/bdc2020.o0bc.com\/wp-content\/uploads\/2024\/11\/ILSUCZFS3BE4RAKQXHLEUKNKTM-67476ed8dcfca.jpg\" alt=\"        Framingham\" class=\"wp-image-32416751\" srcset=\"https:\/\/bdc2020.o0bc.com\/wp-content\/uploads\/2024\/11\/ILSUCZFS3BE4RAKQXHLEUKNKTM-67476ed8dcfca.jpg?width=200 200w, https:\/\/bdc2020.o0bc.com\/wp-content\/uploads\/2024\/11\/ILSUCZFS3BE4RAKQXHLEUKNKTM-67476ed8dcfca.jpg?width=300 300w, https:\/\/bdc2020.o0bc.com\/wp-content\/uploads\/2024\/11\/ILSUCZFS3BE4RAKQXHLEUKNKTM-67476ed8dcfca.jpg?width=400 400w, https:\/\/bdc2020.o0bc.com\/wp-content\/uploads\/2024\/11\/ILSUCZFS3BE4RAKQXHLEUKNKTM-67476ed8dcfca.jpg?width=500 500w, https:\/\/bdc2020.o0bc.com\/wp-content\/uploads\/2024\/11\/ILSUCZFS3BE4RAKQXHLEUKNKTM-67476ed8dcfca.jpg?width=600 600w, https:\/\/bdc2020.o0bc.com\/wp-content\/uploads\/2024\/11\/ILSUCZFS3BE4RAKQXHLEUKNKTM-67476ed8dcfca.jpg?width=700 700w, https:\/\/bdc2020.o0bc.com\/wp-content\/uploads\/2024\/11\/ILSUCZFS3BE4RAKQXHLEUKNKTM-67476ed8dcfca.jpg?width=800 800w, https:\/\/bdc2020.o0bc.com\/wp-content\/uploads\/2024\/11\/ILSUCZFS3BE4RAKQXHLEUKNKTM-67476ed8dcfca.jpg?width=900 900w\" sizes=\"auto, (max-width: 1800px) 100vw, 1800px\"\/><figcaption class=\"wp-element-caption\">A cozinha tem uma barra de caf\u00e9 da manh\u00e3.<i> \u2013 Est\u00fadio de Fotografia Lightshed<\/i><\/figcaption><\/figure>\n<figure class=\"wp-block-image\"><img loading=\"lazy\" decoding=\"async\" width=\"1200\" height=\"1800\" src=\"https:\/\/bdc2020.o0bc.com\/wp-content\/uploads\/2024\/11\/TP7MPF7ETZE33ITXKI5ZEKJBBE-67476ee15ce1c.jpg\" alt=\"        Framingham\" class=\"wp-image-32416752\" srcset=\"https:\/\/bdc2020.o0bc.com\/wp-content\/uploads\/2024\/11\/TP7MPF7ETZE33ITXKI5ZEKJBBE-67476ee15ce1c.jpg?width=200 200w, https:\/\/bdc2020.o0bc.com\/wp-content\/uploads\/2024\/11\/TP7MPF7ETZE33ITXKI5ZEKJBBE-67476ee15ce1c.jpg?width=300 300w, https:\/\/bdc2020.o0bc.com\/wp-content\/uploads\/2024\/11\/TP7MPF7ETZE33ITXKI5ZEKJBBE-67476ee15ce1c.jpg?width=400 400w, https:\/\/bdc2020.o0bc.com\/wp-content\/uploads\/2024\/11\/TP7MPF7ETZE33ITXKI5ZEKJBBE-67476ee15ce1c.jpg?width=500 500w, https:\/\/bdc2020.o0bc.com\/wp-content\/uploads\/2024\/11\/TP7MPF7ETZE33ITXKI5ZEKJBBE-67476ee15ce1c.jpg?width=600 600w, https:\/\/bdc2020.o0bc.com\/wp-content\/uploads\/2024\/11\/TP7MPF7ETZE33ITXKI5ZEKJBBE-67476ee15ce1c.jpg?width=700 700w, https:\/\/bdc2020.o0bc.com\/wp-content\/uploads\/2024\/11\/TP7MPF7ETZE33ITXKI5ZEKJBBE-67476ee15ce1c.jpg?width=800 800w, https:\/\/bdc2020.o0bc.com\/wp-content\/uploads\/2024\/11\/TP7MPF7ETZE33ITXKI5ZEKJBBE-67476ee15ce1c.jpg?width=900 900w\" sizes=\"auto, (max-width: 1200px) 100vw, 1200px\"\/><figcaption class=\"wp-element-caption\">A unidade vem com uma lavadora e secadora empilhadas.<i> \u2013 Est\u00fadio de Fotografia Lightshed<\/i><\/figcaption><\/figure>\n<p>Um pequeno corredor fora da cozinha leva ao banheiro de h\u00f3spedes e a dois quartos. O banheiro de h\u00f3spedes de 46 p\u00e9s quadrados tem uma \u00fanica pia azul e um tampo de quartzo branco. O piso \u00e9 porcelanato. A combina\u00e7\u00e3o chuveiro \/ banheira fica atr\u00e1s de uma cortina, e seu entorno \u00e9 de azulejos brancos do metr\u00f4 com incrusta\u00e7\u00f5es.<\/p>\n<figure class=\"wp-block-image\"><img loading=\"lazy\" decoding=\"async\" width=\"1200\" height=\"1800\" src=\"https:\/\/bdc2020.o0bc.com\/wp-content\/uploads\/2024\/11\/XAJ5T6ZB4BHHVIP5BBXQVBVFT4-67476ee930843.jpg\" alt=\"  \" class=\"wp-image-32416753\" srcset=\"https:\/\/bdc2020.o0bc.com\/wp-content\/uploads\/2024\/11\/XAJ5T6ZB4BHHVIP5BBXQVBVFT4-67476ee930843.jpg?width=200 200w, https:\/\/bdc2020.o0bc.com\/wp-content\/uploads\/2024\/11\/XAJ5T6ZB4BHHVIP5BBXQVBVFT4-67476ee930843.jpg?width=300 300w, https:\/\/bdc2020.o0bc.com\/wp-content\/uploads\/2024\/11\/XAJ5T6ZB4BHHVIP5BBXQVBVFT4-67476ee930843.jpg?width=400 400w, https:\/\/bdc2020.o0bc.com\/wp-content\/uploads\/2024\/11\/XAJ5T6ZB4BHHVIP5BBXQVBVFT4-67476ee930843.jpg?width=500 500w, https:\/\/bdc2020.o0bc.com\/wp-content\/uploads\/2024\/11\/XAJ5T6ZB4BHHVIP5BBXQVBVFT4-67476ee930843.jpg?width=600 600w, https:\/\/bdc2020.o0bc.com\/wp-content\/uploads\/2024\/11\/XAJ5T6ZB4BHHVIP5BBXQVBVFT4-67476ee930843.jpg?width=700 700w, https:\/\/bdc2020.o0bc.com\/wp-content\/uploads\/2024\/11\/XAJ5T6ZB4BHHVIP5BBXQVBVFT4-67476ee930843.jpg?width=800 800w, https:\/\/bdc2020.o0bc.com\/wp-content\/uploads\/2024\/11\/XAJ5T6ZB4BHHVIP5BBXQVBVFT4-67476ee930843.jpg?width=900 900w\" sizes=\"auto, (max-width: 1200px) 100vw, 1200px\"\/><figcaption class=\"wp-element-caption\">O banheiro de h\u00f3spedes oferece uma combina\u00e7\u00e3o banheira\/chuveiro e uma impressionante penteadeira azul.<i> \u2013 Est\u00fadio de Fotografia Lightshed<\/i><\/figcaption><\/figure>\n<p>A su\u00edte principal (204 p\u00e9s quadrados) tem janela dupla suspensa, arm\u00e1rio de uma porta e banheiro que vem com pia \u00fanica branca com tampo de quartzo, al\u00e9m de piso de porcelanato e chuveiro atr\u00e1s de portas de vidro transparente que apresenta um revestimento cer\u00e2mico cinza em uma pilha vertical moderna.<\/p>\n<figure class=\"wp-block-image\"><img loading=\"lazy\" decoding=\"async\" width=\"1800\" height=\"1200\" src=\"https:\/\/bdc2020.o0bc.com\/wp-content\/uploads\/2024\/11\/WD6HK67VRFAPDIJ3PYOP7SS5JE-67476ef0f391f.jpg\" alt=\"  \" class=\"wp-image-32416756\" srcset=\"https:\/\/bdc2020.o0bc.com\/wp-content\/uploads\/2024\/11\/WD6HK67VRFAPDIJ3PYOP7SS5JE-67476ef0f391f.jpg?width=200 200w, https:\/\/bdc2020.o0bc.com\/wp-content\/uploads\/2024\/11\/WD6HK67VRFAPDIJ3PYOP7SS5JE-67476ef0f391f.jpg?width=300 300w, https:\/\/bdc2020.o0bc.com\/wp-content\/uploads\/2024\/11\/WD6HK67VRFAPDIJ3PYOP7SS5JE-67476ef0f391f.jpg?width=400 400w, https:\/\/bdc2020.o0bc.com\/wp-content\/uploads\/2024\/11\/WD6HK67VRFAPDIJ3PYOP7SS5JE-67476ef0f391f.jpg?width=500 500w, https:\/\/bdc2020.o0bc.com\/wp-content\/uploads\/2024\/11\/WD6HK67VRFAPDIJ3PYOP7SS5JE-67476ef0f391f.jpg?width=600 600w, https:\/\/bdc2020.o0bc.com\/wp-content\/uploads\/2024\/11\/WD6HK67VRFAPDIJ3PYOP7SS5JE-67476ef0f391f.jpg?width=700 700w, https:\/\/bdc2020.o0bc.com\/wp-content\/uploads\/2024\/11\/WD6HK67VRFAPDIJ3PYOP7SS5JE-67476ef0f391f.jpg?width=800 800w, https:\/\/bdc2020.o0bc.com\/wp-content\/uploads\/2024\/11\/WD6HK67VRFAPDIJ3PYOP7SS5JE-67476ef0f391f.jpg?width=900 900w\" sizes=\"auto, (max-width: 1800px) 100vw, 1800px\"\/><figcaption class=\"wp-element-caption\">A su\u00edte principal possui piso vin\u00edlico de baixa manuten\u00e7\u00e3o que imita madeira.<i> \u2013 Est\u00fadio de Fotografia Lightshed<\/i><\/figcaption><\/figure>\n<figure class=\"wp-block-image\"><img loading=\"lazy\" decoding=\"async\" width=\"1200\" height=\"1800\" src=\"https:\/\/bdc2020.o0bc.com\/wp-content\/uploads\/2024\/11\/WNWMBLV4MZFZHBXEDPLMXU2O7U-67476ef8dd6e5.jpg\" alt=\"        Framingham\" class=\"wp-image-32416760\" srcset=\"https:\/\/bdc2020.o0bc.com\/wp-content\/uploads\/2024\/11\/WNWMBLV4MZFZHBXEDPLMXU2O7U-67476ef8dd6e5.jpg?width=200 200w, https:\/\/bdc2020.o0bc.com\/wp-content\/uploads\/2024\/11\/WNWMBLV4MZFZHBXEDPLMXU2O7U-67476ef8dd6e5.jpg?width=300 300w, https:\/\/bdc2020.o0bc.com\/wp-content\/uploads\/2024\/11\/WNWMBLV4MZFZHBXEDPLMXU2O7U-67476ef8dd6e5.jpg?width=400 400w, https:\/\/bdc2020.o0bc.com\/wp-content\/uploads\/2024\/11\/WNWMBLV4MZFZHBXEDPLMXU2O7U-67476ef8dd6e5.jpg?width=500 500w, https:\/\/bdc2020.o0bc.com\/wp-content\/uploads\/2024\/11\/WNWMBLV4MZFZHBXEDPLMXU2O7U-67476ef8dd6e5.jpg?width=600 600w, https:\/\/bdc2020.o0bc.com\/wp-content\/uploads\/2024\/11\/WNWMBLV4MZFZHBXEDPLMXU2O7U-67476ef8dd6e5.jpg?width=700 700w, https:\/\/bdc2020.o0bc.com\/wp-content\/uploads\/2024\/11\/WNWMBLV4MZFZHBXEDPLMXU2O7U-67476ef8dd6e5.jpg?width=800 800w, https:\/\/bdc2020.o0bc.com\/wp-content\/uploads\/2024\/11\/WNWMBLV4MZFZHBXEDPLMXU2O7U-67476ef8dd6e5.jpg?width=900 900w\" sizes=\"auto, (max-width: 1200px) 100vw, 1200px\"\/><figcaption class=\"wp-element-caption\">O banheiro da su\u00edte principal \u00e9 apenas com chuveiro.<i> \u2013 Est\u00fadio de Fotografia Lightshed<\/i><\/figcaption><\/figure>\n<p>O segundo quarto tem 128 p\u00e9s quadrados e oferece duas janelas duplas. Todos os quartos contam com ventiladores de teto e o mesmo piso laminado encontrado em grande parte da unidade.<\/p>\n<p>O terceiro quarto fica fora da sala de estar e tem 172 p\u00e9s quadrados. Ambos os quartos secund\u00e1rios possuem arm\u00e1rios de uma porta.<\/p>\n<figure class=\"wp-block-image\"><img loading=\"lazy\" decoding=\"async\" width=\"1800\" height=\"1200\" src=\"https:\/\/bdc2020.o0bc.com\/wp-content\/uploads\/2024\/11\/MRWX6WO55VDSZEOOUJUVD63RVA-67476f011b7e8.jpg\" alt=\"  \" class=\"wp-image-32416765\" srcset=\"https:\/\/bdc2020.o0bc.com\/wp-content\/uploads\/2024\/11\/MRWX6WO55VDSZEOOUJUVD63RVA-67476f011b7e8.jpg?width=200 200w, https:\/\/bdc2020.o0bc.com\/wp-content\/uploads\/2024\/11\/MRWX6WO55VDSZEOOUJUVD63RVA-67476f011b7e8.jpg?width=300 300w, https:\/\/bdc2020.o0bc.com\/wp-content\/uploads\/2024\/11\/MRWX6WO55VDSZEOOUJUVD63RVA-67476f011b7e8.jpg?width=400 400w, https:\/\/bdc2020.o0bc.com\/wp-content\/uploads\/2024\/11\/MRWX6WO55VDSZEOOUJUVD63RVA-67476f011b7e8.jpg?width=500 500w, https:\/\/bdc2020.o0bc.com\/wp-content\/uploads\/2024\/11\/MRWX6WO55VDSZEOOUJUVD63RVA-67476f011b7e8.jpg?width=600 600w, https:\/\/bdc2020.o0bc.com\/wp-content\/uploads\/2024\/11\/MRWX6WO55VDSZEOOUJUVD63RVA-67476f011b7e8.jpg?width=700 700w, https:\/\/bdc2020.o0bc.com\/wp-content\/uploads\/2024\/11\/MRWX6WO55VDSZEOOUJUVD63RVA-67476f011b7e8.jpg?width=800 800w, https:\/\/bdc2020.o0bc.com\/wp-content\/uploads\/2024\/11\/MRWX6WO55VDSZEOOUJUVD63RVA-67476f011b7e8.jpg?width=900 900w\" sizes=\"auto, (max-width: 1800px) 100vw, 1800px\"\/><figcaption class=\"wp-element-caption\">H\u00e1 um segundo quarto pr\u00f3ximo \u00e0 \u00e1rea de estar.<i> \u2013 Est\u00fadio de Fotografia Lightshed<\/i><\/figcaption><\/figure>\n<p>A unidade possui um deck privativo com vista para o jardim da frente. O condom\u00ednio compartilha o quintal com a outra unidade.<\/p>\n<p>A unidade 2 vem com arrecada\u00e7\u00e3o na cave e dois lugares de estacionamento na garagem recentemente remodelada. (A garagem pertence \u00e0 unidade inferior.)<\/p>\n<figure class=\"wp-block-image\"><img loading=\"lazy\" decoding=\"async\" width=\"1200\" height=\"1800\" src=\"https:\/\/bdc2020.o0bc.com\/wp-content\/uploads\/2024\/11\/G5D4A3T2GREPRDNWAAUJ3PKBL4-67476f0930ab7.jpg\" alt=\"        Framingham\" class=\"wp-image-32416773\" srcset=\"https:\/\/bdc2020.o0bc.com\/wp-content\/uploads\/2024\/11\/G5D4A3T2GREPRDNWAAUJ3PKBL4-67476f0930ab7.jpg?width=200 200w, https:\/\/bdc2020.o0bc.com\/wp-content\/uploads\/2024\/11\/G5D4A3T2GREPRDNWAAUJ3PKBL4-67476f0930ab7.jpg?width=300 300w, https:\/\/bdc2020.o0bc.com\/wp-content\/uploads\/2024\/11\/G5D4A3T2GREPRDNWAAUJ3PKBL4-67476f0930ab7.jpg?width=400 400w, https:\/\/bdc2020.o0bc.com\/wp-content\/uploads\/2024\/11\/G5D4A3T2GREPRDNWAAUJ3PKBL4-67476f0930ab7.jpg?width=500 500w, https:\/\/bdc2020.o0bc.com\/wp-content\/uploads\/2024\/11\/G5D4A3T2GREPRDNWAAUJ3PKBL4-67476f0930ab7.jpg?width=600 600w, https:\/\/bdc2020.o0bc.com\/wp-content\/uploads\/2024\/11\/G5D4A3T2GREPRDNWAAUJ3PKBL4-67476f0930ab7.jpg?width=700 700w, https:\/\/bdc2020.o0bc.com\/wp-content\/uploads\/2024\/11\/G5D4A3T2GREPRDNWAAUJ3PKBL4-67476f0930ab7.jpg?width=800 800w, https:\/\/bdc2020.o0bc.com\/wp-content\/uploads\/2024\/11\/G5D4A3T2GREPRDNWAAUJ3PKBL4-67476f0930ab7.jpg?width=900 900w\" sizes=\"auto, (max-width: 1200px) 100vw, 1200px\"\/><figcaption class=\"wp-element-caption\">A unidade disp\u00f5e de varanda privativa.<i> \u2013 Est\u00fadio de Fotografia Lightshed<\/i><\/figcaption><\/figure>\n<figure class=\"wp-block-image\"><img loading=\"lazy\" decoding=\"async\" width=\"1800\" height=\"1200\" src=\"https:\/\/bdc2020.o0bc.com\/wp-content\/uploads\/2024\/11\/ZBQMA4OZDBC6VECB3J36FWHNTQ-67476f1118409.jpg\" alt=\"  \" class=\"wp-image-32416776\" srcset=\"https:\/\/bdc2020.o0bc.com\/wp-content\/uploads\/2024\/11\/ZBQMA4OZDBC6VECB3J36FWHNTQ-67476f1118409.jpg?width=200 200w, https:\/\/bdc2020.o0bc.com\/wp-content\/uploads\/2024\/11\/ZBQMA4OZDBC6VECB3J36FWHNTQ-67476f1118409.jpg?width=300 300w, https:\/\/bdc2020.o0bc.com\/wp-content\/uploads\/2024\/11\/ZBQMA4OZDBC6VECB3J36FWHNTQ-67476f1118409.jpg?width=400 400w, https:\/\/bdc2020.o0bc.com\/wp-content\/uploads\/2024\/11\/ZBQMA4OZDBC6VECB3J36FWHNTQ-67476f1118409.jpg?width=500 500w, https:\/\/bdc2020.o0bc.com\/wp-content\/uploads\/2024\/11\/ZBQMA4OZDBC6VECB3J36FWHNTQ-67476f1118409.jpg?width=600 600w, https:\/\/bdc2020.o0bc.com\/wp-content\/uploads\/2024\/11\/ZBQMA4OZDBC6VECB3J36FWHNTQ-67476f1118409.jpg?width=700 700w, https:\/\/bdc2020.o0bc.com\/wp-content\/uploads\/2024\/11\/ZBQMA4OZDBC6VECB3J36FWHNTQ-67476f1118409.jpg?width=800 800w, https:\/\/bdc2020.o0bc.com\/wp-content\/uploads\/2024\/11\/ZBQMA4OZDBC6VECB3J36FWHNTQ-67476f1118409.jpg?width=900 900w\" sizes=\"auto, (max-width: 1800px) 100vw, 1800px\"\/><figcaption class=\"wp-element-caption\">Os propriet\u00e1rios das unidades compartilham o quintal.<i> \u2013 Est\u00fadio de Fotografia Lightshed<\/i><\/figcaption><\/figure>\n<p>A pr\u00f3pria propriedade de Framingham tamb\u00e9m est\u00e1 sendo colocada \u00e0 venda para duas fam\u00edlias por US$ 1.750.000. Os m\u00f3veis podem ser adquiridos em uma transa\u00e7\u00e3o separada.<\/p>\n<p>A taxa de associa\u00e7\u00e3o inclui seguro de \u00e1gua, esgoto e constru\u00e7\u00e3o. As canaliza\u00e7\u00f5es, electricidade, aquecimento e ar condicionado, gesso cartonado, acabamentos, portas, cozinhas e banhos s\u00e3o novas. A casa tem aquecimento de ar quente for\u00e7ado a g\u00e1s e ar condicionado el\u00e9trico.<\/p>\n<p><a href=\"https:\/\/creativeliving.kw.com\/\" target=\"_blank\">Kathleen Alexandre<\/a>diretor da Creative Living Team da Keller Williams Metro-Boston, est\u00e1 listado em Framingham.<\/p>\n<p><i>Siga John R. Ellement no X<\/i><a href=\"http:\/\/www.twitter.com\/JREbosglobe\"><i>  @JREbosglobe<\/i><\/a><i>. Envie listagens para <\/i><a href=\"http:\/\/www.boston.com\/cdn-cgi\/l\/email-protection#2f4740424a40495b474a584a4a446f4843404d4a014c4042\" target=\"_blank\"><i><span class=\"__cf_email__\" data-cfemail=\"432b2c2e262c25372b263426262803242f2c21266d202c2e\">[email\u00a0protected]<\/span><\/i><\/a><i>. Observa\u00e7\u00e3o: n\u00e3o apresentamos casas n\u00e3o mobiliadas, a menos que sejam constru\u00e7\u00f5es novas ou reformas e n\u00e3o responderemos a solicita\u00e7\u00f5es que n\u00e3o aceitaremos.<\/i><\/p>\n<div class=\"m-block m-generic-cta\t m-generic-cta--post-content\t m-generic-cta--dark\t m-generic-cta--homepage\t m-generic-cta--email-signup\t\t m-generic-cta-block-style--default \tt-amp__generic-cta\"><\/p>\n<div class=\"m-generic-cta__wrap\">\n<div class=\"m-generic-cta__content\">\n<h3 class=\"m-generic-cta__title\">Boletim informativo de endere\u00e7o<\/h3>\n<p class=\"m-generic-cta__subtitle\">Receba as \u00faltimas not\u00edcias sobre compra, venda, aluguel, design de casas e muito mais.<\/p>\n<\/p><\/div>\n<\/p><\/div>\n<\/div><\/div>\n<p><script async src=\"\/\/platform.twitter.com\/widgets.js\" charset=\"utf-8\"><\/script><script>\n\t\tvar consent=\"grant\";\n\t\t\/* The above code is parsing the JSON data from the local storage and storing it in a variable. *\/\n\t\t\t\t\tconst onetrustStorageConsent = JSON.parse(localStorage.getItem( 'consent_one_trust_bdc' ) );\n\t\t\tif ( ( onetrustStorageConsent !== null ) ) {\n\t\t\t\t\/* Checking to see if the user has consented to the use of cookies.\n\t\t\t\t* If they have not, it is deleting the cookie.\n\t\t\t\t* This will comment for now, until further notice.\n\t\t\t\t*\/\n\t\t\t\t\/\/if ( onetrustStorageConsent.C0002 === false ) {\n\t\t\t\t\/\/\tdocument.cookie=\"_fbp=;expires=Thu, 01 Jan 2010 00:00:00 UTC; path=\/; domain=.boston.com\";\n\t\t\t\t\/\/}\n\t\t\t\t\/* Checking if the user has given consent for the cookie C0002.\n\t\t\t\t* If the user has given consent, the variable consent will be set to 'grant'.\n\t\t\t\t* If the user has not given consent,the variable consent will be set to 'revoke'.\n\t\t\t\t* Documentation https:\/\/developers.facebook.com\/docs\/meta-pixel\/implementation\/gdpr\n\t\t\t\t*\/\n\t\t\t\tif ( onetrustStorageConsent.C0002 !== true ) {\n\t\t\t\t\tconsent=\"revoke\";\n\t\t\t\t}\n\t\t\t}\n\t\t\t\t!function(f,b,e,v,n,t,s)\n\t\t{if(f.fbq)return;n=f.fbq=function(){n.callMethod?\n\t\tn.callMethod.apply(n,arguments):n.queue.push(arguments)};\n\t\tif(!f._fbq)f._fbq=n;n.push=n;n.loaded=!0;n.version='2.0';\n\t\tn.queue=[];t=b.createElement(e);t.async=!0;\n\t\tt.src=v;s=b.getElementsByTagName(e)[0];\n\t\ts.parentNode.insertBefore(t,s)}(window, document,'script',\n\t\t'https:\/\/connect.facebook.net\/en_US\/fbevents.js');\n\t\tfbq('consent', consent);\n\t\tfbq('init', '989222871864976');\n\t\tfbq('track', 'PageView');\n\t<\/script><script type=\"module\">\n\t\tvar consent=\"grant\";\n\t\t\/* The above code is parsing the JSON data from the local storage and storing it in a variable. *\/\n\t\t\tconst onetrustStorageConsent = JSON.parse(localStorage.getItem( 'consent_one_trust_bdc' ) );\n\t\t\t\/* Checking to see if the user has consented to the use of cookies.\n\t\t\t* If they have not, it is deleting the cookie.\n\t\t\t* This will comment for now, until further notice.\n\t\t\t*\/\n\t\t\t\/\/if ( onetrustStorageConsent.C0002 === false ) {\n\t\t\t\/\/\tdocument.cookie=\"_fbp=;expires=Thu, 01 Jan 2010 00:00:00 UTC; path=\/; domain=.boston.com\";\n\t\t\t\/\/}\n\t\t\t\/* Checking if the user has given consent for the cookie C0002.\n\t\t\t* If the user has given consent, the variable consent will be set to 'grant'.\n\t\t\t* If the user has not given consent,the variable consent will be set to 'revoke'.\n\t\t\t* Documentation https:\/\/developers.facebook.com\/docs\/meta-pixel\/implementation\/gdpr\n\t\t\t*\/\n\t\t\tif ( ( onetrustStorageConsent !== null ) && (onetrustStorageConsent.C0002 !== true ) ) {\n\t\t\t\tconsent=\"revoke\";\n\t\t\t}\n\t\t\t\t!function(f,b,e,v,n,t,s){if(f.fbq)return;n=f.fbq=function()\n\t\t{n.callMethod? n.callMethod.apply(n,arguments):n.queue.push(arguments)}\n\t\t;if(!f._fbq)f._fbq=n;\n\t\tn.push=n;n.loaded=!0;n.version='2.0';n.queue=[];t=b.createElement(e);t.async=!0;\n\t\tt.src=v;s=b.getElementsByTagName(e)[0];s.parentNode.insertBefore(t,s)}(window,\n\t\tdocument,'script','https:\/\/connect.facebook.net\/en_US\/fbevents.js');\n\t\tfbq('consent', consent);\n\t\tfbq('init', '813236348753005');\n\t\tfbq('track', \"PageView\");\n\t<\/script><br \/>\n<br \/><br \/>\n<br \/><a href=\"https:\/\/www.boston.com\/real-estate\/home-of-the-week\/2024\/11\/27\/home-of-week-framingham-condo-under-600k\/\">Source link <\/a><\/p>","protected":false},"excerpt":{"rendered":"<p>Casa da semana A propriedade vem com arrecada\u00e7\u00e3o na cave, estacionamento, m\u00e1quina de lavar e secar roupa na unidade e novos sistemas de canaliza\u00e7\u00e3o, eletricidade, aquecimento e ar condicionado. A&hellip;<\/p>","protected":false},"author":1,"featured_media":66994,"comment_status":"closed","ping_status":"open","sticky":false,"template":"","format":"standard","meta":{"content-type":"","footnotes":""},"categories":[1],"tags":[],"class_list":["post-66993","post","type-post","status-publish","format-standard","has-post-thumbnail","hentry","category-uncategorized"],"_links":{"self":[{"href":"https:\/\/tvbrazilusa.com\/pt\/wp-json\/wp\/v2\/posts\/66993","targetHints":{"allow":["GET"]}}],"collection":[{"href":"https:\/\/tvbrazilusa.com\/pt\/wp-json\/wp\/v2\/posts"}],"about":[{"href":"https:\/\/tvbrazilusa.com\/pt\/wp-json\/wp\/v2\/types\/post"}],"author":[{"embeddable":true,"href":"https:\/\/tvbrazilusa.com\/pt\/wp-json\/wp\/v2\/users\/1"}],"replies":[{"embeddable":true,"href":"https:\/\/tvbrazilusa.com\/pt\/wp-json\/wp\/v2\/comments?post=66993"}],"version-history":[{"count":1,"href":"https:\/\/tvbrazilusa.com\/pt\/wp-json\/wp\/v2\/posts\/66993\/revisions"}],"predecessor-version":[{"id":66995,"href":"https:\/\/tvbrazilusa.com\/pt\/wp-json\/wp\/v2\/posts\/66993\/revisions\/66995"}],"wp:featuredmedia":[{"embeddable":true,"href":"https:\/\/tvbrazilusa.com\/pt\/wp-json\/wp\/v2\/media\/66994"}],"wp:attachment":[{"href":"https:\/\/tvbrazilusa.com\/pt\/wp-json\/wp\/v2\/media?parent=66993"}],"wp:term":[{"taxonomy":"category","embeddable":true,"href":"https:\/\/tvbrazilusa.com\/pt\/wp-json\/wp\/v2\/categories?post=66993"},{"taxonomy":"post_tag","embeddable":true,"href":"https:\/\/tvbrazilusa.com\/pt\/wp-json\/wp\/v2\/tags?post=66993"}],"curies":[{"name":"wp","href":"https:\/\/api.w.org\/{rel}","templated":true}]}}