{"id":6723,"date":"2022-12-29T13:00:03","date_gmt":"2022-12-29T13:00:03","guid":{"rendered":"https:\/\/tvbrazilusa.com\/2022\/12\/29\/o-legislativo-vai-reagir-paulo-figueiredo-fala-sobre-anulacao-do-congresso-pelo-stf\/"},"modified":"2022-12-29T13:00:03","modified_gmt":"2022-12-29T13:00:03","slug":"o-legislativo-vai-reagir-paulo-figueiredo-fala-sobre-anulacao-do-congresso-pelo-stf","status":"publish","type":"post","link":"https:\/\/tvbrazilusa.com\/pt\/2022\/12\/29\/o-legislativo-vai-reagir-paulo-figueiredo-fala-sobre-anulacao-do-congresso-pelo-stf\/","title":{"rendered":"O LEGISLATIVO VAI REAGIR? &#8211; Paulo Figueiredo Fala Sobre Anula\u00e7\u00e3o do Congresso pelo STF"},"content":{"rendered":"<p><iframe  width=\"580\" height=\"385\" src=\"https:\/\/www.youtube.com\/embed\/3EJ_6OA0lN8?modestbranding=1\" frameborder=\"0\" allowfullscreen><\/iframe><br \/>\n<br \/>Conhe\u00e7a o meu Curso &#8220;O Fim da Am\u00e9rica e do Mundo Como Conhecemos&#8221;:<\/p>\n<p>Conhe\u00e7a os meus cursos e me siga nas redes sociais: &#8211;<\/p>\n<p>Participa\u00e7\u00e3o no programa &#8220;Os Pingos nos Is&#8221;, da Jovem Pan, em 20\/12\/2022. Assista completo em: <\/p>\n<p>#euabr #euabrasil #politicaamericana #direita #california #brasil #politicaeua #acaradariqueza #bolsonaro #santabarbara #politicadireita #bolsonaro2018 #bolsonaropresidente #conservador #bolsonaropresidente2018 #mito #politica #bolsas #jairbolsonaro #reenvioparavoc\u00ea #elesim #reenviodecompras #elei\u00e7\u00f5es2018 #redirecionamento #eduardobolsonaro #liberdadedeexpressao #jornalismo #jovempan #politicainternacional #brasileirosnoseua<br \/>\n<br \/><a href=\"https:\/\/www.youtube.com\/watch?v=3EJ_6OA0lN8\">source<\/a><\/p>","protected":false},"excerpt":{"rendered":"<p>Conhe\u00e7a o meu Curso &#8220;O Fim da Am\u00e9rica e do Mundo Como Conhecemos&#8221;: Conhe\u00e7a os meus cursos e me siga nas redes sociais: &#8211; Participa\u00e7\u00e3o no programa &#8220;Os Pingos nos&hellip;<\/p>","protected":false},"author":1,"featured_media":6724,"comment_status":"","ping_status":"open","sticky":false,"template":"","format":"standard","meta":{"content-type":"","footnotes":""},"categories":[18],"tags":[],"class_list":["post-6723","post","type-post","status-publish","format-standard","has-post-thumbnail","hentry","category-paulo-figueiredo"],"_links":{"self":[{"href":"https:\/\/tvbrazilusa.com\/pt\/wp-json\/wp\/v2\/posts\/6723","targetHints":{"allow":["GET"]}}],"collection":[{"href":"https:\/\/tvbrazilusa.com\/pt\/wp-json\/wp\/v2\/posts"}],"about":[{"href":"https:\/\/tvbrazilusa.com\/pt\/wp-json\/wp\/v2\/types\/post"}],"author":[{"embeddable":true,"href":"https:\/\/tvbrazilusa.com\/pt\/wp-json\/wp\/v2\/users\/1"}],"replies":[{"embeddable":true,"href":"https:\/\/tvbrazilusa.com\/pt\/wp-json\/wp\/v2\/comments?post=6723"}],"version-history":[{"count":0,"href":"https:\/\/tvbrazilusa.com\/pt\/wp-json\/wp\/v2\/posts\/6723\/revisions"}],"wp:featuredmedia":[{"embeddable":true,"href":"https:\/\/tvbrazilusa.com\/pt\/wp-json\/wp\/v2\/media\/6724"}],"wp:attachment":[{"href":"https:\/\/tvbrazilusa.com\/pt\/wp-json\/wp\/v2\/media?parent=6723"}],"wp:term":[{"taxonomy":"category","embeddable":true,"href":"https:\/\/tvbrazilusa.com\/pt\/wp-json\/wp\/v2\/categories?post=6723"},{"taxonomy":"post_tag","embeddable":true,"href":"https:\/\/tvbrazilusa.com\/pt\/wp-json\/wp\/v2\/tags?post=6723"}],"curies":[{"name":"wp","href":"https:\/\/api.w.org\/{rel}","templated":true}]}}