{"id":67290,"date":"2024-11-28T07:30:00","date_gmt":"2024-11-28T07:30:00","guid":{"rendered":"https:\/\/tvbrazilusa.com\/2024\/11\/28\/horario-da-lowes-black-friday-2024-o-que-saber-antes-de-ir-a-loja\/"},"modified":"2024-11-28T07:47:39","modified_gmt":"2024-11-28T07:47:39","slug":"horario-da-lowes-black-friday-2024-o-que-saber-antes-de-ir-a-loja","status":"publish","type":"post","link":"https:\/\/tvbrazilusa.com\/pt\/2024\/11\/28\/horario-da-lowes-black-friday-2024-o-que-saber-antes-de-ir-a-loja\/","title":{"rendered":"Hor\u00e1rio da Lowe&#8217;s Black Friday 2024: o que saber antes de ir \u00e0 loja"},"content":{"rendered":"<script async src=\"https:\/\/pagead2.googlesyndication.com\/pagead\/js\/adsbygoogle.js?client=ca-pub-8864793242727901\"\r\n     crossorigin=\"anonymous\"><\/script>\n<div>\n<p class=\"article__paragraph article__paragraph--left\" id=\"47A2Y7LWE5HMNLEVSJW6XA6JKU\">A Black Friday 2024 est\u00e1 chegando, em 29 de novembro, e isso significa que a Lowe&#8217;s est\u00e1 se preparando para o grande evento de vendas.<\/p>\n<p class=\"article__paragraph article__paragraph--left\" id=\"NYFEVONRZNHI5JG267AJR64JZ4\">O  est\u00e1 se preparando para oferecer grandes neg\u00f3cios em toda a loja na sexta-feira.<\/p>\n<p class=\"article__paragraph article__paragraph--left\" id=\"5IBSYZW2OJDUBJ4JFI32FXXDTU\">Os f\u00e3s de Lowe&#8217;s podem ir at\u00e9 l\u00e1 para obter descontos em m\u00f3veis, necessidades de reforma, decora\u00e7\u00e3o de f\u00e9rias e eletrodom\u00e9sticos.<\/p>\n<p class=\"article__paragraph article__paragraph--left\" id=\"OAJ3HXPQWBHYXMBF3TYSEMUFDE\">Se voc\u00ea est\u00e1 planejando seu dia de compras agora, aqui est\u00e1 tudo o que voc\u00ea precisa saber sobre o hor\u00e1rio de funcionamento da Lowe&#8217;s na Black Friday.<\/p>\n<h2 class=\"article-heading\">A que horas o Kohl&#8217;s abre na Black Friday 2024?<\/h2>\n<p class=\"article__paragraph article__paragraph--left\" id=\"7HXL3A3AMVGYRIHKO4UDCWB3CQ\">Os compradores podem visitar a Lowe&#8217;s no in\u00edcio da Black Friday deste ano.<\/p>\n<p class=\"article__paragraph article__paragraph--left\" id=\"2JJTD7W4BRDY5BSCZDRXOQXFOE\">As lojas Lowe&#8217;s ser\u00e3o <b>aberto das 6h \u00e0s 22h<\/b>assim como o concorrente The Home Depot, para compras antecipadas, <a href=\"https:\/\/www.nj.com\/business\/2023\/11\/what-time-does-lowes-open-on-black-friday-2023.html\" target=\"_blank\">semelhante ao hor\u00e1rio do ano passado<\/a>.<\/p>\n<p class=\"article__paragraph article__paragraph--left\" id=\"2PBI7JN67ZGBZPRFIAHC22VBWU\">Quem quiser fazer compras na loja na Black Friday para conseguir todas as ofertas pode .<\/p>\n<section class=\"Stories-By-Section-Tag-module_wrapper__69Ed7 Stories-By-Section-Tag-module_nj__RFbQx\"\/>\n<p class=\"article__paragraph article__paragraph--left\" id=\"NJN6YX4WNZHQNIYXZFGBSOBJYQ\"><i>Nosso jornalismo precisa do seu apoio. Por favor, inscreva-se hoje para <\/i><a href=\"https:\/\/www.nj.com\/\" target=\"_blank\"><i>NJ.com<\/i><\/a><i>.<\/i><\/p>\n<p class=\"article__paragraph article__paragraph--left\" id=\"FDLKHYDAEBHMTA2EC3G5DF6EE4\"><i>Victoria Rosenthal pode ser contatada em <\/i><a href=\"https:\/\/www.nj.com\/business\/2024\/11\/mailto:vrosenthal@njadvancemedia.com\" target=\"_blank\"><i>vrosenthal@njadvancemedia.com<\/i><\/a><i>. Tem uma dica? Conte-nos em <\/i><a href=\"https:\/\/www.nj.com\/tips\/\" target=\"_blank\"><i>nj.com\/tips<\/i><\/a><i>.<\/i><\/p>\n<\/div>\n<p><br \/>\n<br \/><a href=\"https:\/\/www.nj.com\/business\/2024\/11\/lowes-black-friday-hours-2024-what-to-know-before-you-go-to-the-store.html\">Source link <\/a><\/p>","protected":false},"excerpt":{"rendered":"<p>A Black Friday 2024 est\u00e1 chegando, em 29 de novembro, e isso significa que a Lowe&#8217;s est\u00e1 se preparando para o grande evento de vendas. O est\u00e1 se preparando para&hellip;<\/p>","protected":false},"author":1,"featured_media":67291,"comment_status":"closed","ping_status":"open","sticky":false,"template":"","format":"standard","meta":{"content-type":"","footnotes":""},"categories":[1],"tags":[],"class_list":["post-67290","post","type-post","status-publish","format-standard","has-post-thumbnail","hentry","category-uncategorized"],"_links":{"self":[{"href":"https:\/\/tvbrazilusa.com\/pt\/wp-json\/wp\/v2\/posts\/67290","targetHints":{"allow":["GET"]}}],"collection":[{"href":"https:\/\/tvbrazilusa.com\/pt\/wp-json\/wp\/v2\/posts"}],"about":[{"href":"https:\/\/tvbrazilusa.com\/pt\/wp-json\/wp\/v2\/types\/post"}],"author":[{"embeddable":true,"href":"https:\/\/tvbrazilusa.com\/pt\/wp-json\/wp\/v2\/users\/1"}],"replies":[{"embeddable":true,"href":"https:\/\/tvbrazilusa.com\/pt\/wp-json\/wp\/v2\/comments?post=67290"}],"version-history":[{"count":1,"href":"https:\/\/tvbrazilusa.com\/pt\/wp-json\/wp\/v2\/posts\/67290\/revisions"}],"predecessor-version":[{"id":67292,"href":"https:\/\/tvbrazilusa.com\/pt\/wp-json\/wp\/v2\/posts\/67290\/revisions\/67292"}],"wp:featuredmedia":[{"embeddable":true,"href":"https:\/\/tvbrazilusa.com\/pt\/wp-json\/wp\/v2\/media\/67291"}],"wp:attachment":[{"href":"https:\/\/tvbrazilusa.com\/pt\/wp-json\/wp\/v2\/media?parent=67290"}],"wp:term":[{"taxonomy":"category","embeddable":true,"href":"https:\/\/tvbrazilusa.com\/pt\/wp-json\/wp\/v2\/categories?post=67290"},{"taxonomy":"post_tag","embeddable":true,"href":"https:\/\/tvbrazilusa.com\/pt\/wp-json\/wp\/v2\/tags?post=67290"}],"curies":[{"name":"wp","href":"https:\/\/api.w.org\/{rel}","templated":true}]}}