{"id":67304,"date":"2024-11-28T10:15:44","date_gmt":"2024-11-28T10:15:44","guid":{"rendered":"https:\/\/tvbrazilusa.com\/2024\/11\/28\/mark-zuckerberg-diz-reconhecer-que-trump-e-agente-de-mudanca-e-prosperidade\/"},"modified":"2024-11-28T10:15:45","modified_gmt":"2024-11-28T10:15:45","slug":"mark-zuckerberg-diz-reconhecer-que-trump-e-agente-de-mudanca-e-prosperidade","status":"publish","type":"post","link":"https:\/\/tvbrazilusa.com\/pt\/2024\/11\/28\/mark-zuckerberg-diz-reconhecer-que-trump-e-agente-de-mudanca-e-prosperidade\/","title":{"rendered":"Mark Zuckerberg diz reconhecer que Trump \u00e9 agente de mudan\u00e7a e prosperidade"},"content":{"rendered":"<p> <script async src=\"https:\/\/pagead2.googlesyndication.com\/pagead\/js\/adsbygoogle.js?client=ca-pub-8864793242727901\"\r\n     crossorigin=\"anonymous\"><\/script><br \/>\n<\/p>\n<div id=\"taboola-read-more\" style=\"display:block; width:100%\">\n<p>Mark Zuckerberg, CEO da Meta, dona do Facebook, Instagram, WhatsApp e Threads, esteve em Mar-a-Lago nesta quarta-feira (27) para um encontro com o presidente eleito dos Estados Unidos, Donald Trump.\n<\/p>\n<p>A reuni\u00e3o, confirmada por Stephen Miller, conselheiro de Trump, turbina o movimento de magnatas da tecnologia e grandes empres\u00e1rios que est\u00e3o aproximando-se do bloco republicano.<\/p>\n<p>Segundo Miller, Zuckerberg reconheceu a lideran\u00e7a de Trump, referindo-se a ele como um \u201cagente de mudan\u00e7a e prosperidade\u201d e manifestou interesse em participar dessa agenda. \u201cEu quero fazer parte disso\u201d, teria dito o propriet\u00e1rio da Meta.\n<\/p>\n<p>Elon Musk, CEO da Tesla e da SpaceX, foi um dos pioneiros da tecnologia a se aproximar de Trump e do Partido Republicano. Ap\u00f3s anos defendendo candidatos progressistas, Musk mudou o tom, investindo contra o Partido Democrata e declarando apoio aberto a republicanos em diversas regi\u00f5es do pa\u00eds.<\/p>\n<p>Fonte: Conex\u00e3o Pol\u00edtica              <\/p>\n<\/div>\n<p><br \/>\n<br \/><a href=\"https:\/\/diariodobrasilnoticias.com.br\/noticia\/mark-zuckerberg-diz-reconhecer-que-trump-e-agente-de-mudanca-e-prosperidade-674840e9b7117\">Source link <\/a><\/p>","protected":false},"excerpt":{"rendered":"<p>Mark Zuckerberg, CEO da Meta, dona do Facebook, Instagram, WhatsApp e Threads, esteve em Mar-a-Lago nesta quarta-feira (27) para um encontro com o presidente eleito dos Estados Unidos, Donald Trump.&hellip;<\/p>","protected":false},"author":1,"featured_media":67305,"comment_status":"closed","ping_status":"open","sticky":false,"template":"","format":"standard","meta":{"content-type":"","footnotes":""},"categories":[16],"tags":[123,2448,5313,1267],"class_list":["post-67304","post","type-post","status-publish","format-standard","has-post-thumbnail","hentry","category-noticias","tag-brasil","tag-diario","tag-noticia","tag-noticias"],"_links":{"self":[{"href":"https:\/\/tvbrazilusa.com\/pt\/wp-json\/wp\/v2\/posts\/67304","targetHints":{"allow":["GET"]}}],"collection":[{"href":"https:\/\/tvbrazilusa.com\/pt\/wp-json\/wp\/v2\/posts"}],"about":[{"href":"https:\/\/tvbrazilusa.com\/pt\/wp-json\/wp\/v2\/types\/post"}],"author":[{"embeddable":true,"href":"https:\/\/tvbrazilusa.com\/pt\/wp-json\/wp\/v2\/users\/1"}],"replies":[{"embeddable":true,"href":"https:\/\/tvbrazilusa.com\/pt\/wp-json\/wp\/v2\/comments?post=67304"}],"version-history":[{"count":1,"href":"https:\/\/tvbrazilusa.com\/pt\/wp-json\/wp\/v2\/posts\/67304\/revisions"}],"predecessor-version":[{"id":67306,"href":"https:\/\/tvbrazilusa.com\/pt\/wp-json\/wp\/v2\/posts\/67304\/revisions\/67306"}],"wp:featuredmedia":[{"embeddable":true,"href":"https:\/\/tvbrazilusa.com\/pt\/wp-json\/wp\/v2\/media\/67305"}],"wp:attachment":[{"href":"https:\/\/tvbrazilusa.com\/pt\/wp-json\/wp\/v2\/media?parent=67304"}],"wp:term":[{"taxonomy":"category","embeddable":true,"href":"https:\/\/tvbrazilusa.com\/pt\/wp-json\/wp\/v2\/categories?post=67304"},{"taxonomy":"post_tag","embeddable":true,"href":"https:\/\/tvbrazilusa.com\/pt\/wp-json\/wp\/v2\/tags?post=67304"}],"curies":[{"name":"wp","href":"https:\/\/api.w.org\/{rel}","templated":true}]}}