{"id":67310,"date":"2024-11-28T10:27:36","date_gmt":"2024-11-28T10:27:36","guid":{"rendered":"https:\/\/tvbrazilusa.com\/2024\/11\/28\/mae-progressista-muda-de-opiniao-sobre-transgeneros-em-banheiros-femininos-apos-incidente-envolvendo-sua-filha-de-9-anos\/"},"modified":"2024-11-28T10:27:37","modified_gmt":"2024-11-28T10:27:37","slug":"mae-progressista-muda-de-opiniao-sobre-transgeneros-em-banheiros-femininos-apos-incidente-envolvendo-sua-filha-de-9-anos","status":"publish","type":"post","link":"https:\/\/tvbrazilusa.com\/pt\/2024\/11\/28\/mae-progressista-muda-de-opiniao-sobre-transgeneros-em-banheiros-femininos-apos-incidente-envolvendo-sua-filha-de-9-anos\/","title":{"rendered":"M\u00e3e &#8216;progressista&#8217; muda de opini\u00e3o sobre transg\u00eaneros em banheiros femininos ap\u00f3s incidente envolvendo sua filha de 9 anos"},"content":{"rendered":"<p> <script async src=\"https:\/\/pagead2.googlesyndication.com\/pagead\/js\/adsbygoogle.js?client=ca-pub-8864793242727901\"\r\n     crossorigin=\"anonymous\"><\/script><br \/>\n<\/p>\n<div id=\"taboola-read-more\" style=\"display:block; width:100%\">\n<p>A empres\u00e1ria Andressa Favorito, de Curitiba, \u00e9 assumidamente \u201cprogressista\u201d. Sempre defendeu liberdade de todos os indiv\u00edduos expressarem seu g\u00eanero. No entanto, viu-se obrigada a repensar sobre os transg\u00eaneros quando um homem de 27 anos, em transi\u00e7\u00e3o de g\u00eanero, entrou no vesti\u00e1rio onde sua filha, de 9 anos, tomava banho com as amigas.\n<\/p>\n<p>\u201cN\u00e3o me considero uma pessoa conservadora, transito em ambientes totalmente inclusivos\u201d, disse a empres\u00e1ria. Ela foi convidada a depor, na \u00faltima ter\u00e7a-feira, 26, em sess\u00e3o legislativa na C\u00e2mara dos Deputados, cujo tema foi o compartilhamento de banheiro feminino com transg\u00eaneros.<\/p>\n<p>A filha de Andressa pratica nado art\u00edstico desde os 2 anos e treina em uma das maiores escolas de nata\u00e7\u00e3o da capital paranaense. A equipe \u00e9 formada majoritariamente por meninas, a partir dos 7 anos, e cont\u00e9m apenas algumas adultas.\n<\/p>\n<p>Todavia, sempre houve incentivo para a participa\u00e7\u00e3o de meninos. O nado art\u00edstico, antes um esporte exclusivamente feminino, passou a ter homens nas competi\u00e7\u00f5es no fim de 2022, por decis\u00e3o do Comit\u00ea Ol\u00edmpico Internacional (COI). \u201cA gente sempre foi uma equipe inclusiva\u201d, diz Andressa.\n<\/p>\n<p>Homem entrou no banheiro onde meninas tomavam banho<br \/>Um dos homens da equipe come\u00e7ou a transi\u00e7\u00e3o de g\u00eanero. Segundo a empres\u00e1ria, tanto as atletas quanto as m\u00e3es aceitaram a novidade. \u201cAcolhemos ele desde o in\u00edcio e come\u00e7amos a chamar pelo pronome feminino tamb\u00e9m\u201d, disse.\n<\/p>\n<p>At\u00e9 que, depois de uma tarde de treino, o homem decidiu ir ao mesmo banheiro em que seis meninas, com idades entre 7 e 12 anos, tomavam banho. As crian\u00e7as, antes acostumadas a tomarem banho juntas, \u201cse cobriram, n\u00e3o sabiam como agir\u201d, segundo Andressa.\n<\/p>\n<p>O homem j\u00e1 havia implantado pr\u00f3teses mam\u00e1rias, usava saias e estava passando batom, apesar de ter mantido o namoro com uma menina durante a transi\u00e7\u00e3o. \u201c\u00c9 um homem\u201d, diz Andressa. \u201cTodas elas conheciam ele como um menino, por mais que chamassem ele por um pronome feminino.\u201d\n<\/p>\n<p>Assim, caladas, as meninas e mulheres esperaram o homem identificado como mulher sair do banheiro para poderem voltar a tomar banho \u2014 mas de mai\u00f4. As garotas continuaram a tomar banho de mai\u00f4 por muitos meses. Andressa diz ter sentido um medo pela seguran\u00e7a da pr\u00f3pria filha.\n<\/p>\n<p>\u201cEssas meninas lavam a cabe\u00e7a uma da outra, brincam de jogar espuma uma na outra, emprestam artigos pessoais uma para a outra, uma faz trancinhas no cabelo da outra\u201d, disse a empres\u00e1ria, sobre a viv\u00eancia nos vesti\u00e1rios antes do incidente. Os banheiros da escola eram \u201cum espa\u00e7o t\u00e3o bonito de intimidade, de seguran\u00e7a, de meninas\u201d.\n<\/p>\n<p>Mas o cen\u00e1rio mudou depois do incidente. Das seis crian\u00e7as, algumas pensaram em desistir do nado art\u00edstico, outras passaram a se recusar a tomar banho na escola e v\u00e1rias precisaram de apoio terap\u00eautico depois de terem sido vistas nuas em um banheiro por um homem.\n<\/p>\n<p>N\u00e3o era o \u00fanico banheiro do local. De acordo com Andressa, h\u00e1 pelo menos mais sete dispon\u00edveis na escola. Todos estavam praticamente vazios na hora do incidente.\n<\/p>\n<p>O medo de falar sobre a presen\u00e7a de transg\u00eaneros em banheiros<br \/>\u201cTodas nos sentimos coagidas a n\u00e3o falar nada\u201d, diz Andressa, referindo-se a transg\u00eaneros. Mas a preocupa\u00e7\u00e3o com as crian\u00e7as falou mais alto, e a diretoria decidiu pedir ao homem em transi\u00e7\u00e3o de g\u00eanero que sa\u00edsse da equipe. As seis meninas relataram a hist\u00f3ria ao N\u00facleo da Crian\u00e7a e do Adolescente, para a formaliza\u00e7\u00e3o de um boletim de ocorr\u00eancia.\n<\/p>\n<p>Andressa conta que a decis\u00e3o, por sua vez, veio acompanhada do medo de multas, processos e exposi\u00e7\u00e3o negativa.\u00a0\n<\/p>\n<p>Algumas pessoas pr\u00f3ximas \u00e0 empres\u00e1ria chegaram a acus\u00e1-la de transfobia, ao que ela reage: \u201cAs pessoas est\u00e3o muito mais preparadas para silenciar a gente, as mulheres, e proteger os homens que se autodeclaram mulheres, do que proteger as meninas, que s\u00e3o totalmente vulner\u00e1veis\u201d.\u00a0\n<\/p>\n<p>Ao fim do depoimento, Andressa agradeceu aos deputados Nikolas Ferreira (PL\/MG) e Capit\u00e3o Alden (PL\/BA) por trazerem a pauta \u00e0 C\u00e2mara. \u201cLamento que os pol\u00edticos mais \u2018progressistas\u2019 estejam se esquivando desse assunto\u201d, concluiu.\u00a0<\/p>\n<p>Fonte: Revista Oeste              <\/p>\n<\/div>\n<p><br \/>\n<br \/><a href=\"https:\/\/diariodobrasilnoticias.com.br\/noticia\/mae-progressista-muda-de-opiniao-sobre-transgeneros-em-banheiros-femininos-apos-incidente-envolvendo-sua-filha-de-9-anos-674842a8ab277\">Source link <\/a><\/p>","protected":false},"excerpt":{"rendered":"<p>A empres\u00e1ria Andressa Favorito, de Curitiba, \u00e9 assumidamente \u201cprogressista\u201d. Sempre defendeu liberdade de todos os indiv\u00edduos expressarem seu g\u00eanero. No entanto, viu-se obrigada a repensar sobre os transg\u00eaneros quando um&hellip;<\/p>","protected":false},"author":1,"featured_media":67311,"comment_status":"closed","ping_status":"open","sticky":false,"template":"","format":"standard","meta":{"content-type":"","footnotes":""},"categories":[16],"tags":[123,2448,5313,1267],"class_list":["post-67310","post","type-post","status-publish","format-standard","has-post-thumbnail","hentry","category-noticias","tag-brasil","tag-diario","tag-noticia","tag-noticias"],"_links":{"self":[{"href":"https:\/\/tvbrazilusa.com\/pt\/wp-json\/wp\/v2\/posts\/67310","targetHints":{"allow":["GET"]}}],"collection":[{"href":"https:\/\/tvbrazilusa.com\/pt\/wp-json\/wp\/v2\/posts"}],"about":[{"href":"https:\/\/tvbrazilusa.com\/pt\/wp-json\/wp\/v2\/types\/post"}],"author":[{"embeddable":true,"href":"https:\/\/tvbrazilusa.com\/pt\/wp-json\/wp\/v2\/users\/1"}],"replies":[{"embeddable":true,"href":"https:\/\/tvbrazilusa.com\/pt\/wp-json\/wp\/v2\/comments?post=67310"}],"version-history":[{"count":1,"href":"https:\/\/tvbrazilusa.com\/pt\/wp-json\/wp\/v2\/posts\/67310\/revisions"}],"predecessor-version":[{"id":67312,"href":"https:\/\/tvbrazilusa.com\/pt\/wp-json\/wp\/v2\/posts\/67310\/revisions\/67312"}],"wp:featuredmedia":[{"embeddable":true,"href":"https:\/\/tvbrazilusa.com\/pt\/wp-json\/wp\/v2\/media\/67311"}],"wp:attachment":[{"href":"https:\/\/tvbrazilusa.com\/pt\/wp-json\/wp\/v2\/media?parent=67310"}],"wp:term":[{"taxonomy":"category","embeddable":true,"href":"https:\/\/tvbrazilusa.com\/pt\/wp-json\/wp\/v2\/categories?post=67310"},{"taxonomy":"post_tag","embeddable":true,"href":"https:\/\/tvbrazilusa.com\/pt\/wp-json\/wp\/v2\/tags?post=67310"}],"curies":[{"name":"wp","href":"https:\/\/api.w.org\/{rel}","templated":true}]}}