{"id":67313,"date":"2024-11-28T10:40:28","date_gmt":"2024-11-28T10:40:28","guid":{"rendered":"https:\/\/tvbrazilusa.com\/2024\/11\/28\/eua-anunciam-sancoes-contra-21-lideres-venezuelanos-por-repressao-e-irregularidades-eleitorais\/"},"modified":"2024-11-28T10:40:29","modified_gmt":"2024-11-28T10:40:29","slug":"eua-anunciam-sancoes-contra-21-lideres-venezuelanos-por-repressao-e-irregularidades-eleitorais","status":"publish","type":"post","link":"https:\/\/tvbrazilusa.com\/pt\/2024\/11\/28\/eua-anunciam-sancoes-contra-21-lideres-venezuelanos-por-repressao-e-irregularidades-eleitorais\/","title":{"rendered":"EUA anunciam san\u00e7\u00f5es contra 21 l\u00edderes venezuelanos por repress\u00e3o e irregularidades eleitorais"},"content":{"rendered":"<p> <script async src=\"https:\/\/pagead2.googlesyndication.com\/pagead\/js\/adsbygoogle.js?client=ca-pub-8864793242727901\"\r\n     crossorigin=\"anonymous\"><\/script><br \/>\n<\/p>\n<div id=\"taboola-read-more\" style=\"display:block; width:100%\">\n<p>Os Estados Unidos aplicaram san\u00e7\u00f5es nesta quarta-feira (27) contra 21 autoridades da Venezuela sob as acusa\u00e7\u00f5es de repress\u00e3o e de tentar \u201croubar as elei\u00e7\u00f5es presidenciais\u201d de 28 de julho, nas quais foi proclamada a reelei\u00e7\u00e3o do ditador Nicol\u00e1s Maduro, um resultado questionado pela oposi\u00e7\u00e3o e grande parte da comunidade internacional.\n<\/p>\n<p>Esta nova rodada de san\u00e7\u00f5es chega depois de o governo de Joe Biden, que passar\u00e1 o bast\u00e3o ao republicano Donald Trump em 20 de janeiro, ter reconhecido o opositor Edmundo Gonz\u00e1lez Urrutia como presidente eleito da Venezuela.<\/p>\n<p>Na lista dos sancionados pelo Departamento de Tesouro americano est\u00e3o o ministro do Gabinete da Presid\u00eancia, An\u00edbal Coronado; o da Comunica\u00e7\u00e3o, Freddy \u00d1\u00e1\u00f1ez; e o dos Servi\u00e7os Penitenci\u00e1rios, Julio Garc\u00eda Zerpa.\n<\/p>\n<p>Tamb\u00e9m constam os nomes de oficiais superiores da Guarda Nacional Bolivariana, da Pol\u00edcia Nacional Bolivariana, do Servi\u00e7o Bolivariano de Intelig\u00eancia Nacional (Sebin) e da Dire\u00e7\u00e3o Geral de Contraintelig\u00eancia Militar (DGCIM), que s\u00e3o acusados de \u201creprimir violentamente as manifesta\u00e7\u00f5es pac\u00edficas\u201d ap\u00f3s as elei\u00e7\u00f5es.\n<\/p>\n<p>Entre eles, est\u00e3o Alexis Rodr\u00edguez Cabello, diretor do Sebin e primo do ministro do Interior, Justi\u00e7a e Paz, Diosdado Cabello, e tamb\u00e9m o chefe da DGCIM e da Guarda de Honra Presidencial, Javier Marcana Tabata.\n<\/p>\n<p>Segundo esta decis\u00e3o, todas as propriedades dos sancionados nos Estados Unidos est\u00e3o bloqueadas e est\u00e1 proibida a realiza\u00e7\u00e3o de transa\u00e7\u00f5es financeiras com essas pessoas.\n<\/p>\n<p>At\u00e9 esta quarta-feira, o Tesouro dos EUA j\u00e1 sancionou 150 venezuelanos e uma centena de entidades no pa\u00eds caribenho por empreenderem a\u00e7\u00f5es antidemocr\u00e1ticas.\n<\/p>\n<p>Nas elei\u00e7\u00f5es de 28 de julho, o Conselho Nacional Eleitoral (CNE) proclamou a reelei\u00e7\u00e3o de Nicol\u00e1s Maduro como presidente da Venezuela, mas o organismo nunca publicou as atas com os resultados desagregados.\n<\/p>\n<p>Por sua vez, a Plataforma Unit\u00e1ria Democr\u00e1tica (PUD), principal coliga\u00e7\u00e3o de oposi\u00e7\u00e3o no pa\u00eds, apresentou atas que comprovam a vit\u00f3ria do seu candidato, Gonz\u00e1lez, que desde setembro est\u00e1 exilado na Espanha e denuncia ser alvo de uma persegui\u00e7\u00e3o por parte das autoridades venezuelanas.\n<\/p>\n<p>Em entrevista \u00e0 Ag\u00eancia EFE na \u00faltima segunda-feira, Gonz\u00e1lez Urrutia confirmou a inten\u00e7\u00e3o de viajar a Caracas para tomar posse no dia 10 de janeiro e afirmou que est\u00e1 \u201cmoralmente preparado\u201d para sua eventual deten\u00e7\u00e3o na Venezuela.\n<\/p>\n<p>\u201cNicol\u00e1s Maduro e aqueles que o rodeiam nunca estiveram t\u00e3o isolados antes\u201d, disse um funcion\u00e1rio de alto escal\u00e3o dos EUA em uma conversa por telefone com rep\u00f3rteres nesta quarta-feira.\n<\/p>\n<p>Os Estados Unidos reconheceram Gonz\u00e1lez como vencedor das elei\u00e7\u00f5es devido \u00e0s \u201cevid\u00eancias contundentes\u201d da sua vit\u00f3ria, e em 19 de novembro o chamaram pela primeira vez de presidente eleito.\n<\/p>\n<p>O funcion\u00e1rio americano disse a este respeito que cabe a cada pa\u00eds tomar este tipo de decis\u00f5es, mas frisou que fazer este reconhecimento \u201caumenta a press\u00e3o\u201d sobre Maduro.\n<\/p>\n<p>Em 2019, o primeiro governo de Donald Trump liderou o reconhecimento internacional ao ent\u00e3o l\u00edder da oposi\u00e7\u00e3o venezuelana Juan Guaid\u00f3 como \u201cpresidente interino\u201d do pa\u00eds, embora o opositor nunca tenha chegado de fato ao poder.<\/p>\n<p>Fonte: Gazeta do Povo              <\/p>\n<\/div>\n<p><br \/>\n<br \/><a href=\"https:\/\/diariodobrasilnoticias.com.br\/noticia\/eua-anunciam-sancoes-contra-21-lideres-venezuelanos-por-repressao-e-irregularidades-eleitorais-67484461e2e08\">Source link <\/a><\/p>","protected":false},"excerpt":{"rendered":"<p>Os Estados Unidos aplicaram san\u00e7\u00f5es nesta quarta-feira (27) contra 21 autoridades da Venezuela sob as acusa\u00e7\u00f5es de repress\u00e3o e de tentar \u201croubar as elei\u00e7\u00f5es presidenciais\u201d de 28 de julho, nas&hellip;<\/p>","protected":false},"author":1,"featured_media":67314,"comment_status":"closed","ping_status":"open","sticky":false,"template":"","format":"standard","meta":{"content-type":"","footnotes":""},"categories":[16],"tags":[123,2448,5313,1267],"class_list":["post-67313","post","type-post","status-publish","format-standard","has-post-thumbnail","hentry","category-noticias","tag-brasil","tag-diario","tag-noticia","tag-noticias"],"_links":{"self":[{"href":"https:\/\/tvbrazilusa.com\/pt\/wp-json\/wp\/v2\/posts\/67313","targetHints":{"allow":["GET"]}}],"collection":[{"href":"https:\/\/tvbrazilusa.com\/pt\/wp-json\/wp\/v2\/posts"}],"about":[{"href":"https:\/\/tvbrazilusa.com\/pt\/wp-json\/wp\/v2\/types\/post"}],"author":[{"embeddable":true,"href":"https:\/\/tvbrazilusa.com\/pt\/wp-json\/wp\/v2\/users\/1"}],"replies":[{"embeddable":true,"href":"https:\/\/tvbrazilusa.com\/pt\/wp-json\/wp\/v2\/comments?post=67313"}],"version-history":[{"count":1,"href":"https:\/\/tvbrazilusa.com\/pt\/wp-json\/wp\/v2\/posts\/67313\/revisions"}],"predecessor-version":[{"id":67315,"href":"https:\/\/tvbrazilusa.com\/pt\/wp-json\/wp\/v2\/posts\/67313\/revisions\/67315"}],"wp:featuredmedia":[{"embeddable":true,"href":"https:\/\/tvbrazilusa.com\/pt\/wp-json\/wp\/v2\/media\/67314"}],"wp:attachment":[{"href":"https:\/\/tvbrazilusa.com\/pt\/wp-json\/wp\/v2\/media?parent=67313"}],"wp:term":[{"taxonomy":"category","embeddable":true,"href":"https:\/\/tvbrazilusa.com\/pt\/wp-json\/wp\/v2\/categories?post=67313"},{"taxonomy":"post_tag","embeddable":true,"href":"https:\/\/tvbrazilusa.com\/pt\/wp-json\/wp\/v2\/tags?post=67313"}],"curies":[{"name":"wp","href":"https:\/\/api.w.org\/{rel}","templated":true}]}}