{"id":67316,"date":"2024-11-28T10:52:55","date_gmt":"2024-11-28T10:52:55","guid":{"rendered":"https:\/\/tvbrazilusa.com\/2024\/11\/28\/radialista-destroi-tornozeleira-eletronica-e-ofende-moraes-veja-video\/"},"modified":"2024-11-28T10:52:57","modified_gmt":"2024-11-28T10:52:57","slug":"radialista-destroi-tornozeleira-eletronica-e-ofende-moraes-veja-video","status":"publish","type":"post","link":"https:\/\/tvbrazilusa.com\/pt\/2024\/11\/28\/radialista-destroi-tornozeleira-eletronica-e-ofende-moraes-veja-video\/","title":{"rendered":"Radialista destr\u00f3i tornozeleira eletr\u00f4nica e ofende Moraes; VEJA V\u00cdDEO"},"content":{"rendered":"<p> <script async src=\"https:\/\/pagead2.googlesyndication.com\/pagead\/js\/adsbygoogle.js?client=ca-pub-8864793242727901\"\r\n     crossorigin=\"anonymous\"><\/script><br \/>\n<\/p>\n<div id=\"taboola-read-more\" style=\"display:block; width:100%\">\n<p>O radialista Roque Saldanha (foto em destaque), que chegou a ser preso por suspeita de tentativa de golpe de Estado, usou as redes sociais para confrontar o ministro do Supremo Tribunal Federal (STF), Alexandre de Moraes. No v\u00eddeo, Saldanha mostra a tornozeleira quebrada, fala que Moraes \u201cn\u00e3o \u00e9 homem\u201d e ainda manda o ministro \u201cenfiar a tornozeleira no cu\u201d.\n<\/p>\n<p data-gtm-vis-recent-on-screen104869357_94=\"301\" data-gtm-vis-first-on-screen104869357_94=\"301\" data-gtm-vis-total-visible-time104869357_94=\"100\" data-gtm-vis-has-fired104869357_94=\"1\">Saldanha usava o monitoramento eletr\u00f4nico desde que foi liberado da pris\u00e3o, em 24 de janeiro de 2023. No v\u00eddeo, ele afirma que a tornozeleira estava \u201ccozinhando\u201d a perna dele. Saldanha diz que o ministro \u201csabia disso e todo dia ficava com essas palha\u00e7adas pedindo documento\u201d.<\/p>\n<p>\u201cTu deveria era criar vergonha na cara e aprender a virar homem, rapaz. [\u2026] O senhor \u00e9 safado. [\u2026] Estado de direito \u00e9 o cu do senhor. O senhor pega essa tornozeleira, abre seu cu e enfia dentro, rapaz\u201d, completou o radialista.\n<\/p>\n<p>\u00a0<\/p>\n<p><strong>Veja o v\u00eddeo de Saldanha afrontando Moraes:<\/strong>\n<\/p>\n<p>Em 24 de novembro, o Supremo identificou que, em v\u00e1rias datas, Saldanha violou as medidas cautelares impostas. Al\u00e9m de sair do per\u00edmetro delimitado pelo STF, o suspeito teria deixado a bateria da tornozeleira acabar.\n<\/p>\n<p>Por isso, Moraes pediu a pris\u00e3o preventiva de Saldanha. O pedido teria sido o estopim para o radialista gravar e publicar o referido v\u00eddeo.\n<\/p>\n<p><strong>Pris\u00e3o<\/strong><br \/>Saldanha foi preso em janeiro de 2023 acusado de articular atos criminosos. Nas redes sociais, de acordo com o processo, ele publicava convoca\u00e7\u00f5es e incentivos a \u201catos violentos e atentat\u00f3rios ao Estado Democr\u00e1tico\u201d e aos ministro do STF e do Tribunal Superior Eleitoral (TSE).\n<\/p>\n<p>Em 24 de janeiro, ele foi solto, mas com a tornozeleira eletr\u00f4nica. O caso dele tramita no STF.\n<\/p>\n<p>Fonte: Metr\u00f3poles              <\/p>\n<\/div>\n<p><br \/>\n<br \/><a href=\"https:\/\/diariodobrasilnoticias.com.br\/noticia\/radialista-destroi-tornozeleira-eletronica-e-ofende-moraes-veja-video-6748420a7253a\">Source link <\/a><\/p>","protected":false},"excerpt":{"rendered":"<p>O radialista Roque Saldanha (foto em destaque), que chegou a ser preso por suspeita de tentativa de golpe de Estado, usou as redes sociais para confrontar o ministro do Supremo&hellip;<\/p>","protected":false},"author":1,"featured_media":67317,"comment_status":"closed","ping_status":"open","sticky":false,"template":"","format":"standard","meta":{"content-type":"","footnotes":""},"categories":[16],"tags":[123,2448,5313,1267],"class_list":["post-67316","post","type-post","status-publish","format-standard","has-post-thumbnail","hentry","category-noticias","tag-brasil","tag-diario","tag-noticia","tag-noticias"],"_links":{"self":[{"href":"https:\/\/tvbrazilusa.com\/pt\/wp-json\/wp\/v2\/posts\/67316","targetHints":{"allow":["GET"]}}],"collection":[{"href":"https:\/\/tvbrazilusa.com\/pt\/wp-json\/wp\/v2\/posts"}],"about":[{"href":"https:\/\/tvbrazilusa.com\/pt\/wp-json\/wp\/v2\/types\/post"}],"author":[{"embeddable":true,"href":"https:\/\/tvbrazilusa.com\/pt\/wp-json\/wp\/v2\/users\/1"}],"replies":[{"embeddable":true,"href":"https:\/\/tvbrazilusa.com\/pt\/wp-json\/wp\/v2\/comments?post=67316"}],"version-history":[{"count":1,"href":"https:\/\/tvbrazilusa.com\/pt\/wp-json\/wp\/v2\/posts\/67316\/revisions"}],"predecessor-version":[{"id":67318,"href":"https:\/\/tvbrazilusa.com\/pt\/wp-json\/wp\/v2\/posts\/67316\/revisions\/67318"}],"wp:featuredmedia":[{"embeddable":true,"href":"https:\/\/tvbrazilusa.com\/pt\/wp-json\/wp\/v2\/media\/67317"}],"wp:attachment":[{"href":"https:\/\/tvbrazilusa.com\/pt\/wp-json\/wp\/v2\/media?parent=67316"}],"wp:term":[{"taxonomy":"category","embeddable":true,"href":"https:\/\/tvbrazilusa.com\/pt\/wp-json\/wp\/v2\/categories?post=67316"},{"taxonomy":"post_tag","embeddable":true,"href":"https:\/\/tvbrazilusa.com\/pt\/wp-json\/wp\/v2\/tags?post=67316"}],"curies":[{"name":"wp","href":"https:\/\/api.w.org\/{rel}","templated":true}]}}