{"id":67388,"date":"2024-11-28T13:42:21","date_gmt":"2024-11-28T13:42:21","guid":{"rendered":"https:\/\/tvbrazilusa.com\/2024\/11\/28\/com-o-anuncio-do-pacote-fiscal-do-governo-lula-o-dolar-dispara\/"},"modified":"2024-11-28T13:42:22","modified_gmt":"2024-11-28T13:42:22","slug":"com-o-anuncio-do-pacote-fiscal-do-governo-lula-o-dolar-dispara","status":"publish","type":"post","link":"https:\/\/tvbrazilusa.com\/pt\/2024\/11\/28\/com-o-anuncio-do-pacote-fiscal-do-governo-lula-o-dolar-dispara\/","title":{"rendered":"Com o an\u00fancio do pacote fiscal do governo Lula, o d\u00f3lar dispara"},"content":{"rendered":"<p> <script async src=\"https:\/\/pagead2.googlesyndication.com\/pagead\/js\/adsbygoogle.js?client=ca-pub-8864793242727901\"\r\n     crossorigin=\"anonymous\"><\/script><br \/>\n<\/p>\n<div id=\"taboola-read-more\" style=\"display:block; width:100%\">\n<p>O d\u00f3lar abriu em disparada nas primeiras negocia\u00e7\u00f5es desta quinta-feira, 28, e ultrapassou os R$ 5,97. O movimento acontece depois do an\u00fancio do pacote de medidas de conten\u00e7\u00e3o de gastos pelo governo de Luiz In\u00e1cio Lula da Silva (PT) nesta quarta-feira, 27, que veio acompanhando de um projeto de reforma do Imposto de Renda (IR).\n<\/p>\n<p>\u00c0s 9h06, o d\u00f3lar \u00e0 vista subia 1,11%, a R$ 5,979 na venda. Na bolsa de valores, o contrato de d\u00f3lar futuro de primeiro vencimento tinha alta de 0,26%, a R$ 5,975.<\/p>\n<p>Na quarta-feira, o d\u00f3lar \u00e0 vista fechou o dia com alta de 1,80%, aos R$ 5,9141. Esta foi a maior cota\u00e7\u00e3o nominal de fechamento desde que o real come\u00e7ou a circular, em julho de 1994.\n<\/p>\n<p>Mercado desaprova medidas de governo Lula e afeta d\u00f3lar<br \/>O mercado financeiro avalia os planos do governo Lula como insuficientes para estabilizar a d\u00edvida p\u00fablica do Brasil.\n<\/p>\n<p>Entre as propostas de Haddad est\u00e3o o reajuste no abono salarial e a limita\u00e7\u00e3o do crescimento das emendas parlamentares a 2,5% ao ano. Al\u00e9m disso, metade das emendas de comiss\u00f5es do Congresso ser\u00e1 destinada \u00e0 sa\u00fade p\u00fablica, o que dever\u00e1 refor\u00e7ar o Sistema \u00danico de Sa\u00fade (SUS).\n<\/p>\n<p>Houve tamb\u00e9m propostas de mudan\u00e7as na idade m\u00ednima para aposentadoria dos militares e restri\u00e7\u00f5es na transfer\u00eancia de pens\u00f5es. O governo estima que essas medidas gerem uma economia de R$ 70 bilh\u00f5es nos pr\u00f3ximos dois anos. Elas dependem, contudo, da aprova\u00e7\u00e3o do Congresso Nacional para vigorar.\n<\/p>\n<p>A principal cr\u00edtica do mercado \u00e9 que essas a\u00e7\u00f5es, embora corretas, n\u00e3o ter\u00e3o impacto significativo sobre a rela\u00e7\u00e3o entre d\u00edvida p\u00fablica e Produto Interno Bruto (PIB), que deve diminuir. Alexandre Andrade, da Institui\u00e7\u00e3o Fiscal Independente, disse \u00e0 CNN que as medidas do governo tentam ajustar despesas que superam o limite fiscal.\n<\/p>\n<p>\u201cElas buscam corrigir a trajet\u00f3ria de gastos que cresciam acima do arcabou\u00e7o\u201d, destaca Andrade.\n<\/p>\n<p>Economista-chefe da Austin Rating, Alex Agostini informou que ser\u00e3o necess\u00e1rios esfor\u00e7os adicionais. \u201cA meta n\u00e3o \u00e9 s\u00f3 ser cumprida; \u00e9 essencial reduzir a rela\u00e7\u00e3o d\u00edvida\/PIB\u201d, declarou ao canal. J\u00e1 a s\u00f3cia-diretora da Gibraltar Consulting, Zeina Latif, considera que incluir militares, emendas e abono salarial \u00e9 positivo, mas n\u00e3o assegura a sustentabilidade da d\u00edvida.\n<\/p>\n<p>Latif afirma que, diante do desafio fiscal e das expectativas deterioradas, seria preciso um pacote mais ambicioso. Ela sugere que novas medidas ser\u00e3o necess\u00e1rias no futuro para conter o crescimento da d\u00edvida.\n<\/p>\n<p>Fonte: Revista Oeste              <\/p>\n<\/div>\n<p><br \/>\n<br \/><a href=\"https:\/\/diariodobrasilnoticias.com.br\/noticia\/com-o-anuncio-do-pacote-fiscal-do-governo-lula-o-dolar-dispara-67486e82c5915\">Source link <\/a><\/p>","protected":false},"excerpt":{"rendered":"<p>O d\u00f3lar abriu em disparada nas primeiras negocia\u00e7\u00f5es desta quinta-feira, 28, e ultrapassou os R$ 5,97. O movimento acontece depois do an\u00fancio do pacote de medidas de conten\u00e7\u00e3o de gastos&hellip;<\/p>","protected":false},"author":1,"featured_media":67389,"comment_status":"closed","ping_status":"open","sticky":false,"template":"","format":"standard","meta":{"content-type":"","footnotes":""},"categories":[16],"tags":[123,2448,5313,1267],"class_list":["post-67388","post","type-post","status-publish","format-standard","has-post-thumbnail","hentry","category-noticias","tag-brasil","tag-diario","tag-noticia","tag-noticias"],"_links":{"self":[{"href":"https:\/\/tvbrazilusa.com\/pt\/wp-json\/wp\/v2\/posts\/67388","targetHints":{"allow":["GET"]}}],"collection":[{"href":"https:\/\/tvbrazilusa.com\/pt\/wp-json\/wp\/v2\/posts"}],"about":[{"href":"https:\/\/tvbrazilusa.com\/pt\/wp-json\/wp\/v2\/types\/post"}],"author":[{"embeddable":true,"href":"https:\/\/tvbrazilusa.com\/pt\/wp-json\/wp\/v2\/users\/1"}],"replies":[{"embeddable":true,"href":"https:\/\/tvbrazilusa.com\/pt\/wp-json\/wp\/v2\/comments?post=67388"}],"version-history":[{"count":1,"href":"https:\/\/tvbrazilusa.com\/pt\/wp-json\/wp\/v2\/posts\/67388\/revisions"}],"predecessor-version":[{"id":67390,"href":"https:\/\/tvbrazilusa.com\/pt\/wp-json\/wp\/v2\/posts\/67388\/revisions\/67390"}],"wp:featuredmedia":[{"embeddable":true,"href":"https:\/\/tvbrazilusa.com\/pt\/wp-json\/wp\/v2\/media\/67389"}],"wp:attachment":[{"href":"https:\/\/tvbrazilusa.com\/pt\/wp-json\/wp\/v2\/media?parent=67388"}],"wp:term":[{"taxonomy":"category","embeddable":true,"href":"https:\/\/tvbrazilusa.com\/pt\/wp-json\/wp\/v2\/categories?post=67388"},{"taxonomy":"post_tag","embeddable":true,"href":"https:\/\/tvbrazilusa.com\/pt\/wp-json\/wp\/v2\/tags?post=67388"}],"curies":[{"name":"wp","href":"https:\/\/api.w.org\/{rel}","templated":true}]}}