{"id":67394,"date":"2024-11-28T14:06:02","date_gmt":"2024-11-28T14:06:02","guid":{"rendered":"https:\/\/tvbrazilusa.com\/2024\/11\/28\/a-oposicao-venezuelana-solicita-que-o-governo-brasileiro-pressione-contra-o-cerco-a-embaixada-argentina\/"},"modified":"2024-11-28T14:06:03","modified_gmt":"2024-11-28T14:06:03","slug":"a-oposicao-venezuelana-solicita-que-o-governo-brasileiro-pressione-contra-o-cerco-a-embaixada-argentina","status":"publish","type":"post","link":"https:\/\/tvbrazilusa.com\/pt\/2024\/11\/28\/a-oposicao-venezuelana-solicita-que-o-governo-brasileiro-pressione-contra-o-cerco-a-embaixada-argentina\/","title":{"rendered":"A oposi\u00e7\u00e3o venezuelana solicita que o governo brasileiro &#8216;pressione&#8217; contra o cerco \u00e0 embaixada argentina"},"content":{"rendered":"<p> <script async src=\"https:\/\/pagead2.googlesyndication.com\/pagead\/js\/adsbygoogle.js?client=ca-pub-8864793242727901\"\r\n     crossorigin=\"anonymous\"><\/script><br \/>\n<\/p>\n<div id=\"taboola-read-more\" style=\"display:block; width:100%\">\n<p tabindex=\"0\">A principal alian\u00e7a opositora ao regime de Maduro na Venezuela, a Plataforma da Unidade Democr\u00e1tica (PUD), pediu nesta quarta-feira (26) &#8220;mais aten\u00e7\u00e3o e press\u00e3o&#8221; do governo brasileiro sobre o cerco \u00e0 embaixada argentina em Caracas, onde est\u00e3o asilados seis opositores.\n<\/p>\n<p tabindex=\"0\">&#8220;URGENTE! Exige-se mais aten\u00e7\u00e3o e press\u00e3o de Brasil e Argentina sobre a situa\u00e7\u00e3o de ass\u00e9dio na embaixada argentina! Ningu\u00e9m pode se calar!&#8221;, publicou a PUD no X.<\/p>\n<p tabindex=\"0\">A sede diplom\u00e1tica est\u00e1 sob prote\u00e7\u00e3o de funcion\u00e1rios brasileiros desde a ruptura de rela\u00e7\u00f5es entre o governo de Javier Milei, na Argentina, e a ditadura chavista, de Maduro, em agosto.\n<\/p>\n<p tabindex=\"0\">Membros do regime venezuelano voltaram a cercar a embaixada da Argentina no s\u00e1bado, onde seis colaboradores da l\u00edder opositora Mar\u00eda Corina Machado, incluindo sua chefe de campanha, Magalli Meda, est\u00e3o refugiados desde mar\u00e7o.\n<\/p>\n<p tabindex=\"0\">Um dos asilados, Pedro Urruchurtu, denunciou que as autoridades cortaram os servi\u00e7os de \u00e1gua e energia el\u00e9trica e impediram a entrada de um caminh\u00e3o de \u00e1gua pot\u00e1vel na sede diplom\u00e1tica argentina.\n<\/p>\n<p tabindex=\"0\">Os seis opositores se refugiaram na embaixada argentina depois que o Minist\u00e9rio P\u00fablico venezuelano os acusou de v\u00e1rios crimes, incluindo conspira\u00e7\u00e3o e trai\u00e7\u00e3o.\n<\/p>\n<p tabindex=\"0\">Ainda n\u00f3 s\u00e1bado, quando o cerco teve in\u00edcio, o Minist\u00e9rio das Rela\u00e7\u00f5es Exteriores da\u00a0<a href=\"https:\/\/12ft.io\/proxy?q=https%3A%2F%2Fwww.gazetadopovo.com.br%2Fmundo%2Fgoverno-milei-condena-cerco-embaixada-argentina-caracas-perturbacao-seguranca%2F%3Fref%3Dlink-interno-materia\" target=\"_parent\">Argentina condenou<\/a>\u00a0a a\u00e7\u00e3o do regime de Maduro em frente \u00e0 embaixada em Caracas.\n<\/p>\n<p tabindex=\"0\">\u201cA Rep\u00fablica Argentina condena os atos de ass\u00e9dio e intimida\u00e7\u00e3o contra pessoas asiladas na embaixada argentina em Caracas, atualmente sob prote\u00e7\u00e3o diplom\u00e1tica do Governo do Brasil\u201d, diz um comunicado da diplomacia.\n<\/p>\n<p tabindex=\"0\">O governo de Javier Milei classificou o &#8220;destacamento das for\u00e7as armadas de Maduro, o fechamento das ruas ao redor da Embaixada da Argentina em Caracas e outras manobras&#8221; como uma &#8220;perturba\u00e7\u00e3o da seguran\u00e7a que deve ser garantida \u00e0s sedes diplom\u00e1ticas nos termos da lei\u201d.\n<\/p>\n<p>\u00a0<\/p>\n<p>Fonte: Gazeta do Povo<\/p>\n<\/p><\/div>\n<p><br \/>\n<br \/><a href=\"https:\/\/diariodobrasilnoticias.com.br\/noticia\/a-oposicao-venezuelana-solicita-que-o-governo-brasileiro-pressione-contra-o-cerco-a-embaixada-argentina-67485c79c92dc\">Source link <\/a><\/p>","protected":false},"excerpt":{"rendered":"<p>A principal alian\u00e7a opositora ao regime de Maduro na Venezuela, a Plataforma da Unidade Democr\u00e1tica (PUD), pediu nesta quarta-feira (26) &#8220;mais aten\u00e7\u00e3o e press\u00e3o&#8221; do governo brasileiro sobre o cerco&hellip;<\/p>","protected":false},"author":1,"featured_media":67395,"comment_status":"closed","ping_status":"open","sticky":false,"template":"","format":"standard","meta":{"content-type":"","footnotes":""},"categories":[16],"tags":[123,2448,5313,1267],"class_list":["post-67394","post","type-post","status-publish","format-standard","has-post-thumbnail","hentry","category-noticias","tag-brasil","tag-diario","tag-noticia","tag-noticias"],"_links":{"self":[{"href":"https:\/\/tvbrazilusa.com\/pt\/wp-json\/wp\/v2\/posts\/67394","targetHints":{"allow":["GET"]}}],"collection":[{"href":"https:\/\/tvbrazilusa.com\/pt\/wp-json\/wp\/v2\/posts"}],"about":[{"href":"https:\/\/tvbrazilusa.com\/pt\/wp-json\/wp\/v2\/types\/post"}],"author":[{"embeddable":true,"href":"https:\/\/tvbrazilusa.com\/pt\/wp-json\/wp\/v2\/users\/1"}],"replies":[{"embeddable":true,"href":"https:\/\/tvbrazilusa.com\/pt\/wp-json\/wp\/v2\/comments?post=67394"}],"version-history":[{"count":1,"href":"https:\/\/tvbrazilusa.com\/pt\/wp-json\/wp\/v2\/posts\/67394\/revisions"}],"predecessor-version":[{"id":67396,"href":"https:\/\/tvbrazilusa.com\/pt\/wp-json\/wp\/v2\/posts\/67394\/revisions\/67396"}],"wp:featuredmedia":[{"embeddable":true,"href":"https:\/\/tvbrazilusa.com\/pt\/wp-json\/wp\/v2\/media\/67395"}],"wp:attachment":[{"href":"https:\/\/tvbrazilusa.com\/pt\/wp-json\/wp\/v2\/media?parent=67394"}],"wp:term":[{"taxonomy":"category","embeddable":true,"href":"https:\/\/tvbrazilusa.com\/pt\/wp-json\/wp\/v2\/categories?post=67394"},{"taxonomy":"post_tag","embeddable":true,"href":"https:\/\/tvbrazilusa.com\/pt\/wp-json\/wp\/v2\/tags?post=67394"}],"curies":[{"name":"wp","href":"https:\/\/api.w.org\/{rel}","templated":true}]}}