{"id":67397,"date":"2024-11-28T14:01:37","date_gmt":"2024-11-28T14:01:37","guid":{"rendered":"https:\/\/tvbrazilusa.com\/2024\/11\/28\/estrela-de-moana-2-explica-como-a-personagem-e-uma-princesa-heroina-dos-nossos-tempos-wsvn-7news-noticias-de-miami-clima-esportes-fort-lauderdale\/"},"modified":"2024-11-28T14:10:29","modified_gmt":"2024-11-28T14:10:29","slug":"estrela-de-moana-2-explica-como-a-personagem-e-uma-princesa-heroina-dos-nossos-tempos-wsvn-7news-noticias-de-miami-clima-esportes-fort-lauderdale","status":"publish","type":"post","link":"https:\/\/tvbrazilusa.com\/pt\/2024\/11\/28\/estrela-de-moana-2-explica-como-a-personagem-e-uma-princesa-heroina-dos-nossos-tempos-wsvn-7news-noticias-de-miami-clima-esportes-fort-lauderdale\/","title":{"rendered":"Estrela de \u2018Moana 2\u2019 explica como a personagem \u00e9 uma princesa hero\u00edna dos nossos tempos \u2013 WSVN 7News | Not\u00edcias de Miami, clima, esportes | Fort Lauderdale"},"content":{"rendered":"<p> <script async src=\"https:\/\/pagead2.googlesyndication.com\/pagead\/js\/adsbygoogle.js?client=ca-pub-8864793242727901\"\r\n     crossorigin=\"anonymous\"><\/script><br \/>\n<\/p>\n<div itemprop=\"articleBody\">\n<p>(CNN) \u2013 A personagem principal de \u201cMoana 2\u201d pode andar sobre as \u00e1guas e mover oceanos, mas ela \u00e9 uma princesa?<\/p>\n<p>Auli&#8217;i Cravalho, que d\u00e1 voz a Moana tanto no filme de anima\u00e7\u00e3o original de 2016 quanto na nova sequ\u00eancia, disse que ela \u00e9 mais do que isso.<\/p>\n<p>\u201cOs filmes s\u00e3o sempre representativos de sua \u00e9poca\u201d, disse Cravalho \u00e0 EW,<\/p>\n<p>\u201cNos dias de hoje, queremos ver uma jovem sendo a hero\u00edna de sua pr\u00f3pria hist\u00f3ria\u201d, disse ela. \u201cEnt\u00e3o, sim, ela \u00e9 uma princesa, mas tamb\u00e9m \u00e9 uma hero\u00edna. Gosto que essas duas palavras agora sejam intercambi\u00e1veis.\u201d<\/p>\n<p>Mas n\u00e3o espere que Moana se pare\u00e7a com uma t\u00edpica princesa da Disney.<\/p>\n<p>\u201cVoc\u00ea provavelmente n\u00e3o ver\u00e1 Moana de vestido de baile\u201d, disse Cravalho. \u201cE tudo bem.\u201d<\/p>\n<p>A atriz, hoje com 24 anos, tinha 14 quando foi escalada pela primeira vez para interpretar a personagem. A jornada de Moana no novo filme, disse Cravalho \u00e0 People, marca a primeira vez \u201cna hist\u00f3ria da Disney que uma princesa da Disney p\u00f4de envelhecer\u201d.<\/p>\n<p>\u201cMinha voz mudou desde quando interpretei ela, aos 15 anos, e agora a voz dela est\u00e1 um pouco diferente\u201d, disse ela. \u201cAs m\u00fasicas que estou cantando tamb\u00e9m mostram um lado diferente de mim mesmo.\u201d<\/p>\n<p>Cravalho coestrela com Dwayne Johnson, Temuera Morrison, Nicole Scherzinger, Rachel House e Alan Tudyk na sequ\u00eancia.<\/p>\n<p>\u201cMoana 2\u201d arrecadou US$ 13,8 milh\u00f5es em exibi\u00e7\u00f5es de pr\u00e9-estr\u00e9ia, de acordo com a Variety, tornando-se a maior pr\u00e9-estr\u00e9ia at\u00e9 o momento para a Disney Animation.<\/p>\n<p><em>The-CNN-Wire\u2122 e \u00a9 2024 Cable News Network, Inc., uma empresa da Time Warner. Todos os direitos reservados.<\/em><\/p>\n<div class=\"wp-block-newsletter\">\n\t<strong class=\"wp-block-newsletter__title\">Cadastre-se em nosso boletim informativo para receber as \u00faltimas not\u00edcias diretamente na sua caixa de entrada<\/strong><\/p>\n<\/div><\/div>\n<p><br \/>\n<br \/><a href=\"https:\/\/wsvn.com\/entertainment\/moana-2-star-explains-how-the-character-is-a-hero-princess-for-our-times\/\">Source link <\/a><\/p>","protected":false},"excerpt":{"rendered":"<p>(CNN) \u2013 A personagem principal de \u201cMoana 2\u201d pode andar sobre as \u00e1guas e mover oceanos, mas ela \u00e9 uma princesa? Auli&#8217;i Cravalho, que d\u00e1 voz a Moana tanto no&hellip;<\/p>","protected":false},"author":1,"featured_media":67398,"comment_status":"closed","ping_status":"open","sticky":false,"template":"","format":"standard","meta":{"content-type":"","footnotes":""},"categories":[1],"tags":[],"class_list":["post-67397","post","type-post","status-publish","format-standard","has-post-thumbnail","hentry","category-uncategorized"],"_links":{"self":[{"href":"https:\/\/tvbrazilusa.com\/pt\/wp-json\/wp\/v2\/posts\/67397","targetHints":{"allow":["GET"]}}],"collection":[{"href":"https:\/\/tvbrazilusa.com\/pt\/wp-json\/wp\/v2\/posts"}],"about":[{"href":"https:\/\/tvbrazilusa.com\/pt\/wp-json\/wp\/v2\/types\/post"}],"author":[{"embeddable":true,"href":"https:\/\/tvbrazilusa.com\/pt\/wp-json\/wp\/v2\/users\/1"}],"replies":[{"embeddable":true,"href":"https:\/\/tvbrazilusa.com\/pt\/wp-json\/wp\/v2\/comments?post=67397"}],"version-history":[{"count":1,"href":"https:\/\/tvbrazilusa.com\/pt\/wp-json\/wp\/v2\/posts\/67397\/revisions"}],"predecessor-version":[{"id":67399,"href":"https:\/\/tvbrazilusa.com\/pt\/wp-json\/wp\/v2\/posts\/67397\/revisions\/67399"}],"wp:featuredmedia":[{"embeddable":true,"href":"https:\/\/tvbrazilusa.com\/pt\/wp-json\/wp\/v2\/media\/67398"}],"wp:attachment":[{"href":"https:\/\/tvbrazilusa.com\/pt\/wp-json\/wp\/v2\/media?parent=67397"}],"wp:term":[{"taxonomy":"category","embeddable":true,"href":"https:\/\/tvbrazilusa.com\/pt\/wp-json\/wp\/v2\/categories?post=67397"},{"taxonomy":"post_tag","embeddable":true,"href":"https:\/\/tvbrazilusa.com\/pt\/wp-json\/wp\/v2\/tags?post=67397"}],"curies":[{"name":"wp","href":"https:\/\/api.w.org\/{rel}","templated":true}]}}