{"id":67400,"date":"2024-11-28T14:22:08","date_gmt":"2024-11-28T14:22:08","guid":{"rendered":"https:\/\/tvbrazilusa.com\/2024\/11\/28\/bolsonaro-afirma-que-considerou-o-estado-de-sitio-por-nao-conseguir-acionar-o-tse-devido-a-possiveis-inconsistencias\/"},"modified":"2024-11-28T14:22:11","modified_gmt":"2024-11-28T14:22:11","slug":"bolsonaro-afirma-que-considerou-o-estado-de-sitio-por-nao-conseguir-acionar-o-tse-devido-a-possiveis-inconsistencias","status":"publish","type":"post","link":"https:\/\/tvbrazilusa.com\/pt\/2024\/11\/28\/bolsonaro-afirma-que-considerou-o-estado-de-sitio-por-nao-conseguir-acionar-o-tse-devido-a-possiveis-inconsistencias\/","title":{"rendered":"Bolsonaro afirma que considerou o estado de s\u00edtio por n\u00e3o conseguir acionar o TSE devido a poss\u00edveis inconsist\u00eancias"},"content":{"rendered":"<p> <script async src=\"https:\/\/pagead2.googlesyndication.com\/pagead\/js\/adsbygoogle.js?client=ca-pub-8864793242727901\"\r\n     crossorigin=\"anonymous\"><\/script><br \/>\n<\/p>\n<div id=\"taboola-read-more\" style=\"display:block; width:100%\">\n<p>O ex-presidente Jair Bolsonaro (PL) reconhece que chegou a discutir com assessores medidas constitucionais como estado de s\u00edtio, de defesa, do artigo 142 que se alega dar \u00e0s For\u00e7as Armadas o \u201cpoder moderador\u201d, entre outras medidas, para apontar \u201cposs\u00edveis inconsist\u00eancias\u201d no processo eleitoral.\n<\/p>\n<p>De acordo com ele, n\u00e3o haveria problema nenhum em discutir estes artigos j\u00e1 que n\u00e3o teria conseguido esclarecer as d\u00favidas que tinha ao Tribunal Superior Eleitoral (TSE), ent\u00e3o presidido pelo ministro Alexandre de Moraes. Bolsonaro \u00e9 apontado como o mentor do plano para uma suposta tentativa de golpe de Estado ap\u00f3s ter perdido a elei\u00e7\u00e3o presidencial de 2022.<\/p>\n<p>\u201cO nosso foro para discutir esse assunto era o TSE. O Valdemar [Costa Neto, presidente do PL] deu uma procura\u00e7\u00e3o ao nosso advogado e ele peticionou o TSE apontando poss\u00edveis inconsist\u00eancias. Em poucas horas, o pedido foi indeferido com uma multa de R$ 22 milh\u00f5es. Se n\u00f3s volt\u00e1ssemos a recorrer, a multa podia passar para R$ 200 milh\u00f5es. Ou at\u00e9 cassar o registro do PL. Virou terra de ningu\u00e9m\u201d, disse o ex-presidente em entrevista ao UOL publicada nesta quinta (28).\n<\/p>\n<p>De acordo com ele, Moraes interferiu no processo eleitoral e o fez analisar medidas constitucionais para apurar as \u201cposs\u00edveis inconsist\u00eancias\u201d.\n<\/p>\n<p>\u201cOnde n\u00f3s podemos nos socorrer? Esque\u00e7a a legisla\u00e7\u00e3o eleitoral. Tem alguma maneira de, na Constitui\u00e7\u00e3o, voltar a discutir o processo eleitoral? Tem ou n\u00e3o tem? Teria, supostamente, nesses artigos que falam de s\u00edtio e defesa\u201d, pontuou.\n<\/p>\n<p>Ele emendou afirmando que \u201cisso foi conversado com v\u00e1rias pessoas e n\u00e3o foi uma discuss\u00e3o muito acalorada, porque rapidamente \u2013 olha, esquece, o certo \u00e9 peticionar o TSE. Mas a arbitrariedade se fazia presente na pessoa do presidente do TSE\u201d.\n<\/p>\n<p>Jair Bolsonaro ainda classificou a possibilidade de se dar um golpe de Estado como \u201cuma tremenda ignor\u00e2ncia\u201d e \u201cpetul\u00e2ncia\u201d.\n<\/p>\n<p>\u201cN\u00e3o estaria sofrendo bem das faculdades mentais. O que \u00e9 um golpe de Estado? O golpe de Estado n\u00e3o \u00e9 o que presidente quer. Ele tem que se articular com as For\u00e7as Armadas, com pol\u00edticos, classe empresarial, como fizeram em 1964. Ter recurso, tropa na rua\u201d, lembrou.\n<\/p>\n<p>Esta \u00e9 uma alega\u00e7\u00e3o frequente dele e de aliados para negar que houve uma tentativa de golpe em dezembro e no dia 8 de janeiro de 2023, em que manifestantes invadiram e depredaram as sedes dos Tr\u00eas Poderes, em Bras\u00edlia.\n<\/p>\n<p>Apesar de ser apontado como mentor de todo o plano, o ex-presidente disse desconhecer a possibilidade de execu\u00e7\u00e3o do ent\u00e3o presidente eleito Luiz In\u00e1cio Lula da Silva (PT), do vice Geraldo Alckmin (PSB) e do pr\u00f3prio Moraes. \u201cN\u00e3o tenho a menor ideia do que seja isso. Come\u00e7ou a colocar em pr\u00e1tica esse plano? Pelo que eu sei, n\u00e3o\u201d, pontuou lembrando que o magistrado sai de casa com seis agentes de seguran\u00e7a.\n<\/p>\n<p>\u201cIsso a\u00ed \u00e9 at\u00e9 bravata. \u00c9 papo de quem tem minhoca na cabe\u00e7a. Sequestrar, envenenar, matar. Matar o Alckmin? N\u00e3o d\u00e1. Pra qu\u00ea\u201d, questionou.\n<\/p>\n<p>Ainda de acordo com ele, outro ponto importante da investiga\u00e7\u00e3o da PF \u201c\u00e9 a chamada minuta do golpe\u201d. \u201cTem os depoimentos do comandante do Ex\u00e9rcito e do comandante da Marinha dizendo que o senhor apresenta a minuta e prop\u00f5e a eles que seja declarado estado de defesa ou estado de s\u00edtio para anular as elei\u00e7\u00f5es\u201d, emendou.\n<\/p>\n<p>Bolsonaro e mais 36 pessoas foram indiciadas por suspeita de elaborarem um plano que tentaria dar um golpe de Estado para evitar a posse de Lula em 2023. Al\u00e9m do ex-presidente, tamb\u00e9m s\u00e3o alvos o ent\u00e3o candidato a vice dele, general Walter Braga Netto; o ex-ministro general Augusto Heleno, que comandou o Gabinete de Seguran\u00e7a Institucional (GSI); o almirante Almir Garnier, ex-comandante da Marinha, entre outros militares de alta patente, ex-ministros e aliados.7<\/p>\n<p>Fonte: Gazeta do Povo              <\/p>\n<\/div>\n<p><br \/>\n<br \/><a href=\"https:\/\/diariodobrasilnoticias.com.br\/noticia\/bolsonaro-afirma-que-considerou-o-estado-de-sitio-por-nao-conseguir-acionar-o-tse-devido-a-possiveis-inconsistencias-6748779553a30\">Source link <\/a><\/p>","protected":false},"excerpt":{"rendered":"<p>O ex-presidente Jair Bolsonaro (PL) reconhece que chegou a discutir com assessores medidas constitucionais como estado de s\u00edtio, de defesa, do artigo 142 que se alega dar \u00e0s For\u00e7as Armadas&hellip;<\/p>","protected":false},"author":1,"featured_media":67401,"comment_status":"closed","ping_status":"open","sticky":false,"template":"","format":"standard","meta":{"content-type":"","footnotes":""},"categories":[16],"tags":[123,2448,5313,1267],"class_list":["post-67400","post","type-post","status-publish","format-standard","has-post-thumbnail","hentry","category-noticias","tag-brasil","tag-diario","tag-noticia","tag-noticias"],"_links":{"self":[{"href":"https:\/\/tvbrazilusa.com\/pt\/wp-json\/wp\/v2\/posts\/67400","targetHints":{"allow":["GET"]}}],"collection":[{"href":"https:\/\/tvbrazilusa.com\/pt\/wp-json\/wp\/v2\/posts"}],"about":[{"href":"https:\/\/tvbrazilusa.com\/pt\/wp-json\/wp\/v2\/types\/post"}],"author":[{"embeddable":true,"href":"https:\/\/tvbrazilusa.com\/pt\/wp-json\/wp\/v2\/users\/1"}],"replies":[{"embeddable":true,"href":"https:\/\/tvbrazilusa.com\/pt\/wp-json\/wp\/v2\/comments?post=67400"}],"version-history":[{"count":1,"href":"https:\/\/tvbrazilusa.com\/pt\/wp-json\/wp\/v2\/posts\/67400\/revisions"}],"predecessor-version":[{"id":67402,"href":"https:\/\/tvbrazilusa.com\/pt\/wp-json\/wp\/v2\/posts\/67400\/revisions\/67402"}],"wp:featuredmedia":[{"embeddable":true,"href":"https:\/\/tvbrazilusa.com\/pt\/wp-json\/wp\/v2\/media\/67401"}],"wp:attachment":[{"href":"https:\/\/tvbrazilusa.com\/pt\/wp-json\/wp\/v2\/media?parent=67400"}],"wp:term":[{"taxonomy":"category","embeddable":true,"href":"https:\/\/tvbrazilusa.com\/pt\/wp-json\/wp\/v2\/categories?post=67400"},{"taxonomy":"post_tag","embeddable":true,"href":"https:\/\/tvbrazilusa.com\/pt\/wp-json\/wp\/v2\/tags?post=67400"}],"curies":[{"name":"wp","href":"https:\/\/api.w.org\/{rel}","templated":true}]}}